{"id":42292,"date":"2026-04-28T08:56:03","date_gmt":"2026-04-28T11:56:03","guid":{"rendered":"https:\/\/ipatingafc.com.br\/index.php\/2026\/04\/28\/vila-na-espanha-oferece-casa-gratis-e-emprego-fixo-para-atrair-novos-moradores\/"},"modified":"2026-04-28T08:56:03","modified_gmt":"2026-04-28T11:56:03","slug":"vila-na-espanha-oferece-casa-gratis-e-emprego-fixo-para-atrair-novos-moradores","status":"publish","type":"post","link":"https:\/\/ipatingafc.com.br\/index.php\/2026\/04\/28\/vila-na-espanha-oferece-casa-gratis-e-emprego-fixo-para-atrair-novos-moradores\/","title":{"rendered":"Vila na Espanha oferece casa gr\u00e1tis e emprego fixo para atrair novos moradores"},"content":{"rendered":"<p><\/p>\n<p>Vila na Espanha oferece casa gr\u00e1tis e emprego fixo para atrair novos moradores<\/p>\n<div class=\"code-block code-block-12\" style=\"margin: 8px auto;text-align: center;display: block;clear: both\">\n SIGA NOSSO CANAL DO WHATSAPP AGORA<\/p>\n<div><\/div>\n<\/div>\n<div class=\"code-block code-block-1\" style=\"margin: 8px auto;text-align: center;display: block;clear: both\">\n<\/div>\n<p>Uma pequena comunidade no interior da Espanha virou assunto entre pessoas que sonham em recome\u00e7ar a vida fora das grandes cidades. A vila de Arenillas, localizada na prov\u00edncia de Soria, lan\u00e7ou uma iniciativa que oferece moradia gratuita e oportunidade de trabalho para fam\u00edlias dispostas a viver permanentemente no local.<\/p>\n<div class=\"code-block code-block-8\" style=\"margin: 8px 0;clear: both\">\n<\/div>\n<p>A proposta chama aten\u00e7\u00e3o principalmente de quem busca mais tranquilidade, menor custo de vida e a chance de morar na Europa com suporte inicial. Em tempos de aluguel alto e cidades cada vez mais caras, o projeto desperta curiosidade em brasileiros que pensam em mudan\u00e7a internacional.<\/p>\n<div class=\"code-block code-block-7\" style=\"margin: 8px 0;clear: both\">\n SIGA-NOS NO WHATSAPP COM MAIS NOTICIAS <\/p>\n<p>&lt;!&#8211; Composite Start<\/p>\n<div id=\"M377024ScriptRootC1105590\">\n<\/div>\n<p><!-- Composite End --> &#8211;&gt;<\/p>\n<\/div>\n<div class=\"code-block code-block-3\" style=\"margin: 8px 0;clear: both\">\n<\/div>\n<h2>Onde fica Arenillas e por que a vila busca moradores<\/h2>\n<div class=\"code-block code-block-5\" style=\"margin: 8px auto;text-align: center;display: block;clear: both\">\n<\/div>\n<p>Arenillas \u00e9 um pequeno povoado espanhol com cerca de 40 habitantes. Como acontece em v\u00e1rias regi\u00f5es rurais da Europa, o munic\u00edpio enfrenta o despovoamento: jovens deixam o interior em busca de oportunidades maiores, enquanto a popula\u00e7\u00e3o local envelhece.<\/p>\n<div class=\"code-block code-block-6\" style=\"margin: 8px 0;clear: both\">\n<!-- Composite Start --><\/p>\n<div id=\"M377024ScriptRootC1105590\"><\/div>\n<p><!-- Composite End -->\n<\/div>\n<p>Para evitar o desaparecimento da comunidade, a prefeitura passou a buscar novos residentes que realmente queiram se estabelecer por l\u00e1, trabalhar e participar da rotina local.<\/p>\n<div class=\"code-block code-block-2\" style=\"margin: 8px 0;clear: both\">\n<\/div>\n<p>A meta n\u00e3o \u00e9 apenas preencher casas vazias, mas manter a economia ativa, preservar servi\u00e7os essenciais e renovar a vida comunit\u00e1ria.<\/p>\n<h2>O que est\u00e1 sendo oferecido<\/h2>\n<p>O pacote apresentado pela vila inclui benef\u00edcios raros para quem deseja come\u00e7ar uma nova fase:<\/p>\n<div class=\"code-block code-block-4\" style=\"margin: 8px 0;clear: both\">\n<\/div>\n<ul>\n<li>Casa equipada sem custo de aluguel<\/li>\n<li>Emprego fixo na \u00e1rea de manuten\u00e7\u00e3o e obras p\u00fablicas<\/li>\n<li>Possibilidade de administrar o bar social da comunidade<\/li>\n<li>Ambiente tranquilo e contato pr\u00f3ximo com a natureza<\/li>\n<li>Estrutura pensada para fam\u00edlias<\/li>\n<\/ul>\n<p>A moradia gratuita \u00e9 um dos principais atrativos, especialmente para quem vive em grandes centros urbanos onde o aluguel compromete boa parte da renda mensal.<\/p>\n<h2>O papel do bar social na comunidade<\/h2>\n<p>Em vilarejos pequenos, o bar social vai al\u00e9m de um simples com\u00e9rcio. Ele funciona como ponto de encontro entre moradores, espa\u00e7o de conviv\u00eancia e centro da vida comunit\u00e1ria.<\/p>\n<p>Por isso, assumir esse local pode representar n\u00e3o apenas uma fonte de renda, mas tamb\u00e9m integra\u00e7\u00e3o r\u00e1pida \u00e0 comunidade local.<\/p>\n<h2>Quem pode ter mais chances<\/h2>\n<p>Segundo informa\u00e7\u00f5es divulgadas, a prefer\u00eancia tende a ser por fam\u00edlias interessadas em permanecer no local de forma definitiva. Casais com filhos em idade escolar tamb\u00e9m podem ser vistos como perfil ideal, j\u00e1 que isso ajuda a manter a din\u00e2mica social da regi\u00e3o.<\/p>\n<p>Entre os fatores importantes est\u00e3o:<\/p>\n<ul>\n<li>Disposi\u00e7\u00e3o para viver em \u00e1rea rural<\/li>\n<li>Interesse em permanecer por longo prazo<\/li>\n<li>Capacidade de adapta\u00e7\u00e3o cultural<\/li>\n<li>Documenta\u00e7\u00e3o legal para morar e trabalhar na Espanha<\/li>\n<li>Experi\u00eancia compat\u00edvel com a vaga oferecida<\/li>\n<\/ul>\n<h2>Vale a pena para brasileiros?<\/h2>\n<p>Para brasileiros, a oportunidade parece bastante atraente, mas exige planejamento. Mudar para outro pa\u00eds envolve custos extras, burocracia, adapta\u00e7\u00e3o ao idioma e mudan\u00e7a total de rotina.<\/p>\n<p>Mesmo com casa gratuita, ainda existem despesas como:<\/p>\n<ul>\n<li>Alimenta\u00e7\u00e3o<\/li>\n<li>Transporte<\/li>\n<li>Sa\u00fade<\/li>\n<li>Impostos<\/li>\n<li>Regulariza\u00e7\u00e3o migrat\u00f3ria<\/li>\n<\/ul>\n<p>Al\u00e9m disso, a vida em uma vila pequena \u00e9 muito diferente da rotina em capitais ou grandes cidades.<\/p>\n<h2>O que essa iniciativa mostra<\/h2>\n<p>O caso de Arenillas revela uma tend\u00eancia cada vez mais comum na Europa: pequenas cidades oferecendo incentivos para atrair moradores e combater o esvaziamento populacional.<\/p>\n<p>Para quem valoriza tranquilidade, seguran\u00e7a e uma vida mais simples, pode ser uma chance rara de recome\u00e7ar.<\/p>\n<p>J\u00e1 para quem depende de grande oferta de empregos, lazer intenso e estrutura urbana completa, a adapta\u00e7\u00e3o pode ser mais dif\u00edcil.<\/p>\n<h2>Tags<\/h2>\n<p>Espanha, morar na Europa, casa gr\u00e1tis, emprego na Espanha, vila espanhola, oportunidades internacionais, brasileiros no exterior, recome\u00e7ar a vida<\/p>\n<p><!-- CONTENT END 8 --><\/p>\n<p>O post Vila na Espanha oferece casa gr\u00e1tis e emprego fixo para atrair novos moradores apareceu primeiro em MRNews.<\/p>\n","protected":false},"excerpt":{"rendered":"<p>Vila na Espanha oferece casa gr\u00e1tis e emprego fixo para atrair novos moradores SIGA NOSSO&#8230;<\/p>\n","protected":false},"author":2,"featured_media":0,"comment_status":"","ping_status":"","sticky":false,"template":"","format":"standard","meta":{"footnotes":""},"categories":[2],"tags":[],"class_list":["post-42292","post","type-post","status-publish","format-standard","hentry","category-jogos-ao-vivo"],"amp_enabled":true,"_links":{"self":[{"href":"https:\/\/ipatingafc.com.br\/index.php\/wp-json\/wp\/v2\/posts\/42292","targetHints":{"allow":["GET"]}}],"collection":[{"href":"https:\/\/ipatingafc.com.br\/index.php\/wp-json\/wp\/v2\/posts"}],"about":[{"href":"https:\/\/ipatingafc.com.br\/index.php\/wp-json\/wp\/v2\/types\/post"}],"author":[{"embeddable":true,"href":"https:\/\/ipatingafc.com.br\/index.php\/wp-json\/wp\/v2\/users\/2"}],"replies":[{"embeddable":true,"href":"https:\/\/ipatingafc.com.br\/index.php\/wp-json\/wp\/v2\/comments?post=42292"}],"version-history":[{"count":0,"href":"https:\/\/ipatingafc.com.br\/index.php\/wp-json\/wp\/v2\/posts\/42292\/revisions"}],"wp:attachment":[{"href":"https:\/\/ipatingafc.com.br\/index.php\/wp-json\/wp\/v2\/media?parent=42292"}],"wp:term":[{"taxonomy":"category","embeddable":true,"href":"https:\/\/ipatingafc.com.br\/index.php\/wp-json\/wp\/v2\/categories?post=42292"},{"taxonomy":"post_tag","embeddable":true,"href":"https:\/\/ipatingafc.com.br\/index.php\/wp-json\/wp\/v2\/tags?post=42292"}],"curies":[{"name":"wp","href":"https:\/\/api.w.org\/{rel}","templated":true}]}}