{"id":42312,"date":"2026-04-28T16:28:28","date_gmt":"2026-04-28T19:28:28","guid":{"rendered":"https:\/\/ipatingafc.com.br\/index.php\/2026\/04\/28\/estudo-de-longo-prazo-na-amazonia-descarta-teoria-de-savanizacao\/"},"modified":"2026-04-28T16:28:28","modified_gmt":"2026-04-28T19:28:28","slug":"estudo-de-longo-prazo-na-amazonia-descarta-teoria-de-savanizacao","status":"publish","type":"post","link":"https:\/\/ipatingafc.com.br\/index.php\/2026\/04\/28\/estudo-de-longo-prazo-na-amazonia-descarta-teoria-de-savanizacao\/","title":{"rendered":"Estudo de longo prazo na Amaz\u00f4nia descarta teoria de savaniza\u00e7\u00e3o"},"content":{"rendered":"<p><\/p>\n<div wp_automatic_readability=\"101.189511323\">\n<p><strong>Um estudo realizado em Quer\u00eancia, no Mato Grosso, regi\u00e3o da Amaz\u00f4nia mais afetada pelo desmatamento nas \u00faltimas d\u00e9cadas, avaliou os impactos das secas e queimadas que atingem a floresta em regi\u00f5es pressionadas pela agricultura.<\/strong><\/p>\n<p><strong>Ap\u00f3s 22 anos de pesquisa, a tese de savaniza\u00e7\u00e3o \u2013 defendida por cientistas desde a d\u00e9cada de 90 \u2013 foi descartada. <\/strong>No lugar de uma poss\u00edvel substitui\u00e7\u00e3o das florestas por gram\u00edneas e arbustos (vegeta\u00e7\u00e3o t\u00edpica de savanas),\u00a0os cientistas observaram a retomada dos espa\u00e7os afetados pelo fogo e seca\u00a0pelas mesmas esp\u00e9cies florestais<\/p>\n<p>\u201cO que a gente est\u00e1 mostrando \u00e9 que a floresta recupera, que ela \u00e9 altamente resiliente e tem essa capacidade de voltar e de retornar aos espa\u00e7os altamente degradados\u201d, avalia Leandro Maracahipes, pesquisador da Universidade de Yale apoiado pelo Instituto Serrapilheira.<\/p>\n<p><strong>Elo mira mercado ultra premium e aumenta disputa com Visa e Mastercard no Brasil<\/strong><\/p>\n<p><strong>Lista de peixes e invertebrados amea\u00e7ados de extin\u00e7\u00e3o \u00e9 atualizada<\/strong><\/p>\n<p>O bi\u00f3logo explica que, apesar da boa not\u00edcia, h\u00e1 uma s\u00e9rie de condi\u00e7\u00f5es necess\u00e1rias para que, de fato, a floresta retome o seu espa\u00e7o. <strong>A principal \u00e9 a interrup\u00e7\u00e3o dos inc\u00eandios, mas tamb\u00e9m a necessidade de preservar as florestas por perto.<\/strong><\/p>\n<blockquote wp_automatic_readability=\"10\">\n<p>\u201c\u00c9 preciso que voc\u00ea tenha uma fonte de dispers\u00e3o pr\u00f3xima pra poder recuperar essa \u00e1rea. Porque tem que ter uma matriz de vegeta\u00e7\u00e3o nativa pr\u00f3xima, animais para poder dispersar essas sementes com o vento. Se n\u00e3o tiver, vai ser mais dif\u00edcil e mais lento\u201d, diz Macahipes.<\/p>\n<\/blockquote>\n<p><strong>O estudo come\u00e7ou em 2004, em uma \u00e1rea de 150 hectares, com um levantamento para documentar a vegeta\u00e7\u00e3o, os animais e insetos que habitavam o local originalmente. <\/strong><\/p>\n<p>Dividida em tr\u00eas espa\u00e7os de 50 hectares, duas fra\u00e7\u00f5es passaram por queimadas: uma delas a cada tr\u00eas anos, e a outra todos os anos at\u00e9 2010. A terceira fra\u00e7\u00e3o n\u00e3o foi atingida pelo fogo no per\u00edodo do estudo.<\/p>\n<p><strong>Revolut Ultra x Santander Unlimited: qual cart\u00e3o premium vale mais a pena em 2026?<\/strong><\/p>\n<p><strong>Edital para a\u00e7\u00f5es culturais cont\u00ednuas abre inscri\u00e7\u00f5es no Rio<\/strong><\/p>\n<h2>Empobrecimento<\/h2>\n<p>Desde ent\u00e3o, as \u00e1reas atingidas foram observadas e logo ap\u00f3s os inc\u00eandios, a primeira constata\u00e7\u00e3o foi de empobrecimento da biodiversidade no local. A riqueza de esp\u00e9cies caiu 20,3% nas \u00e1reas queimadas anualmente e 46,2% na fra\u00e7\u00e3o queimada a cada tr\u00eas anos.<\/p>\n<p>Em 2012, uma tempestade de vento afetou a \u00e1rea causando uma mortandade de 5% das \u00e1rvores no local. Inicialmente, os cientistas registraram uma \u00e1rea totalmente transformada pelos dist\u00farbios, mas com o passar do tempo a floresta se mostrou mais forte que as cicatrizes.<\/p>\n<p>\u201cCom o docel [cobertura formada pela copa das \u00e1rvores] aberto havia mais gram\u00ednea, principalmente na borda da floresta. Recentemente o docel fechou e hoje a gente tem 10% de gram\u00ednea na \u00e1rea. O ambiente parece muito mais um ambiente florestal. Com certeza, o interior recuperou muito mais r\u00e1pido do que a borda, e a composi\u00e7\u00e3o de esp\u00e9cies est\u00e1 retornando\u201d, diz o pesquisador.<\/p>\n<p>Apesar da recupera\u00e7\u00e3o ao longo do tempo, a floresta ainda n\u00e3o \u00e9 a mesma com uma margem inferior de esp\u00e9cies que varia de 31,3% a 50,8%, dependendo se foi mais ou menos atingida.<\/p>\n<h2>Vulnerabilidade<\/h2>\n<p>\u201cA floresta volta em uma nova condi\u00e7\u00e3o, n\u00e3o volta com todos aqueles servi\u00e7os que ela fornecia. Ela volta muito mais vulner\u00e1vel. As esp\u00e9cies que fazem parte dessa nova composi\u00e7\u00e3o, elas t\u00eam casca fina e densidade da madeira baixa e morrem muito mais facilmente\u201d, explica Maracahipes.<\/p>\n<p>Al\u00e9m da vulnerabilidade aos dist\u00farbios causados pelo homem, como o fogo, a floresta em regenera\u00e7\u00e3o tamb\u00e9m \u00e9 pressionada por secas cada vez mais extremas resultantes das mudan\u00e7as clim\u00e1ticas.<\/p>\n<p><strong>Embora as esp\u00e9cies florestais mantenham a capacidade de se hidratar durante o processo de regenera\u00e7\u00e3o, os cientistas consideram que \u00e9 preciso recuperar mais \u00e1reas degradadas para que o acesso \u00e0 \u00e1gua seja mantido.<\/strong><\/p>\n<blockquote wp_automatic_readability=\"10\">\n<p>\u201cEssa regi\u00e3o que era conhecida como Arco do Desmatamento, agora tem sido chama de Arco da Restaura\u00e7\u00e3o, que \u00e9 essa possibilidade de restaurar aproveitando a capacidade da floresta de se recuperar\u201d, conclui.<\/p>\n<\/blockquote>\n<p>\u00a0<\/p>\n<\/div>\n","protected":false},"excerpt":{"rendered":"<p>Um estudo realizado em Quer\u00eancia, no Mato Grosso, regi\u00e3o da Amaz\u00f4nia mais afetada pelo desmatamento&#8230;<\/p>\n","protected":false},"author":2,"featured_media":0,"comment_status":"","ping_status":"","sticky":false,"template":"","format":"standard","meta":{"footnotes":""},"categories":[2],"tags":[],"class_list":["post-42312","post","type-post","status-publish","format-standard","hentry","category-jogos-ao-vivo"],"amp_enabled":true,"_links":{"self":[{"href":"https:\/\/ipatingafc.com.br\/index.php\/wp-json\/wp\/v2\/posts\/42312","targetHints":{"allow":["GET"]}}],"collection":[{"href":"https:\/\/ipatingafc.com.br\/index.php\/wp-json\/wp\/v2\/posts"}],"about":[{"href":"https:\/\/ipatingafc.com.br\/index.php\/wp-json\/wp\/v2\/types\/post"}],"author":[{"embeddable":true,"href":"https:\/\/ipatingafc.com.br\/index.php\/wp-json\/wp\/v2\/users\/2"}],"replies":[{"embeddable":true,"href":"https:\/\/ipatingafc.com.br\/index.php\/wp-json\/wp\/v2\/comments?post=42312"}],"version-history":[{"count":0,"href":"https:\/\/ipatingafc.com.br\/index.php\/wp-json\/wp\/v2\/posts\/42312\/revisions"}],"wp:attachment":[{"href":"https:\/\/ipatingafc.com.br\/index.php\/wp-json\/wp\/v2\/media?parent=42312"}],"wp:term":[{"taxonomy":"category","embeddable":true,"href":"https:\/\/ipatingafc.com.br\/index.php\/wp-json\/wp\/v2\/categories?post=42312"},{"taxonomy":"post_tag","embeddable":true,"href":"https:\/\/ipatingafc.com.br\/index.php\/wp-json\/wp\/v2\/tags?post=42312"}],"curies":[{"name":"wp","href":"https:\/\/api.w.org\/{rel}","templated":true}]}}