{"id":42320,"date":"2026-04-28T19:21:54","date_gmt":"2026-04-28T22:21:54","guid":{"rendered":"https:\/\/ipatingafc.com.br\/index.php\/2026\/04\/28\/rio-inicia-atendimentos-com-consultorio-odontologico-portatil-prefeitura-da-cidade-do-rio-de-janeiro\/"},"modified":"2026-04-28T19:21:54","modified_gmt":"2026-04-28T22:21:54","slug":"rio-inicia-atendimentos-com-consultorio-odontologico-portatil-prefeitura-da-cidade-do-rio-de-janeiro","status":"publish","type":"post","link":"https:\/\/ipatingafc.com.br\/index.php\/2026\/04\/28\/rio-inicia-atendimentos-com-consultorio-odontologico-portatil-prefeitura-da-cidade-do-rio-de-janeiro\/","title":{"rendered":"Rio inicia atendimentos com consult\u00f3rio odontol\u00f3gico port\u00e1til &#8211; Prefeitura da Cidade do Rio de Janeiro"},"content":{"rendered":"<p><\/p>\n<div wp_automatic_readability=\"103.5625111947\">\n<div class=\"image-post\" wp_automatic_readability=\"34\">\n                     ispositivo atende pacientes idosos e acamados, al\u00e9m de permitir busca ativa de usu\u00e1rios &#8211; Divulga\u00e7\u00e3o\/SMS                  <\/div>\n<p>O Rio tem um novo servi\u00e7o de sa\u00fade m\u00f3vel: o Equipamento Odontol\u00f3gico Port\u00e1til (EOP). O dispositivo, uma unidade compacta similar a uma mala de rodinhas, permite que dentistas da rede de Aten\u00e7\u00e3o Prim\u00e1ria da Secretaria Municipal de Sa\u00fade (SMS) realizem atendimentos nas casas de pacientes com mobilidade reduzida, como pessoas idosas e\/ou acamadas. A estrutura tamb\u00e9m possibilita atendimentos em escolas, comunidades e abrigos, permitindo a busca ativa de usu\u00e1rios.<\/p>\n<p>Trata-se de um consult\u00f3rio m\u00f3vel composto por cadeira, ultrassom, motores de alta e baixa rota\u00e7\u00e3o, compressor de ar, sistema de \u00e1gua, sugador e mangueiras. Com o EOP, os profissionais podem realizar desde limpezas preventivas a interven\u00e7\u00f5es mais complexas, como restaura\u00e7\u00f5es e extra\u00e7\u00f5es. Ao todo, s\u00e3o 50 unidades distribu\u00eddas por todas as regi\u00f5es da cidade.<\/p>\n<blockquote wp_automatic_readability=\"12\">\n<p>\u2013 Com esse equipamento, n\u00f3s conseguimos reproduzir na casa do paciente um consult\u00f3rio com todos os recursos necess\u00e1rios para executar os mesmos procedimentos odontol\u00f3gicos que s\u00e3o oferecidos na cl\u00ednica da fam\u00edlia, mas que o usu\u00e1rio n\u00e3o conseguia acessar devido \u00e0 sua mobilidade reduzida. Estamos com isso garantindo o acesso ao cuidado de sa\u00fade bucal para pessoas acamadas, com alguma defici\u00eancia ou dificuldade de locomo\u00e7\u00e3o \u2013 diz o secret\u00e1rio municipal de Sa\u00fade, Rodrigo Prado.<\/p>\n<\/blockquote>\n<p>\u2013 Todos os procedimentos oferecidos na rede de Aten\u00e7\u00e3o Prim\u00e1ria agora tamb\u00e9m podem ser realizados em domic\u00edlio. Antes desse equipamento, isso era muito dif\u00edcil e a assist\u00eancia bucal que prest\u00e1vamos ao paciente em sua casa se limitava a cuidados de car\u00e1ter preventivo, educativo e cl\u00ednico b\u00e1sico. Com o EOP, aumentamos a assist\u00eancia e a resolutividade para as pessoas com mobilidade reduzida \u2013 completa a coordenadora de Sa\u00fade Bucal da SMS, Patr\u00edcia Heras.<\/p>\n<p><strong>Dignidade em casa<\/strong><\/p>\n<p>Alberto Vicente, de 67 anos, foi um dos primeiros pacientes contemplados pelo servi\u00e7o itinerante, e realizou uma extra\u00e7\u00e3o na sala de casa. Acamado, o aposentado depende dos cuidados do irm\u00e3o mais novo, Ronaldo Jos\u00e9 Vicente, de 62 anos, com quem mora na Ilha do Governador, na Zona Norte.<\/p>\n<p>\u2013 Ele n\u00e3o consegue mais andar, sequer fica em p\u00e9 sozinho, \u00e9 totalmente dependente de mim. A equipe de sa\u00fade bucal veio fazer o tratamento dent\u00e1rio dele aqui em casa e n\u00f3s s\u00f3 temos a agradecer pela facilidade \u2013 conta Ronaldo.<\/p>\n<p>Alberto j\u00e1 era acompanhado pela Cl\u00ednica da Fam\u00edlia Wilma Costa. Numa visita domiciliar, a equipe da unidade identificou a necessidade de encaminh\u00e1-lo a uma cirurgi\u00e3-dentista.<\/p>\n<p>\u2013 A dentista veio, fez uma avalia\u00e7\u00e3o e voltou para fazer a extra\u00e7\u00e3o do dente. Com a dificuldade que ele tem de se locomover, ela achou melhor oper\u00e1-la em casa. E deu tudo certo. Achei a iniciativa muito legal. Vai ajudar n\u00e3o somente o meu irm\u00e3o, como muitas outras pessoas \u2013 opina Ronaldo.<\/p>\n<p>Sheyla Freire, que integra a equipe de Sa\u00fade Bucal da SMS e acompanhou o procedimento, destaca o car\u00e1ter inovador do EOP.<\/p>\n<p>\u2013 Esse equipamento possibilita a realiza\u00e7\u00e3o dos atendimentos odontol\u00f3gicos mais complexos em resid\u00eancias, como foi na casa do seu Alberto. N\u00e3o s\u00f3 nas resid\u00eancias, mas em todo o territ\u00f3rio. \u00c9 uma novidade que amplia o acesso, em especial aos pacientes que vivem acamados. Estamos muito felizes com essa possibilidade que agora podemos ofertar em todo o munic\u00edpio do Rio \u2013 ressalta a dentista.<\/p>\n<p>As 477 equipes de sa\u00fade bucal do Rio s\u00e3o formadas por dentistas, t\u00e9cnicos e auxiliares de sa\u00fade e atuam junto \u00e0 Estrat\u00e9gia Sa\u00fade da Fam\u00edlia. Para saber qual unidade de Aten\u00e7\u00e3o Prim\u00e1ria mais pr\u00f3xima de sua resid\u00eancia, basta o cidad\u00e3o consultar o \u201cOnde ser Atendido\u201d (https:\/\/svs.rio.br\/epirio\/).<\/p>\n<p><strong>Agendamento pelo celular<\/strong><\/p>\n<p>Desde 2024, tamb\u00e9m \u00e9 poss\u00edvel marcar consulta com o dentista na rede municipal pelo celular. Al\u00e9m de oferecer o agendamento de consultas com m\u00e9dicos e enfermeiros e exames, o portal e aplicativo minhasaude.rio disponibiliza marca\u00e7\u00e3o de atendimento odontol\u00f3gico na Aten\u00e7\u00e3o Prim\u00e1ria ao alcance de um clique. Com as ferramentas, os usu\u00e1rios podem ainda acessar, consultar e visualizar uma s\u00e9rie de informa\u00e7\u00f5es sem sair de casa.<\/p>\n<p>Para marcar a consulta com o dentista pelo minhasaude.rio, basta acessar a plataforma pela vers\u00e3o web ou pelo aplicativo (dispon\u00edvel para Android e iOS), e fazer login com o n\u00famero de CPF e senha. No menu principal, basta clicar em \u201cagendamentos\u201d e, em seguida, na aba \u201cagendamento de consultas\u201d. Na sequ\u00eancia, selecionar o profissional com que deseja se consultar e, depois, a data e o hor\u00e1rio em que voc\u00ea deseja se consultar. A\u00ed, \u00e9 s\u00f3 confirmar o agendamento e pronto. Cada unidade reserva uma parcela de sua agenda para marca\u00e7\u00e3o exclusivamente pelo minhasaude.rio.<\/p>\n<p>             <!-- Compartilhe ---><\/p>\n<p>\t\t\t <!-- TAGS --><\/p>\n<section class=\"category-tags\">\n<div class=\"marcacao-category\">\n<article class=\"category-post\">\n<p>Categoria: <\/p>\n<\/article>\n<li>28 de abril de 2026<\/li><\/div>\n<article class=\"tags\">\n\t\t\t\t\tMarca\u00e7\u00f5es: atendimento Consult\u00f3rio odontol\u00f3gico Prefeitura do Rio sa\u00fade SMS<br \/><\/article>\n<\/section>\n<p>            <!-- Mais Not&iacute;cias --><\/p>\n<p>\t\t<!-- Conte&uacute;do SIDEBAR --><\/p><\/div>\n","protected":false},"excerpt":{"rendered":"<p>ispositivo atende pacientes idosos e acamados, al\u00e9m de permitir busca ativa de usu\u00e1rios &#8211; Divulga\u00e7\u00e3o\/SMS&#8230;<\/p>\n","protected":false},"author":2,"featured_media":0,"comment_status":"","ping_status":"","sticky":false,"template":"","format":"standard","meta":{"footnotes":""},"categories":[2],"tags":[],"class_list":["post-42320","post","type-post","status-publish","format-standard","hentry","category-jogos-ao-vivo"],"amp_enabled":true,"_links":{"self":[{"href":"https:\/\/ipatingafc.com.br\/index.php\/wp-json\/wp\/v2\/posts\/42320","targetHints":{"allow":["GET"]}}],"collection":[{"href":"https:\/\/ipatingafc.com.br\/index.php\/wp-json\/wp\/v2\/posts"}],"about":[{"href":"https:\/\/ipatingafc.com.br\/index.php\/wp-json\/wp\/v2\/types\/post"}],"author":[{"embeddable":true,"href":"https:\/\/ipatingafc.com.br\/index.php\/wp-json\/wp\/v2\/users\/2"}],"replies":[{"embeddable":true,"href":"https:\/\/ipatingafc.com.br\/index.php\/wp-json\/wp\/v2\/comments?post=42320"}],"version-history":[{"count":0,"href":"https:\/\/ipatingafc.com.br\/index.php\/wp-json\/wp\/v2\/posts\/42320\/revisions"}],"wp:attachment":[{"href":"https:\/\/ipatingafc.com.br\/index.php\/wp-json\/wp\/v2\/media?parent=42320"}],"wp:term":[{"taxonomy":"category","embeddable":true,"href":"https:\/\/ipatingafc.com.br\/index.php\/wp-json\/wp\/v2\/categories?post=42320"},{"taxonomy":"post_tag","embeddable":true,"href":"https:\/\/ipatingafc.com.br\/index.php\/wp-json\/wp\/v2\/tags?post=42320"}],"curies":[{"name":"wp","href":"https:\/\/api.w.org\/{rel}","templated":true}]}}