{"id":42321,"date":"2026-04-28T19:53:12","date_gmt":"2026-04-28T22:53:12","guid":{"rendered":"https:\/\/ipatingafc.com.br\/index.php\/2026\/04\/28\/pf-prende-suspeito-de-distribuir-imagens-de-abuso-sexual-infantil\/"},"modified":"2026-04-28T19:53:12","modified_gmt":"2026-04-28T22:53:12","slug":"pf-prende-suspeito-de-distribuir-imagens-de-abuso-sexual-infantil","status":"publish","type":"post","link":"https:\/\/ipatingafc.com.br\/index.php\/2026\/04\/28\/pf-prende-suspeito-de-distribuir-imagens-de-abuso-sexual-infantil\/","title":{"rendered":"PF prende suspeito de distribuir imagens de abuso sexual infantil"},"content":{"rendered":"<p><\/p>\n<div wp_automatic_readability=\"35.53280839895\">\n<p>Agentes da Pol\u00edcia Federal prenderam nesta ter\u00e7a-feira (28), em Concei\u00e7\u00e3o da Barra, no Esp\u00edrito Santo, um homem suspeito\u00a0de aliciar crian\u00e7as para adquirir, armazenar e compartilhar imagens de abuso sexual infantojuvenil.<\/p>\n<p>O suspeito foi detido pela Opera\u00e7\u00e3o Anjo Mal, em que agentes\u00a0da Delegacia de Pol\u00edcia Federal em S\u00e3o Matheus cumpriram um mandado de pris\u00e3o preventiva e um de busca e apreens\u00e3o em endere\u00e7o ligado ao investigado.<\/p>\n<p><strong>Segundo a PF, este mesmo homem j\u00e1 era investigado pela Pol\u00edcia Civil do Estado do Rio de Janeiro pela pr\u00e1tica de estupro de vulner\u00e1vel.<\/strong><\/p>\n<p><strong>Senado aprova cadastro de condenados por viol\u00eancia contra mulher<\/strong><\/p>\n<p><strong>Comiss\u00e3o Especial da PEC da redu\u00e7\u00e3o da jornada ser\u00e1 instalada amanh\u00e3<\/strong><\/p>\n<p>Nas buscas, foram apreendidos dois celulares e um pendrive, que ser\u00e3o submetidos \u00e0 per\u00edcia t\u00e9cnica criminal. No endere\u00e7o, ainda havia roupas infantis, que, de acordo com\u00a0a PF,\u00a0ajudam a corroborar as suspeitas de abuso.<\/p>\n<p>O preso foi encaminhado \u00e0 Delegacia da PF em S\u00e3o Matheus, onde foi autuado em flagrante e, em seguida, encaminhado ao sistema prisional capixaba.<\/p>\n<\/div>\n","protected":false},"excerpt":{"rendered":"<p>Agentes da Pol\u00edcia Federal prenderam nesta ter\u00e7a-feira (28), em Concei\u00e7\u00e3o da Barra, no Esp\u00edrito Santo,&#8230;<\/p>\n","protected":false},"author":2,"featured_media":0,"comment_status":"","ping_status":"","sticky":false,"template":"","format":"standard","meta":{"footnotes":""},"categories":[2],"tags":[],"class_list":["post-42321","post","type-post","status-publish","format-standard","hentry","category-jogos-ao-vivo"],"amp_enabled":true,"_links":{"self":[{"href":"https:\/\/ipatingafc.com.br\/index.php\/wp-json\/wp\/v2\/posts\/42321","targetHints":{"allow":["GET"]}}],"collection":[{"href":"https:\/\/ipatingafc.com.br\/index.php\/wp-json\/wp\/v2\/posts"}],"about":[{"href":"https:\/\/ipatingafc.com.br\/index.php\/wp-json\/wp\/v2\/types\/post"}],"author":[{"embeddable":true,"href":"https:\/\/ipatingafc.com.br\/index.php\/wp-json\/wp\/v2\/users\/2"}],"replies":[{"embeddable":true,"href":"https:\/\/ipatingafc.com.br\/index.php\/wp-json\/wp\/v2\/comments?post=42321"}],"version-history":[{"count":0,"href":"https:\/\/ipatingafc.com.br\/index.php\/wp-json\/wp\/v2\/posts\/42321\/revisions"}],"wp:attachment":[{"href":"https:\/\/ipatingafc.com.br\/index.php\/wp-json\/wp\/v2\/media?parent=42321"}],"wp:term":[{"taxonomy":"category","embeddable":true,"href":"https:\/\/ipatingafc.com.br\/index.php\/wp-json\/wp\/v2\/categories?post=42321"},{"taxonomy":"post_tag","embeddable":true,"href":"https:\/\/ipatingafc.com.br\/index.php\/wp-json\/wp\/v2\/tags?post=42321"}],"curies":[{"name":"wp","href":"https:\/\/api.w.org\/{rel}","templated":true}]}}