{"id":42328,"date":"2026-04-28T22:30:54","date_gmt":"2026-04-29T01:30:54","guid":{"rendered":"https:\/\/ipatingafc.com.br\/index.php\/2026\/04\/28\/agencia-minas-gerais-ipsemg-disponibiliza-vacina-contra-virus-sincicial-respiratorio-para-gestantes-2\/"},"modified":"2026-04-28T22:30:54","modified_gmt":"2026-04-29T01:30:54","slug":"agencia-minas-gerais-ipsemg-disponibiliza-vacina-contra-virus-sincicial-respiratorio-para-gestantes-2","status":"publish","type":"post","link":"https:\/\/ipatingafc.com.br\/index.php\/2026\/04\/28\/agencia-minas-gerais-ipsemg-disponibiliza-vacina-contra-virus-sincicial-respiratorio-para-gestantes-2\/","title":{"rendered":"Ag\u00eancia Minas Gerais | Ipsemg disponibiliza vacina contra V\u00edrus Sincicial Respirat\u00f3rio para gestantes\u00a0"},"content":{"rendered":"<p><\/p>\n<div>\n<p>As benefici\u00e1rias gestantes do Instituto de Previd\u00eancia dos Servidores de Minas Gerais (Ipsemg) podem se vacinar contra o V\u00edrus Sincicial Respirat\u00f3rio (VSR), causador da bronquiolite em beb\u00eas menores de 2 anos.<\/p>\n<p>A vacina \u00e9 aplicada em dose \u00fanica, a partir da 28\u00aa semana de gesta\u00e7\u00e3o, e est\u00e1 dispon\u00edvel na Sala de Vacina\u00e7\u00e3o do Centro de Especialidades M\u00e9dicas (CEM), em Belo Horizonte, sem que seja necess\u00e1rio agendar o servi\u00e7o.\u00a0<\/p>\n<p>O VSR causa infec\u00e7\u00f5es respirat\u00f3rias em pessoas de todas as idades e \u00e9 altamente contagioso. Mais agressivo em crian\u00e7as menores de 2 anos, o v\u00edrus \u00e9 a principal causa da Bronquiolite Viral Aguda (inflama\u00e7\u00e3o das pequenas vias a\u00e9reas dos pulm\u00f5es) em beb\u00eas.\u00a0<\/p>\n<p><strong>Imunizante<\/strong><\/p>\n<figure class=\"image\" style=\"float:right\">&#13;<br \/>\n&#13;<figcaption><sub><em>Centro de Especialidades M\u00e9dicas (CEM) do Ipsemg, em Belo Horizonte (Cr\u00e9dito: Karoline Barreto \/ Imprensa MG)<\/em><\/sub><\/figcaption>&#13;<br \/>\n<\/figure>\n<p>&#13;<br \/>\nAp\u00f3s a vacina\u00e7\u00e3o, a gestante produz anticorpos que chegam at\u00e9 o beb\u00ea por meio da placenta, o que garante a prote\u00e7\u00e3o passiva ao rec\u00e9m-nascido. A imuniza\u00e7\u00e3o das gestantes reduz o risco de manifesta\u00e7\u00e3o grave da doen\u00e7a e de interna\u00e7\u00f5es hospitalares por VSR nos primeiros seis meses de vida.\u00a0<\/p>\n<p>Para garantir a aplica\u00e7\u00e3o do imunizante, a gestante deve apresentar o cart\u00e3o de benefici\u00e1ria do Ipsemg, documento de identifica\u00e7\u00e3o, com foto e CPF, e a Carteira Nacional de Vacina\u00e7\u00e3o.<\/p>\n<p>O CEM fica na Rua Domingos Vieira, 488 \u2013 Santa Efig\u00eania, em Belo Horizonte. A sala de vacina\u00e7\u00e3o fica na Ala B, no 2\u00ba andar, e funciona de segunda a sexta-feira, de 7h30 \u00e0s 12h30 e de 13h \u00e0s 18h.<\/p>\n<\/p><\/div>\n","protected":false},"excerpt":{"rendered":"<p>As benefici\u00e1rias gestantes do Instituto de Previd\u00eancia dos Servidores de Minas Gerais (Ipsemg) podem se&#8230;<\/p>\n","protected":false},"author":2,"featured_media":0,"comment_status":"","ping_status":"","sticky":false,"template":"","format":"standard","meta":{"footnotes":""},"categories":[2],"tags":[],"class_list":["post-42328","post","type-post","status-publish","format-standard","hentry","category-jogos-ao-vivo"],"amp_enabled":true,"_links":{"self":[{"href":"https:\/\/ipatingafc.com.br\/index.php\/wp-json\/wp\/v2\/posts\/42328","targetHints":{"allow":["GET"]}}],"collection":[{"href":"https:\/\/ipatingafc.com.br\/index.php\/wp-json\/wp\/v2\/posts"}],"about":[{"href":"https:\/\/ipatingafc.com.br\/index.php\/wp-json\/wp\/v2\/types\/post"}],"author":[{"embeddable":true,"href":"https:\/\/ipatingafc.com.br\/index.php\/wp-json\/wp\/v2\/users\/2"}],"replies":[{"embeddable":true,"href":"https:\/\/ipatingafc.com.br\/index.php\/wp-json\/wp\/v2\/comments?post=42328"}],"version-history":[{"count":0,"href":"https:\/\/ipatingafc.com.br\/index.php\/wp-json\/wp\/v2\/posts\/42328\/revisions"}],"wp:attachment":[{"href":"https:\/\/ipatingafc.com.br\/index.php\/wp-json\/wp\/v2\/media?parent=42328"}],"wp:term":[{"taxonomy":"category","embeddable":true,"href":"https:\/\/ipatingafc.com.br\/index.php\/wp-json\/wp\/v2\/categories?post=42328"},{"taxonomy":"post_tag","embeddable":true,"href":"https:\/\/ipatingafc.com.br\/index.php\/wp-json\/wp\/v2\/tags?post=42328"}],"curies":[{"name":"wp","href":"https:\/\/api.w.org\/{rel}","templated":true}]}}