{"id":42352,"date":"2026-04-29T07:10:25","date_gmt":"2026-04-29T10:10:25","guid":{"rendered":"https:\/\/ipatingafc.com.br\/index.php\/2026\/04\/29\/guardas-municipais-detem-motociclista-que-invadiu-area-de-ciclismo-do-aterro-do-flamengo-prefeitura-da-cidade-do-rio-de-janeiro\/"},"modified":"2026-04-29T07:10:25","modified_gmt":"2026-04-29T10:10:25","slug":"guardas-municipais-detem-motociclista-que-invadiu-area-de-ciclismo-do-aterro-do-flamengo-prefeitura-da-cidade-do-rio-de-janeiro","status":"publish","type":"post","link":"https:\/\/ipatingafc.com.br\/index.php\/2026\/04\/29\/guardas-municipais-detem-motociclista-que-invadiu-area-de-ciclismo-do-aterro-do-flamengo-prefeitura-da-cidade-do-rio-de-janeiro\/","title":{"rendered":"Guardas municipais det\u00e9m motociclista que invadiu \u00e1rea de ciclismo do Aterro do Flamengo &#8211; Prefeitura da Cidade do Rio de Janeiro"},"content":{"rendered":"<p><\/p>\n<div id=\"main\">\n<div class=\"wrapper-breadcrumbs\" wp_automatic_readability=\"18.553990610329\">\n<p>Guardas municipais do Grupamento Especial de Tr\u00e2nsito do Centro e Zona Sul (GET-Centro\/Sul) detiveram em flagrante, na manh\u00e3 desta ter\u00e7a-feira (28\/04), uma motociclista que invadiu a \u00c1rea de Prote\u00e7\u00e3o ao Ciclismo de Competi\u00e7\u00e3o (APCC) do Aterro do Flamengo, na Zona Sul.<\/p>\n<p>A pista fica interditada ao tr\u00e1fego de ve\u00edculos para o treinamento das bicicletas, \u00e0s ter\u00e7as e quintas-feiras, de 4h a 5h30. Os guardas foram acionados por um dos ciclistas que denunciou sobre a motociclista. Ela estava com outra mulher na garupa da moto. As duas mulheres transpuseram o bloqueio vi\u00e1rio, n\u00e3o possuem habilita\u00e7\u00e3o e ainda havia ind\u00edcios de terem ingerido bebida alco\u00f3lica.<\/p>\n<p>Ap\u00f3s o flagrante, elas foram conduzidas para a 9a DP (Catete), onde a ocorr\u00eancia est\u00e1 sendo registrada neste momento. Este \u00e9 o terceiro caso do tipo que aconteceu este ano. O \u00faltimo flagrante aconteceu no dia 14 de abril.<\/p>\n<p>             <!-- Compartilhe ---><\/p>\n<p>\t\t\t <!-- TAGS --><\/p>\n<section class=\"category-tags\">\n<div class=\"marcacao-category\">\n<article class=\"category-post\">\n<p>Categoria: <\/p>\n<\/article>\n<li>28 de abril de 2026<\/li><\/div>\n<article class=\"tags\">\n\t\t\t\t\t\t\t\t\t<\/article>\n<\/section>\n<p>            <!-- Mais Not&iacute;cias --><\/p>\n<p>\t\t<!-- Conte&uacute;do SIDEBAR --><\/p><\/div>\n<\/p><\/div>\n","protected":false},"excerpt":{"rendered":"<p>Guardas municipais do Grupamento Especial de Tr\u00e2nsito do Centro e Zona Sul (GET-Centro\/Sul) detiveram em&#8230;<\/p>\n","protected":false},"author":2,"featured_media":0,"comment_status":"","ping_status":"","sticky":false,"template":"","format":"standard","meta":{"footnotes":""},"categories":[2],"tags":[],"class_list":["post-42352","post","type-post","status-publish","format-standard","hentry","category-jogos-ao-vivo"],"amp_enabled":true,"_links":{"self":[{"href":"https:\/\/ipatingafc.com.br\/index.php\/wp-json\/wp\/v2\/posts\/42352","targetHints":{"allow":["GET"]}}],"collection":[{"href":"https:\/\/ipatingafc.com.br\/index.php\/wp-json\/wp\/v2\/posts"}],"about":[{"href":"https:\/\/ipatingafc.com.br\/index.php\/wp-json\/wp\/v2\/types\/post"}],"author":[{"embeddable":true,"href":"https:\/\/ipatingafc.com.br\/index.php\/wp-json\/wp\/v2\/users\/2"}],"replies":[{"embeddable":true,"href":"https:\/\/ipatingafc.com.br\/index.php\/wp-json\/wp\/v2\/comments?post=42352"}],"version-history":[{"count":0,"href":"https:\/\/ipatingafc.com.br\/index.php\/wp-json\/wp\/v2\/posts\/42352\/revisions"}],"wp:attachment":[{"href":"https:\/\/ipatingafc.com.br\/index.php\/wp-json\/wp\/v2\/media?parent=42352"}],"wp:term":[{"taxonomy":"category","embeddable":true,"href":"https:\/\/ipatingafc.com.br\/index.php\/wp-json\/wp\/v2\/categories?post=42352"},{"taxonomy":"post_tag","embeddable":true,"href":"https:\/\/ipatingafc.com.br\/index.php\/wp-json\/wp\/v2\/tags?post=42352"}],"curies":[{"name":"wp","href":"https:\/\/api.w.org\/{rel}","templated":true}]}}