{"id":42353,"date":"2026-04-29T07:30:54","date_gmt":"2026-04-29T10:30:54","guid":{"rendered":"https:\/\/ipatingafc.com.br\/index.php\/2026\/04\/29\/brasil-reduz-em-42-perdas-florestais-em-2025-aponta-estudo\/"},"modified":"2026-04-29T07:30:54","modified_gmt":"2026-04-29T10:30:54","slug":"brasil-reduz-em-42-perdas-florestais-em-2025-aponta-estudo","status":"publish","type":"post","link":"https:\/\/ipatingafc.com.br\/index.php\/2026\/04\/29\/brasil-reduz-em-42-perdas-florestais-em-2025-aponta-estudo\/","title":{"rendered":"Brasil reduz em 42% perdas florestais em 2025, aponta estudo"},"content":{"rendered":"<p><\/p>\n<div wp_automatic_readability=\"140.98293155024\">\n<p><strong>O Brasil perdeu 1,6 milh\u00e3o de hectares de cobertura arb\u00f3rea em floresta tropical \u00famida em 2025, aponta balan\u00e7o do Global Forest Watch<\/strong>, divulgado\u00a0nesta quarta-feira (29)\u00a0pela organiza\u00e7\u00e3o ambiental sem fins lucrativos World Resources Institute (WRI).<\/p>\n<p><strong>O n\u00famero representa uma redu\u00e7\u00e3o de 42% das perdas em rela\u00e7\u00e3o ao ano de 2024,<\/strong> sendo observado maior impacto nas derrubadas sem o uso do fogo.\u00a0As perdas n\u00e3o relacionadas a inc\u00eandios resultam de desmatamento, corte raso e morte natural, entre outros fatores.<\/p>\n<blockquote wp_automatic_readability=\"7.7740384615385\">\n<p>\u201cO Brasil diminuiu as perdas n\u00e3o relacionadas a inc\u00eandios em 41%, comparadas a 2024, e atingiu o n\u00edvel mais baixo desde que come\u00e7ou a ser registrado [em 2001]\u201d, afirma a\u00a0codiretora do Global Forest Watch Elizabeth Goldman.<\/p>\n<p><strong>\u2018Descanse em paz\u2019; despedida publicada por Alberto Cowboy emociona seguidores nas redes sociais<\/strong><\/p>\n<p><strong>\u00daltimo dia! Cart\u00e3o GOL Smiles oferece at\u00e9 100 mil milhas b\u00f4nus para novos clientes<\/strong><\/p>\n<\/blockquote>\n<p>\u00a0<\/p>\n<div class=\"dnd-widget-wrapper context-cheio_8colunas type-image\" wp_automatic_readability=\"6\">\n<div class=\"dnd-caption-wrapper\" wp_automatic_readability=\"7\">\n<p>Total de perdas florestais no Brasil \u2013 <strong>Foto: Arte\/EBC<\/strong><!--END copyright=460867--><\/p>\n<\/div>\n<\/div>\n<p><strong>Entre os estados que mais observaram diminui\u00e7\u00e3o das perdas est\u00e3o o Amazonas, Mato Grosso, Mato Grosso do Sul, Acre e Roraima, que juntos representam mais de 40% da redu\u00e7\u00e3o.<\/strong> <strong>O Maranh\u00e3o foi o \u00fanico estado em que foi registrado crescimento da perda da cobertura arb\u00f3rea.<\/strong><\/p>\n<p><strong>Conselho de \u00c9tica adia an\u00e1lise contra deputados por quebra de decoro| Ag\u00eancia Brasil<\/strong><\/p>\n<p><strong>Cruzeiro mostra poder de decis\u00e3o para superar Boca na Libertadores<\/strong><\/p>\n<p>Os dados, produzidos anualmente pelo Laborat\u00f3rio de An\u00e1lise e Descoberta de Terras Globais (Glad), da Universidade de Maryland, s\u00e3o relativos \u00e0 vegeta\u00e7\u00e3o prim\u00e1ria, ou seja, \u00e1reas naturais maduras com vegeta\u00e7\u00e3o original.<\/p>\n<p>De acordo com os pesquisadores do WRI, o modelo adotado n\u00e3o mede apenas o desmatamento, como ocorre no sistema de monitoramento oficial brasileiro, o Projeto de Monitoramento do Desmatamento da Floresta Amaz\u00f4nica Brasileira por Sat\u00e9lite (Prodes). O sistema do\u00a0Global Forest Watch tamb\u00e9m s\u00e3o considera\u00a0outros dist\u00farbios como corte seletivo e mortes naturais.<\/p>\n<h2>Alinhamento<\/h2>\n<p>Para Elizabeth Goldman, apesar dos m\u00e9todos diferentes,\u00a0a redu\u00e7\u00e3o apontada no estudo est\u00e1 alinhada ao decl\u00ednio no desmatamento dos principais biomas, apontado pelo Prodes para o per\u00edodo entre de 1\u00ba de agosto de 2024 a 31 de julho de 2025.<\/p>\n<blockquote wp_automatic_readability=\"12\">\n<p>\u201cAl\u00e9m das florestas tropicais prim\u00e1rias, pensando em toda a perda arb\u00f3rea, a maioria dos biomas viram uma redu\u00e7\u00e3o, inclusive a Caatinga, que \u00e9 uma regi\u00e3o de florestas secas no Nordeste do Brasil\u201d, destaca a pesquisadora.<\/p>\n<\/blockquote>\n<p>Na avalia\u00e7\u00e3o da\u00a0diretora executiva da WRI Brasil, Mirela Sandrini, os resultados alcan\u00e7ados pelo Brasil foram viabilizados por uma for\u00e7a-tarefa orquestrada pelo governo, com a participa\u00e7\u00e3o da sociedade civil, academia, de comunidades locais e do setor privado.<\/p>\n<p>Iniciativas como a intensifica\u00e7\u00e3o da produ\u00e7\u00e3o em \u00e1reas j\u00e1 desmatadas, a cria\u00e7\u00e3o do Fundo Florestas Tropicais para Sempre (TFFF, na sigla em ingl\u00eas), a\u00e7\u00f5es para remunera\u00e7\u00e3o por servi\u00e7os ambientais e incentivos fiscais a quem preserva est\u00e3o alinhados \u00e0 expectativa global para a pr\u00f3xima d\u00e9cada, avalia Mirela.<\/p>\n<p>\u201cConsiderando que o Brasil est\u00e1 no centro das solu\u00e7\u00f5es de grande escala para alimentos, energia e seguran\u00e7a clim\u00e1tica, isso \u00e9 muito importante\u201d, destaca.<\/p>\n<h2>Dados globais<\/h2>\n<p>Para os pesquisadores, <strong>o resultado observado no Brasil impactou positivamente os dados globais, que apontam uma perda de 4,3 milh\u00f5es de hectares de cobertura arb\u00f3rea em floresta tropical \u00famida em todo o mundo, no ano de 2025.<\/strong><\/p>\n<p><strong>O n\u00famero representa uma diminui\u00e7\u00e3o de 35% em rela\u00e7\u00e3o a 2024<\/strong>, quando o decl\u00ednio da vegeta\u00e7\u00e3o atingiu o recorde de 6,7 milh\u00f5es de hectares perdidos.<\/p>\n<p>As perdas de cobertura verde n\u00e3o relacionadas a inc\u00eandios foram as mais baixas nos \u00faltimos dez anos, com queda de 23%, em rela\u00e7\u00e3o a 2024. Por outro lado, a\u00a0perda\u00a0relacionada\u00a0a inc\u00eandios permanece\u00a0entre as mais altas da s\u00e9rie hist\u00f3rica, sendo a terceira maior desde 2001.<\/p>\n<p>De acordo com Elizabeth Goldman, os n\u00fameros relativos aos inc\u00eandios de 2025 ainda passar\u00e3o\u00a0por revis\u00e3o, uma vez que podem representar registros tardios de 2024. \u201cA fuma\u00e7a dos inc\u00eandios ativos pode bloquear os sensores dos sat\u00e9lites e atrasar o reconhecimento desses eventos\u201d, explica.<\/p>\n<h2>Participa\u00e7\u00e3o<\/h2>\n<p>A perda de cobertura arb\u00f3rea no Brasil representou mais de 37% do total global para o ano, sendo em extens\u00e3o o pa\u00eds que mais perdeu, seguido da Bol\u00edvia, com perdas de 620 mil hectares, e Rep\u00fablica Democr\u00e1tica do Congo, com quase 600 mil hectares. Quando a an\u00e1lise \u00e9 proporcional ao tamanho da floresta, Bol\u00edvia e Madagascar tiveram as maiores perdas.<\/p>\n<blockquote wp_automatic_readability=\"9\">\n<p>\u201cA expans\u00e3o agr\u00edcola foi a principal causa da perda de cobertura arb\u00f3rea nos tr\u00f3picos, devido \u00e0\u00a0produ\u00e7\u00e3o de <em>commodities<\/em> e mudan\u00e7a nos cultivos para subsist\u00eancia dos mercados locais\u201d, acrescenta a codiretora do WRI.<\/p>\n<\/blockquote>\n<h2>Inc\u00eandios<\/h2>\n<p><strong>Globalmente, os inc\u00eandios foram os grandes causadores da perda arb\u00f3rea em 2025. Nos \u00faltimos tr\u00eas anos, os inc\u00eandios causaram duas vezes mais perda de florestas, do que duas d\u00e9cadas atr\u00e1s.<\/strong><\/p>\n<p>Elizabeth Goldman avalia a queda da perda florestal nos tr\u00f3picos em 2025 como positiva. Mas, para ela, o resultado \u00e9\u00a0insuficiente para manter o compromisso firmado por 140 pa\u00edses de atenuar e reverter a perda florestal at\u00e9 2030. De acordo com a gestora, os dados atuais ainda posicionam o mundo 70% acima do necess\u00e1rio.<\/p>\n<p>\u201cAlcan\u00e7ar essa meta nos pr\u00f3ximos anos n\u00e3o ser\u00e1 f\u00e1cil porque as florestas est\u00e3o mais vulner\u00e1veis \u00e0s mudan\u00e7as clim\u00e1ticas, e a humanidade continua crescendo e aumentando a sua demanda por combust\u00edveis e alimentos\u201d, conclui Elizabeth Goldman.<\/p>\n<\/div>\n","protected":false},"excerpt":{"rendered":"<p>O Brasil perdeu 1,6 milh\u00e3o de hectares de cobertura arb\u00f3rea em floresta tropical \u00famida em&#8230;<\/p>\n","protected":false},"author":2,"featured_media":0,"comment_status":"","ping_status":"","sticky":false,"template":"","format":"standard","meta":{"footnotes":""},"categories":[2],"tags":[],"class_list":["post-42353","post","type-post","status-publish","format-standard","hentry","category-jogos-ao-vivo"],"amp_enabled":true,"_links":{"self":[{"href":"https:\/\/ipatingafc.com.br\/index.php\/wp-json\/wp\/v2\/posts\/42353","targetHints":{"allow":["GET"]}}],"collection":[{"href":"https:\/\/ipatingafc.com.br\/index.php\/wp-json\/wp\/v2\/posts"}],"about":[{"href":"https:\/\/ipatingafc.com.br\/index.php\/wp-json\/wp\/v2\/types\/post"}],"author":[{"embeddable":true,"href":"https:\/\/ipatingafc.com.br\/index.php\/wp-json\/wp\/v2\/users\/2"}],"replies":[{"embeddable":true,"href":"https:\/\/ipatingafc.com.br\/index.php\/wp-json\/wp\/v2\/comments?post=42353"}],"version-history":[{"count":0,"href":"https:\/\/ipatingafc.com.br\/index.php\/wp-json\/wp\/v2\/posts\/42353\/revisions"}],"wp:attachment":[{"href":"https:\/\/ipatingafc.com.br\/index.php\/wp-json\/wp\/v2\/media?parent=42353"}],"wp:term":[{"taxonomy":"category","embeddable":true,"href":"https:\/\/ipatingafc.com.br\/index.php\/wp-json\/wp\/v2\/categories?post=42353"},{"taxonomy":"post_tag","embeddable":true,"href":"https:\/\/ipatingafc.com.br\/index.php\/wp-json\/wp\/v2\/tags?post=42353"}],"curies":[{"name":"wp","href":"https:\/\/api.w.org\/{rel}","templated":true}]}}