{"id":42362,"date":"2026-04-29T11:05:01","date_gmt":"2026-04-29T14:05:01","guid":{"rendered":"https:\/\/ipatingafc.com.br\/index.php\/2026\/04\/29\/vacina-na-escola-rio-ja-aplicou-mais-de-14-mil-doses-este-ano-prefeitura-da-cidade-do-rio-de-janeiro\/"},"modified":"2026-04-29T11:05:01","modified_gmt":"2026-04-29T14:05:01","slug":"vacina-na-escola-rio-ja-aplicou-mais-de-14-mil-doses-este-ano-prefeitura-da-cidade-do-rio-de-janeiro","status":"publish","type":"post","link":"https:\/\/ipatingafc.com.br\/index.php\/2026\/04\/29\/vacina-na-escola-rio-ja-aplicou-mais-de-14-mil-doses-este-ano-prefeitura-da-cidade-do-rio-de-janeiro\/","title":{"rendered":"&#8216;Vacina na Escola Rio&#8217; j\u00e1 aplicou mais de 14 mil doses este ano &#8211; Prefeitura da Cidade do Rio de Janeiro"},"content":{"rendered":"<p><\/p>\n<div id=\"main\">\n<div class=\"wrapper-breadcrumbs\" wp_automatic_readability=\"71.413940256046\">\n<div class=\"image-post\" wp_automatic_readability=\"32\">\n                     Programa foi criado pela Prefeitura em 2023 &#8211; Edu Kapps\/SMS                  <\/div>\n<p>As secretarias municipais de Sa\u00fade (SMS) e de Educa\u00e7\u00e3o (SME) realizaram nesta quarta-feira (29) a vacina\u00e7\u00e3o dos alunos na Escola Municipal Senador Corr\u00eaa, em Laranjeiras. A a\u00e7\u00e3o faz parte do programa Vacina na Escola Rio e marca as atividades da Semana da Imuniza\u00e7\u00e3o, uma grande mobiliza\u00e7\u00e3o para colocar em dia as cadernetas de vacina\u00e7\u00e3o da popula\u00e7\u00e3o que come\u00e7ou no dia 24 de abril e vai at\u00e9 esta quinta-feira (30).<\/p>\n<p>Desde 2023, a Secretaria Municipal de Sa\u00fade realiza anualmente, em parceria com a SME, o programa Vacina na Escola Rio, com visitas das equipes de sa\u00fade \u00e0s escolas da rede municipal para atualiza\u00e7\u00e3o das cadernetas de vacina\u00e7\u00e3o dos estudantes, j\u00e1 tendo aplicado cerca de 200 mil doses, sempre com autoriza\u00e7\u00e3o dos respons\u00e1veis. Somente este ano, 14 mil doses j\u00e1 foram aplicadas nas unidades de ensino e mais de 1.500 escolas est\u00e3o agendadas para a realiza\u00e7\u00e3o da vacina\u00e7\u00e3o. Unidades de ensino da rede privada que manifestem interesse tamb\u00e9m podem participar do programa.<\/p>\n<blockquote wp_automatic_readability=\"16\">\n<p>\u2013 Trazer a vacina para as escolas, al\u00e9m de uma colabora\u00e7\u00e3o para as m\u00e3es, tem tamb\u00e9m um efeito pedag\u00f3gico para essas crian\u00e7as, porque estamos ensinando a elas que a imuniza\u00e7\u00e3o \u00e9 importante e que \u00e9 uma responsabilidade coletiva. Ao nos vacinarmos, tamb\u00e9m ajudamos a proteger familiares, amigos e pessoas mais vulner\u00e1veis, como beb\u00eas, idosos e pacientes imunossuprimidos \u2013 destaca o secret\u00e1rio municipal de Sa\u00fade, Rodrigo Prado.<\/p>\n<\/blockquote>\n<p>Durante as a\u00e7\u00f5es do Vacina na Escola, os profissionais da rede avaliam as cadernetas de vacina\u00e7\u00e3o levadas pelos alunos para verificar se h\u00e1 alguma vacina em aberto, atualizando a situa\u00e7\u00e3o vacinal de cada um. Mais do que prevenir doen\u00e7as, a vacina\u00e7\u00e3o \u00e9 uma das medidas de sa\u00fade p\u00fablica mais eficazes. Gra\u00e7as \u00e0s campanhas de imuniza\u00e7\u00e3o, doen\u00e7as como poliomielite, sarampo e rub\u00e9ola tiveram seus casos drasticamente reduzidos ao longo das \u00faltimas d\u00e9cadas.<\/p>\n<p>-Essa \u00e9 uma parceria muito especial para a nossa cidade e, principalmente, para as nossas crian\u00e7as. Vacinar dentro da escola \u00e9 uma estrat\u00e9gia eficaz porque a crian\u00e7a est\u00e1 aqui todos os dias: a escola \u00e9 um lugar de confian\u00e7a, com rotina, acompanhamento e proximidade com as fam\u00edlias. Quando Sa\u00fade e Educa\u00e7\u00e3o trabalham juntas, em di\u00e1logo com os respons\u00e1veis, a vacina chega a quem precisa, no tempo certo, com orienta\u00e7\u00e3o e seguran\u00e7a. Essa integra\u00e7\u00e3o fortalece a preven\u00e7\u00e3o, amplia a cobertura vacinal e protege n\u00e3o s\u00f3 cada aluno, mas toda a comunidade escolar e a cidade \u2013 diz o secret\u00e1rio municipal de Educa\u00e7\u00e3o, Hugo Nepomuceno.<\/p>\n<p>A artes\u00e3 Teresa aproveitou para levar a filha Amanda, que \u00e9 aluna da escola, para atualizar a caderneta:<\/p>\n<p>\u2013 Acho muito importante essa a\u00e7\u00e3o dentro da escola, porque facilita bastante a vida dos pais. Nem todos n\u00f3s temos tempo de ir \u00e0 unidade. Os profissionais j\u00e1 est\u00e3o aqui e j\u00e1 fazem a atualiza\u00e7\u00e3o da caderneta, e isso previne v\u00e1rias doen\u00e7as.<\/p>\n<p>No Rio, as vacinas de rotina para crian\u00e7as, adolescentes, adultos e idosos est\u00e3o dispon\u00edveis gratuitamente nas unidades de Aten\u00e7\u00e3o Prim\u00e1ria (cl\u00ednicas da fam\u00edlia e centros municipais de sa\u00fade) distribu\u00eddas por todas as regi\u00f5es da cidade, e tamb\u00e9m nas tr\u00eas unidades do Super Centro Carioca de Vacina\u00e7\u00e3o em Botafogo (Rua General Severiano, 91), na Zona Norte (Shopping Nova Am\u00e9rica) e na Zona Oeste (ParkShoppingCampoGrande), que funcionam de domingo a domingo, em hor\u00e1rios diferenciados.<\/p>\n<p>             <!-- Compartilhe ---><\/p>\n<p>\t\t\t <!-- TAGS --><\/p>\n<section class=\"category-tags\">\n<div class=\"marcacao-category\">\n<article class=\"category-post\">\n<p>Categoria: <\/p>\n<\/article>\n<li>29 de abril de 2026<\/li><\/div>\n<article class=\"tags\">\n\t\t\t\t\tMarca\u00e7\u00f5es: Alunos doses escola estudantes Prefeitura do Rio sa\u00fade vacina<br \/><\/article>\n<\/section>\n<p>            <!-- Mais Not&iacute;cias --><\/p>\n<p>\t\t<!-- Conte&uacute;do SIDEBAR --><\/p><\/div>\n<\/p><\/div>\n","protected":false},"excerpt":{"rendered":"<p>Programa foi criado pela Prefeitura em 2023 &#8211; Edu Kapps\/SMS As secretarias municipais de Sa\u00fade&#8230;<\/p>\n","protected":false},"author":2,"featured_media":0,"comment_status":"","ping_status":"","sticky":false,"template":"","format":"standard","meta":{"footnotes":""},"categories":[2],"tags":[],"class_list":["post-42362","post","type-post","status-publish","format-standard","hentry","category-jogos-ao-vivo"],"amp_enabled":true,"_links":{"self":[{"href":"https:\/\/ipatingafc.com.br\/index.php\/wp-json\/wp\/v2\/posts\/42362","targetHints":{"allow":["GET"]}}],"collection":[{"href":"https:\/\/ipatingafc.com.br\/index.php\/wp-json\/wp\/v2\/posts"}],"about":[{"href":"https:\/\/ipatingafc.com.br\/index.php\/wp-json\/wp\/v2\/types\/post"}],"author":[{"embeddable":true,"href":"https:\/\/ipatingafc.com.br\/index.php\/wp-json\/wp\/v2\/users\/2"}],"replies":[{"embeddable":true,"href":"https:\/\/ipatingafc.com.br\/index.php\/wp-json\/wp\/v2\/comments?post=42362"}],"version-history":[{"count":0,"href":"https:\/\/ipatingafc.com.br\/index.php\/wp-json\/wp\/v2\/posts\/42362\/revisions"}],"wp:attachment":[{"href":"https:\/\/ipatingafc.com.br\/index.php\/wp-json\/wp\/v2\/media?parent=42362"}],"wp:term":[{"taxonomy":"category","embeddable":true,"href":"https:\/\/ipatingafc.com.br\/index.php\/wp-json\/wp\/v2\/categories?post=42362"},{"taxonomy":"post_tag","embeddable":true,"href":"https:\/\/ipatingafc.com.br\/index.php\/wp-json\/wp\/v2\/tags?post=42362"}],"curies":[{"name":"wp","href":"https:\/\/api.w.org\/{rel}","templated":true}]}}