{"id":42364,"date":"2026-04-29T11:51:43","date_gmt":"2026-04-29T14:51:43","guid":{"rendered":"https:\/\/ipatingafc.com.br\/index.php\/2026\/04\/29\/agencia-minas-gerais-rodovias-mineiras-tem-restricao-de-circulacao-de-veiculos-pesados-no-feriado-do-dia-do-trabalhador\/"},"modified":"2026-04-29T11:51:43","modified_gmt":"2026-04-29T14:51:43","slug":"agencia-minas-gerais-rodovias-mineiras-tem-restricao-de-circulacao-de-veiculos-pesados-no-feriado-do-dia-do-trabalhador","status":"publish","type":"post","link":"https:\/\/ipatingafc.com.br\/index.php\/2026\/04\/29\/agencia-minas-gerais-rodovias-mineiras-tem-restricao-de-circulacao-de-veiculos-pesados-no-feriado-do-dia-do-trabalhador\/","title":{"rendered":"Ag\u00eancia Minas Gerais | Rodovias mineiras t\u00eam restri\u00e7\u00e3o de circula\u00e7\u00e3o de ve\u00edculos pesados no feriado do Dia do Trabalhador"},"content":{"rendered":"<p><\/p>\n<div>\n<p>Motoristas que trafegam pelas rodovias estaduais de Minas Gerais devem redobrar a aten\u00e7\u00e3o durante o feriado do Dia do Trabalhador, na sexta-feira (1\/5).<\/p>\n<p>O Departamento de Estradas de Rodagem de Minas Gerais (DER-MG) publicou portaria que estabelece a restri\u00e7\u00e3o de circula\u00e7\u00e3o para ve\u00edculos de grande porte e cargas excedentes em per\u00edodos espec\u00edficos, com o objetivo de aumentar a seguran\u00e7a vi\u00e1ria e melhorar a fluidez do tr\u00e2nsito.<\/p>\n<p>A medida vale para ve\u00edculos ou combina\u00e7\u00f5es que ultrapassem os limites definidos pelo Conselho Nacional de Tr\u00e2nsito (Contran), como largura superior a 2,60 metros, altura acima de 4,40 metros, comprimento maior que 19,80 metros ou peso bruto total combinado (PBTC) superior a 58,5 toneladas.<\/p>\n<p><strong>Datas e hor\u00e1rios da restri\u00e7\u00e3o<\/strong><\/p>\n<p>Durante o feriado prolongado, a circula\u00e7\u00e3o desses ve\u00edculos estar\u00e1 proibida nos seguintes per\u00edodos:<\/p>\n<p>\u2022\u00a0\u00a0\u00a0\u00a0\u00a0\u00a0\u00a0\u00a0\u00a0 Quinta-feira (30\/4): das 16h \u00e0s 22h<\/p>\n<p>\u2022\u00a0\u00a0\u00a0\u00a0\u00a0\u00a0\u00a0\u00a0\u00a0 Sexta-feira (1\/5): das 6h \u00e0s 12h<\/p>\n<p>\u2022\u00a0\u00a0\u00a0\u00a0\u00a0\u00a0\u00a0\u00a0\u00a0 Domingo (3\/5): das 16h \u00e0s 22h<\/p>\n<p>&#13;<br \/>\nAs restri\u00e7\u00f5es se aplicam a diversos tipos de combina\u00e7\u00f5es de carga, como bitrens, rodotrens e cegonheiras, mesmo que possuam Autoriza\u00e7\u00e3o Especial de Tr\u00e2nsito (AET) ou Autoriza\u00e7\u00e3o Espec\u00edfica (AE).<\/p>\n<p><strong>Trechos com restri\u00e7\u00e3o<\/strong><\/p>\n<p>A proibi\u00e7\u00e3o vale para todas as rodovias estaduais de pista simples sob responsabilidade do DER-MG e para trechos espec\u00edficos de pistas duplicadas, como:<\/p>\n<p>\u2022\u00a0\u00a0\u00a0\u00a0\u00a0\u00a0\u00a0\u00a0\u00a0 MG-010, entre Venda Nova e o acesso ao Aeroporto de Confins<\/p>\n<p>\u2022\u00a0\u00a0\u00a0\u00a0\u00a0\u00a0\u00a0\u00a0\u00a0 MGC-135, em trechos entre Montes Claros, Bocaiuva e Corinto<\/p>\n<p>\u2022\u00a0\u00a0\u00a0\u00a0\u00a0\u00a0\u00a0\u00a0\u00a0 MG-050, entre o entroncamento com a BR-262 e a MG-164<\/p>\n<p>&#13;<br \/>\nA orienta\u00e7\u00e3o \u00e9 que motoristas planejem suas viagens com anteced\u00eancia e fiquem atentos aos hor\u00e1rios de restri\u00e7\u00e3o para evitar transtornos.<\/p>\n<p><strong>Penalidades<\/strong><\/p>\n<p>O descumprimento da norma \u00e9 considerado infra\u00e7\u00e3o de tr\u00e2nsito, conforme o C\u00f3digo de Tr\u00e2nsito Brasileiro (CTB), com penalidades previstas para os motoristas que desrespeitarem a restri\u00e7\u00e3o. O ve\u00edculo s\u00f3 poder\u00e1 seguir viagem ap\u00f3s o t\u00e9rmino do hor\u00e1rio estabelecido.<\/p>\n<p><strong>Sem escolta oficial<\/strong><\/p>\n<p>O DER-MG tamb\u00e9m informou que n\u00e3o haver\u00e1 servi\u00e7o de escolta oficial para ve\u00edculos superdimensionados durante todo o per\u00edodo do feriado, devido ao direcionamento das equipes para a\u00e7\u00f5es de seguran\u00e7a vi\u00e1ria nas rodovias.<\/p>\n<\/p><\/div>\n","protected":false},"excerpt":{"rendered":"<p>Motoristas que trafegam pelas rodovias estaduais de Minas Gerais devem redobrar a aten\u00e7\u00e3o durante o&#8230;<\/p>\n","protected":false},"author":2,"featured_media":0,"comment_status":"","ping_status":"","sticky":false,"template":"","format":"standard","meta":{"footnotes":""},"categories":[2],"tags":[],"class_list":["post-42364","post","type-post","status-publish","format-standard","hentry","category-jogos-ao-vivo"],"amp_enabled":true,"_links":{"self":[{"href":"https:\/\/ipatingafc.com.br\/index.php\/wp-json\/wp\/v2\/posts\/42364","targetHints":{"allow":["GET"]}}],"collection":[{"href":"https:\/\/ipatingafc.com.br\/index.php\/wp-json\/wp\/v2\/posts"}],"about":[{"href":"https:\/\/ipatingafc.com.br\/index.php\/wp-json\/wp\/v2\/types\/post"}],"author":[{"embeddable":true,"href":"https:\/\/ipatingafc.com.br\/index.php\/wp-json\/wp\/v2\/users\/2"}],"replies":[{"embeddable":true,"href":"https:\/\/ipatingafc.com.br\/index.php\/wp-json\/wp\/v2\/comments?post=42364"}],"version-history":[{"count":0,"href":"https:\/\/ipatingafc.com.br\/index.php\/wp-json\/wp\/v2\/posts\/42364\/revisions"}],"wp:attachment":[{"href":"https:\/\/ipatingafc.com.br\/index.php\/wp-json\/wp\/v2\/media?parent=42364"}],"wp:term":[{"taxonomy":"category","embeddable":true,"href":"https:\/\/ipatingafc.com.br\/index.php\/wp-json\/wp\/v2\/categories?post=42364"},{"taxonomy":"post_tag","embeddable":true,"href":"https:\/\/ipatingafc.com.br\/index.php\/wp-json\/wp\/v2\/tags?post=42364"}],"curies":[{"name":"wp","href":"https:\/\/api.w.org\/{rel}","templated":true}]}}