{"id":42374,"date":"2026-04-29T15:47:06","date_gmt":"2026-04-29T18:47:06","guid":{"rendered":"https:\/\/ipatingafc.com.br\/index.php\/2026\/04\/29\/rioluz-reforca-iluminacao-na-regiao-da-tijuca-prefeitura-da-cidade-do-rio-de-janeiro\/"},"modified":"2026-04-29T15:47:06","modified_gmt":"2026-04-29T18:47:06","slug":"rioluz-reforca-iluminacao-na-regiao-da-tijuca-prefeitura-da-cidade-do-rio-de-janeiro","status":"publish","type":"post","link":"https:\/\/ipatingafc.com.br\/index.php\/2026\/04\/29\/rioluz-reforca-iluminacao-na-regiao-da-tijuca-prefeitura-da-cidade-do-rio-de-janeiro\/","title":{"rendered":"RioLuz refor\u00e7a ilumina\u00e7\u00e3o na regi\u00e3o da Tijuca &#8211; Prefeitura da Cidade do Rio de Janeiro"},"content":{"rendered":"<p><\/p>\n<div id=\"main\">\n<div class=\"wrapper-breadcrumbs\" wp_automatic_readability=\"21.926650366748\">\n<div class=\"image-post\" wp_automatic_readability=\"34\">\n                     Foram instaladas 90 lumin\u00e1rias LED e 27 projetores, al\u00e9m da realiza\u00e7\u00e3o de 90 podas. Foto: Divulga\u00e7\u00e3o\/RioLuz                  <\/div>\n<p>A RioLuz concluiu o trabalho de refor\u00e7o e moderniza\u00e7\u00e3o da ilumina\u00e7\u00e3o p\u00fablica no eixo entre a Rua S\u00e3o Francisco Xavier e a Pra\u00e7a Afonso Pena, na Tijuca. A interven\u00e7\u00e3o contemplou a amplia\u00e7\u00e3o da infraestrutura luminosa em vias estrat\u00e9gicas da regi\u00e3o, com a implanta\u00e7\u00e3o de 117 novos equipamentos, entre lumin\u00e1rias de LED e projetores de alta pot\u00eancia, proporcionando maior efici\u00eancia, uniformidade da luz e melhor visibilidade no per\u00edodo noturno.<\/p>\n<p>Foram instaladas 90 lumin\u00e1rias LED e 27 projetores, al\u00e9m da realiza\u00e7\u00e3o de 90 podas de adequa\u00e7\u00e3o da arboriza\u00e7\u00e3o, medida essencial para eliminar interfer\u00eancias na ilumina\u00e7\u00e3o p\u00fablica. O servi\u00e7o incluiu ainda a implanta\u00e7\u00e3o de dois novos postes. Ao todo, a opera\u00e7\u00e3o somou 243 interven\u00e7\u00f5es t\u00e9cnicas, promovendo a requalifica\u00e7\u00e3o da ilumina\u00e7\u00e3o urbana em uma das principais \u00e1reas de circula\u00e7\u00e3o da Tijuca.<\/p>\n<blockquote wp_automatic_readability=\"10\">\n<p>\u2013 O refor\u00e7o da ilumina\u00e7\u00e3o p\u00fablica \u00e9 uma ferramenta estrat\u00e9gica de ordenamento urbano e apoio \u00e0s a\u00e7\u00f5es integradas da Prefeitura. Estamos investindo em tecnologia e efici\u00eancia para oferecer espa\u00e7os p\u00fablicos cada vez mais bem iluminados e preparados para atender a popula\u00e7\u00e3o -, concluiu o presidente da RioLuz, Rafael Thompson.<\/p>\n<\/blockquote>\n<p>             <!-- Compartilhe ---><\/p>\n<p>\t\t\t <!-- TAGS --><\/p>\n<section class=\"category-tags\">\n<div class=\"marcacao-category\">\n<article class=\"category-post\">\n<p>Categoria: <\/p>\n<\/article>\n<li>29 de abril de 2026<\/li><\/div>\n<article class=\"tags\">\n\t\t\t\t\tMarca\u00e7\u00f5es: ilumina\u00e7\u00e3o LED Pra\u00e7a Afonso Pena Rua S\u00e3o Francisco Xavier Tijuca<br \/><\/article>\n<\/section>\n<p>            <!-- Mais Not&iacute;cias --><\/p>\n<p>\t\t<!-- Conte&uacute;do SIDEBAR --><\/p><\/div>\n<\/p><\/div>\n","protected":false},"excerpt":{"rendered":"<p>Foram instaladas 90 lumin\u00e1rias LED e 27 projetores, al\u00e9m da realiza\u00e7\u00e3o de 90 podas. Foto:&#8230;<\/p>\n","protected":false},"author":2,"featured_media":0,"comment_status":"","ping_status":"","sticky":false,"template":"","format":"standard","meta":{"footnotes":""},"categories":[2],"tags":[],"class_list":["post-42374","post","type-post","status-publish","format-standard","hentry","category-jogos-ao-vivo"],"amp_enabled":true,"_links":{"self":[{"href":"https:\/\/ipatingafc.com.br\/index.php\/wp-json\/wp\/v2\/posts\/42374","targetHints":{"allow":["GET"]}}],"collection":[{"href":"https:\/\/ipatingafc.com.br\/index.php\/wp-json\/wp\/v2\/posts"}],"about":[{"href":"https:\/\/ipatingafc.com.br\/index.php\/wp-json\/wp\/v2\/types\/post"}],"author":[{"embeddable":true,"href":"https:\/\/ipatingafc.com.br\/index.php\/wp-json\/wp\/v2\/users\/2"}],"replies":[{"embeddable":true,"href":"https:\/\/ipatingafc.com.br\/index.php\/wp-json\/wp\/v2\/comments?post=42374"}],"version-history":[{"count":0,"href":"https:\/\/ipatingafc.com.br\/index.php\/wp-json\/wp\/v2\/posts\/42374\/revisions"}],"wp:attachment":[{"href":"https:\/\/ipatingafc.com.br\/index.php\/wp-json\/wp\/v2\/media?parent=42374"}],"wp:term":[{"taxonomy":"category","embeddable":true,"href":"https:\/\/ipatingafc.com.br\/index.php\/wp-json\/wp\/v2\/categories?post=42374"},{"taxonomy":"post_tag","embeddable":true,"href":"https:\/\/ipatingafc.com.br\/index.php\/wp-json\/wp\/v2\/tags?post=42374"}],"curies":[{"name":"wp","href":"https:\/\/api.w.org\/{rel}","templated":true}]}}