{"id":42378,"date":"2026-04-29T17:20:22","date_gmt":"2026-04-29T20:20:22","guid":{"rendered":"https:\/\/ipatingafc.com.br\/index.php\/2026\/04\/29\/agencia-minas-gerais-centro-de-reabilitacao-do-hospital-regional-joao-penido-devolve-autonomia-e-qualidade-de-vida-a-pacientes-amputados\/"},"modified":"2026-04-29T17:20:22","modified_gmt":"2026-04-29T20:20:22","slug":"agencia-minas-gerais-centro-de-reabilitacao-do-hospital-regional-joao-penido-devolve-autonomia-e-qualidade-de-vida-a-pacientes-amputados","status":"publish","type":"post","link":"https:\/\/ipatingafc.com.br\/index.php\/2026\/04\/29\/agencia-minas-gerais-centro-de-reabilitacao-do-hospital-regional-joao-penido-devolve-autonomia-e-qualidade-de-vida-a-pacientes-amputados\/","title":{"rendered":"Ag\u00eancia Minas Gerais | Centro de Reabilita\u00e7\u00e3o do Hospital Regional Jo\u00e3o Penido\u00a0devolve autonomia e\u00a0qualidade\u00a0de vida a pacientes amputados\u00a0"},"content":{"rendered":"<p><\/p>\n<div>\n<p>\u201cA pr\u00f3tese me deu uma segunda chance\u00a0ter uma vida normal\u201d, afirma Kau\u00ea\u00a0Teixeira de Almeida, de 17 anos. Ap\u00f3s uma amputa\u00e7\u00e3o, em\u00a02022,\u00a0devido a um\u00a0tumor\u00a0no joelho\u00a0esquerdo, ele pode retomar a sua\u00a0rotina\u00a0com o uso da\u00a0perna mec\u00e2nica, h\u00e1 quase dois anos. \u00a0<\/p>\n<figure class=\"image\" style=\"float:left\">&#13;<figcaption><em><sup>Kau\u00ea Teixeira \/ Cr\u00e9dito foto: arquivo pessoal<\/sup><\/em><\/figcaption>&#13;<br \/>\n<\/figure>\n<p>O adolescente \u00e9 um dos pacientes tratados no Centro de Reabilita\u00e7\u00e3o do Hospital Regional Jo\u00e3o Penido, em Juiz de Fora, da Funda\u00e7\u00e3o Hospitalar do Estado de Minas Gerais (Fhemig). O servi\u00e7o\u00a0atende pacientes amputados de toda a cidade e da macrorregi\u00e3o, que buscam reabilita\u00e7\u00e3o por meio do Sistema \u00danico de Sa\u00fade (SUS). Todo m\u00eas, a unidade realiza\u00a0uma entrega de at\u00e9 15 pr\u00f3teses\u00a0e faz uma m\u00e9dia de dez revis\u00f5es\u00a0das que est\u00e3o\u00a0em uso. \u00a0<\/p>\n<p><b>Vida nova<\/b>\u00a0<\/p>\n<p>Kau\u00ea chegou ao hospital\u00a0no in\u00edcio de 2023, ainda em tratamento contra o c\u00e2ncer.\u00a0&#8220;Fiquei muito triste\u00a0quando precisei amputar minha perna, com medo de nunca mais conseguir andar. Quando\u00a0me informaram da pr\u00f3tese, foi como uma luz ao fim do t\u00fanel\u201d, recorda. \u00a0<\/p>\n<p>J\u00e1 no meio do mesmo ano,\u00a0ele\u00a0teve a alegria de voltar a realizar suas atividades di\u00e1rias quase como era antes,\u00a0ap\u00f3s receber\u00a0as\u00a0pr\u00f3teses.\u00a0\u201cA adapta\u00e7\u00e3o foi\u00a0muito r\u00e1pida.\u00a0Com ela, posso ir para qualquer lugar e viver uma vida praticamente normal\u201d.\u00a0<\/p>\n<p>A comemora\u00e7\u00e3o foi ainda maior ao ver que seria poss\u00edvel continuar praticando a sua grande paix\u00e3o: o v\u00f4lei. \u201cPraticar esporte \u00e9 tudo para mim. Achei que nunca mais poderia jogar. Ver que\u00a0era\u00a0poss\u00edvel foi uma das melhores coisas que me aconteceu\u201d, recorda\u00a0ele, que s\u00f3 tem elogios \u00e0 equipe do hospital.\u00a0\u201cS\u00e3o todos\u00a0muito atenciosos, desde quando iniciei meu acompanhamento l\u00e1, at\u00e9 hoje\u201d. \u00a0<\/p>\n<p><b>Cuidado integral<\/b>\u00a0<\/p>\n<p>Ao chegar \u00e0 institui\u00e7\u00e3o, o paciente passa por avalia\u00e7\u00e3o\u00a0m\u00e9dica\u00a0especializada,\u00a0de um ortopedista e um angiologista,\u00a0e por uma avalia\u00e7\u00e3o global, realizada por uma equipe multidisciplinar, formada por profissionais de fisioterapia, terapia ocupacional, psicologia, enfermagem e assist\u00eancia\u00a0social, garantindo um cuidado integral e humanizado.\u00a0<\/p>\n<p>\u201cAvaliamos\u00a0como est\u00e1 o n\u00edvel da amputa\u00e7\u00e3o,\u00a0a\u00a0cicatriza\u00e7\u00e3o,\u00a0a\u00a0for\u00e7a muscular\u00a0e\u00a0se\u00a0existem outras altera\u00e7\u00f5es cl\u00ednicas associadas, como problemas card\u00edacos, para\u00a0termos certeza se h\u00e1\u00a0possibilidade do uso de pr\u00f3tese e, assim,\u00a0fazermos todas as orienta\u00e7\u00f5es necess\u00e1rias \u00e0 equipe de\u00a0reabilita\u00e7\u00e3o f\u00edsica\u201d, explica o ortopedista, refer\u00eancia t\u00e9cnica do Centro de Reabilita\u00e7\u00e3o do HRJP,\u00a0Nacib\u00a0Zanon Salim. \u00a0<\/p>\n<p>De acordo com a fisioterapeuta do Centro de Reabilita\u00e7\u00e3o do HRJP,\u00a0Amanda Nathalia\u00a0Guilarducci\u00a0Amaral, o\u00a0processo de protetiza\u00e7\u00e3o tem como objetivo promover a reabilita\u00e7\u00e3o f\u00edsica e psicol\u00f3gica do paciente.\u00a0\u201cRealizamos\u00a0atividades de fortalecimento muscular global, treino de equil\u00edbrio, dessensibiliza\u00e7\u00e3o do coto e orientamos\u00a0quanto ao enfaixamento. Tamb\u00e9m\u00a0trabalhamos a\u00a0autonomia e a independ\u00eancia do paciente, com acompanhamento psicol\u00f3gico cont\u00ednuo, essencial para o equil\u00edbrio emocional\u201d.\u00a0\u00a0<\/p>\n<p>Todo o processo\u00a0dura,\u00a0em m\u00e9dia,\u00a0seis meses, sendo mais r\u00e1pido em pacientes com at\u00e9 30 anos.\u00a0\u201cQuando o paciente se encontra apto e reabilitado \u00e0 sua nova realidade, com seguran\u00e7a e autonomia, realizamos a alta do servi\u00e7o, mas garantindo o acompanhamento\u00a0do paciente e manuten\u00e7\u00e3o da pr\u00f3tese,\u00a0que inclui\u00a0a\u00a0sua\u00a0substitui\u00e7\u00e3o quando necess\u00e1rio&#8221;, explica Amanda. \u00a0<\/p>\n<p>\u201cA pr\u00f3tese \u00e9 uma forma de esperan\u00e7a que as pessoas que tiveram membros amputados possam retomar a sua vida\u201d, finaliza Kau\u00ea. \u00a0<\/p>\n<p><b>Servi\u00e7o completo<\/b>\u00a0<\/p>\n<p>Al\u00e9m da entrega das pr\u00f3teses, tamb\u00e9m s\u00e3o entregues \u00f3rteses &#8211; dispositivos externos utilizados para apoiar, corrigir ou estabilizar partes do corpo com comprometimento funcional &#8211; bengalas, muletas, andadores, sapatos ortop\u00e9dicos sob medida para pacientes com p\u00e9s neurop\u00e1ticos e cadeiras de rodas comuns e motorizadas.\u00a0<\/p>\n<\/p><\/div>\n","protected":false},"excerpt":{"rendered":"<p>\u201cA pr\u00f3tese me deu uma segunda chance\u00a0ter uma vida normal\u201d, afirma Kau\u00ea\u00a0Teixeira de Almeida, de&#8230;<\/p>\n","protected":false},"author":2,"featured_media":0,"comment_status":"","ping_status":"","sticky":false,"template":"","format":"standard","meta":{"footnotes":""},"categories":[2],"tags":[],"class_list":["post-42378","post","type-post","status-publish","format-standard","hentry","category-jogos-ao-vivo"],"amp_enabled":true,"_links":{"self":[{"href":"https:\/\/ipatingafc.com.br\/index.php\/wp-json\/wp\/v2\/posts\/42378","targetHints":{"allow":["GET"]}}],"collection":[{"href":"https:\/\/ipatingafc.com.br\/index.php\/wp-json\/wp\/v2\/posts"}],"about":[{"href":"https:\/\/ipatingafc.com.br\/index.php\/wp-json\/wp\/v2\/types\/post"}],"author":[{"embeddable":true,"href":"https:\/\/ipatingafc.com.br\/index.php\/wp-json\/wp\/v2\/users\/2"}],"replies":[{"embeddable":true,"href":"https:\/\/ipatingafc.com.br\/index.php\/wp-json\/wp\/v2\/comments?post=42378"}],"version-history":[{"count":0,"href":"https:\/\/ipatingafc.com.br\/index.php\/wp-json\/wp\/v2\/posts\/42378\/revisions"}],"wp:attachment":[{"href":"https:\/\/ipatingafc.com.br\/index.php\/wp-json\/wp\/v2\/media?parent=42378"}],"wp:term":[{"taxonomy":"category","embeddable":true,"href":"https:\/\/ipatingafc.com.br\/index.php\/wp-json\/wp\/v2\/categories?post=42378"},{"taxonomy":"post_tag","embeddable":true,"href":"https:\/\/ipatingafc.com.br\/index.php\/wp-json\/wp\/v2\/tags?post=42378"}],"curies":[{"name":"wp","href":"https:\/\/api.w.org\/{rel}","templated":true}]}}