{"id":42380,"date":"2026-04-29T18:07:59","date_gmt":"2026-04-29T21:07:59","guid":{"rendered":"https:\/\/ipatingafc.com.br\/index.php\/2026\/04\/29\/veja-como-ficam-os-servicos-publicos-municipais-no-feriado-do-dia-do-trabalho-agencia-de-noticias-2\/"},"modified":"2026-04-29T18:07:59","modified_gmt":"2026-04-29T21:07:59","slug":"veja-como-ficam-os-servicos-publicos-municipais-no-feriado-do-dia-do-trabalho-agencia-de-noticias-2","status":"publish","type":"post","link":"https:\/\/ipatingafc.com.br\/index.php\/2026\/04\/29\/veja-como-ficam-os-servicos-publicos-municipais-no-feriado-do-dia-do-trabalho-agencia-de-noticias-2\/","title":{"rendered":"Veja como ficam os servi\u00e7os p\u00fablicos municipais no feriado do Dia do Trabalho \u2013 Ag\u00eancia de Not\u00edcias"},"content":{"rendered":"<p><\/p>\n<div>\n<div class=\"col\">\n<p class=\"mt-0\">\n                        <strong><br \/>\n                            <span class=\"far fa-calendar mr-1 mt-2\"\/><br \/>\n                            29 de abril de 2026<br \/>\n                            <span class=\"far fa-clock ml-3 mt-2\"\/><br \/>\n                            17:20<br \/>\n                        <\/strong>\n                    <\/p>\n<p class=\"mb-0\">Por: <strong>Michelle Alves<\/strong><\/p>\n<\/p><\/div>\n<\/p><\/div>\n<div>\n<p>O feriado do Dia do Trabalho, celebrado na sexta-feira (1\u00ba de maio), vai alterar a rotina de alguns dos servi\u00e7os p\u00fablicos oferecidos pelo Munic\u00edpio.<\/p>\n<p>\u00a0<\/p>\n<p>Os servi\u00e7os prestados pelos setores essenciais, como atendimentos a urg\u00eancias e emerg\u00eancias, seguem normalmente, sem altera\u00e7\u00e3o. Da mesma forma, os de coleta de lixo, que mant\u00eam o calend\u00e1rio habitual.<\/p>\n<p>\u00a0<\/p>\n<p>As feiras-livres noturnas do Parque dos Espanh\u00f3is e do Jd. Planalto ocorrer\u00e3o normalmente das 17h \u00e0s 22h.<\/p>\n<p>\u00a0<\/p>\n<p>Outros servi\u00e7os p\u00fablicos, ainda, seguem funcionando em esquema de plant\u00e3o, como os do Saae\/Sorocaba e da Urbes \u2013 Tr\u00e2nsito e Transportes.<\/p>\n<p>\u00a0<\/p>\n<p>Confira, abaixo, como fica o funcionamento de cada um dos servi\u00e7os:<\/p>\n<p>\u00a0<\/p>\n<table width=\"399\">\n<tbody>\n<tr>\n<td width=\"264\"><strong>UNIDADES<\/strong><\/td>\n<td width=\"135\"><strong>sexta (1\u00ba)<\/strong><\/td>\n<\/tr>\n<tr>\n<td width=\"264\">Pa\u00e7o e unidades descentralizadas<\/td>\n<td width=\"135\">Fechados<\/td>\n<\/tr>\n<tr>\n<td width=\"264\">Casas do Cidad\u00e3o Zeladoria<\/td>\n<td width=\"135\">Fechadas<\/td>\n<\/tr>\n<tr>\n<td width=\"264\">Casa do Turista<\/td>\n<td width=\"135\">Fechada<\/td>\n<\/tr>\n<tr>\n<td width=\"264\">Mercado Municipal<\/td>\n<td width=\"135\">Fechado<\/td>\n<\/tr>\n<tr>\n<td width=\"264\">Mercado Distrital<\/td>\n<td width=\"135\">8h \u00e0s 12h<\/td>\n<\/tr>\n<tr>\n<td width=\"264\">Feiras-livres<\/td>\n<td width=\"135\">7h \u00e0s 12h<\/td>\n<\/tr>\n<tr>\n<td width=\"264\">Cemit\u00e9rios<\/td>\n<td width=\"135\">8h30 \u00e0s 16h30<\/td>\n<\/tr>\n<tr>\n<td width=\"264\">Coleta de Lixo<\/td>\n<td width=\"135\">7h \u00e0s 23h<\/td>\n<\/tr>\n<tr>\n<td width=\"264\">Aterro de Inertes<\/td>\n<td width=\"135\">Fechado<\/td>\n<\/tr>\n<tr>\n<td width=\"264\">Ecopontos<\/td>\n<td width=\"135\">Fechado<\/td>\n<\/tr>\n<tr>\n<td width=\"264\">Urbes<\/td>\n<td width=\"135\">Plant\u00e3o<\/td>\n<\/tr>\n<tr>\n<td width=\"264\">SAAE<\/td>\n<td width=\"135\">Plant\u00e3o<\/td>\n<\/tr>\n<tr>\n<td width=\"264\">Unidades B\u00e1sicas de Sa\u00fade (UBSs)<\/td>\n<td width=\"135\">Fechadas<\/td>\n<\/tr>\n<tr>\n<td width=\"264\">Policl\u00ednica<\/td>\n<td width=\"135\">Fechada<\/td>\n<\/tr>\n<tr>\n<td width=\"264\">UPA \u00c9den<\/td>\n<td width=\"135\">Funcionamento normal<\/td>\n<\/tr>\n<tr>\n<td width=\"264\">UPH Norte<\/td>\n<td width=\"135\">Funcionamento normal<\/td>\n<\/tr>\n<tr>\n<td width=\"264\">UPH Leste<\/td>\n<td width=\"135\">Funcionamento normal<\/td>\n<\/tr>\n<tr>\n<td width=\"264\">UPH Oeste<\/td>\n<td width=\"135\">Funcionamento normal<\/td>\n<\/tr>\n<tr>\n<td width=\"264\">PA Laranjeiras<\/td>\n<td width=\"135\">Funcionamento normal<\/td>\n<\/tr>\n<tr>\n<td width=\"264\">PA Brigadeiro Tobias<\/td>\n<td width=\"135\">Funcionamento normal<\/td>\n<\/tr>\n<tr>\n<td width=\"264\">PA Carand\u00e1<\/td>\n<td width=\"135\">Funcionamento normal<\/td>\n<\/tr>\n<tr>\n<td width=\"264\">PA Sorocaba I<\/td>\n<td width=\"135\">Funcionamento normal<\/td>\n<\/tr>\n<tr>\n<td width=\"264\">PA Aparecidinha<\/td>\n<td width=\"135\">Funcionamento normal<\/td>\n<\/tr>\n<tr>\n<td width=\"264\">\u00d4nibus Azul<\/td>\n<td width=\"135\">Sem atendimento ao p\u00fablico<\/td>\n<\/tr>\n<tr>\n<td width=\"264\">\u00d4nibus Rosa<\/td>\n<td width=\"135\">Sem atendimento ao p\u00fablico<\/td>\n<\/tr>\n<tr>\n<td width=\"264\">Caps Infantil<\/td>\n<td width=\"135\">Plant\u00e3o<\/td>\n<\/tr>\n<tr>\n<td width=\"264\">Caps AD<\/td>\n<td width=\"135\">Plant\u00e3o<\/td>\n<\/tr>\n<tr>\n<td width=\"264\">Caps III<\/td>\n<td width=\"135\">Plant\u00e3o<\/td>\n<\/tr>\n<tr>\n<td width=\"264\">CMAE<\/td>\n<td width=\"135\">Fechado<\/td>\n<\/tr>\n<tr>\n<td width=\"264\">Vigil\u00e2ncia em Sa\u00fade (Zoonoses, Vigil\u00e2ncia Sanit\u00e1ria e Epidemiol\u00f3gica)<\/td>\n<td width=\"135\">Fechado<\/td>\n<\/tr>\n<tr>\n<td width=\"264\">Procon Sorocaba<\/td>\n<td width=\"135\">Fechado<\/td>\n<\/tr>\n<tr>\n<td width=\"264\">Casa do Trabalhador (antigo PAT)<\/td>\n<td width=\"135\">Fechado<\/td>\n<\/tr>\n<tr>\n<td width=\"264\">Espa\u00e7o Empreendedor<\/td>\n<td width=\"135\">Fechado<\/td>\n<\/tr>\n<tr>\n<td width=\"264\">Biblioteca Municipal<\/td>\n<td width=\"135\">Fechada<\/td>\n<\/tr>\n<tr>\n<td width=\"264\">Biblioteca Infantil Municipal<\/td>\n<td width=\"135\">Fechada<\/td>\n<\/tr>\n<tr>\n<td width=\"264\">Museu Hist\u00f3rico Sorocabano (Zool\u00f3gico)<\/td>\n<td width=\"135\">11h \u00e0s 16h<\/td>\n<\/tr>\n<tr>\n<td width=\"264\">Museu da Estrada de Ferro Sorocabana<\/td>\n<td width=\"135\">Fechado<\/td>\n<\/tr>\n<tr>\n<td width=\"264\">Jardim Bot\u00e2nico \u201cIrm\u00e3os Villas-B\u00f4as\u201d<\/td>\n<td width=\"135\">9h \u00e0s 17h<\/td>\n<\/tr>\n<tr>\n<td width=\"264\">Zool\u00f3gico Municipal \u201cQuinzinho de Barros\u201d<\/td>\n<td width=\"135\">9h \u00e0s 16h<\/td>\n<\/tr>\n<tr>\n<td width=\"264\">Outros parques<\/td>\n<td width=\"135\">8h \u00e0s 17h<\/td>\n<\/tr>\n<tr>\n<td width=\"264\">Centros Esportivos<\/td>\n<td width=\"135\">8h \u00e0s 18h<\/td>\n<\/tr>\n<tr>\n<td width=\"264\">Hospital Veterin\u00e1rio (24h urg\u00eancia e emerg\u00eancia todos os dias)<\/td>\n<td width=\"135\">Somente urg\u00eancia e emerg\u00eancia<\/td>\n<\/tr>\n<\/tbody>\n<\/table>\n<p>\u00a0<\/p>\n<\/p><\/div>\n","protected":false},"excerpt":{"rendered":"<p>29 de abril de 2026 17:20 Por: Michelle Alves O feriado do Dia do Trabalho,&#8230;<\/p>\n","protected":false},"author":2,"featured_media":0,"comment_status":"","ping_status":"","sticky":false,"template":"","format":"standard","meta":{"footnotes":""},"categories":[2],"tags":[],"class_list":["post-42380","post","type-post","status-publish","format-standard","hentry","category-jogos-ao-vivo"],"amp_enabled":true,"_links":{"self":[{"href":"https:\/\/ipatingafc.com.br\/index.php\/wp-json\/wp\/v2\/posts\/42380","targetHints":{"allow":["GET"]}}],"collection":[{"href":"https:\/\/ipatingafc.com.br\/index.php\/wp-json\/wp\/v2\/posts"}],"about":[{"href":"https:\/\/ipatingafc.com.br\/index.php\/wp-json\/wp\/v2\/types\/post"}],"author":[{"embeddable":true,"href":"https:\/\/ipatingafc.com.br\/index.php\/wp-json\/wp\/v2\/users\/2"}],"replies":[{"embeddable":true,"href":"https:\/\/ipatingafc.com.br\/index.php\/wp-json\/wp\/v2\/comments?post=42380"}],"version-history":[{"count":0,"href":"https:\/\/ipatingafc.com.br\/index.php\/wp-json\/wp\/v2\/posts\/42380\/revisions"}],"wp:attachment":[{"href":"https:\/\/ipatingafc.com.br\/index.php\/wp-json\/wp\/v2\/media?parent=42380"}],"wp:term":[{"taxonomy":"category","embeddable":true,"href":"https:\/\/ipatingafc.com.br\/index.php\/wp-json\/wp\/v2\/categories?post=42380"},{"taxonomy":"post_tag","embeddable":true,"href":"https:\/\/ipatingafc.com.br\/index.php\/wp-json\/wp\/v2\/tags?post=42380"}],"curies":[{"name":"wp","href":"https:\/\/api.w.org\/{rel}","templated":true}]}}