{"id":42381,"date":"2026-04-29T18:27:47","date_gmt":"2026-04-29T21:27:47","guid":{"rendered":"https:\/\/ipatingafc.com.br\/index.php\/2026\/04\/29\/supremo-chega-a-14-mil-condenados-pelos-atos-golpistas\/"},"modified":"2026-04-29T18:27:47","modified_gmt":"2026-04-29T21:27:47","slug":"supremo-chega-a-14-mil-condenados-pelos-atos-golpistas","status":"publish","type":"post","link":"https:\/\/ipatingafc.com.br\/index.php\/2026\/04\/29\/supremo-chega-a-14-mil-condenados-pelos-atos-golpistas\/","title":{"rendered":"Supremo chega a 1,4 mil condenados pelos atos golpistas"},"content":{"rendered":"<p><\/p>\n<div wp_automatic_readability=\"73.653682719547\">\n<p><strong>O Supremo Tribunal Federal (STF) chegou ao patamar de 1.402 condenados pelos atos golpistas de 8 de janeiro de 2023.<\/strong>\u00a0As penas est\u00e3o divididas da seguinte forma:<\/p>\n<ul>\n<li>431 \u2013\u00a0penas de pris\u00e3o<\/li>\n<li>419 \u2013 penas alternativas<\/li>\n<li>552 \u2013 acordos de n\u00e3o persecu\u00e7\u00e3o penal.<\/li>\n<\/ul>\n<p>O balan\u00e7o sobre o andamento dos processos foi divulgado nesta quarta-feira (29) pelo gabinete do ministro Alexandre de Moraes, relator do caso.<\/p>\n<p><strong>De acordo com o levantamento, o maior grupo de condenados \u00e9 formado por 404 r\u00e9us, que receberam penas de um ano de pris\u00e3o, n\u00famero equivalente a 28,82% do total de condena\u00e7\u00f5es. Em seguida, foram registradas 213 condena\u00e7\u00f5es a 14 anos de pris\u00e3o, representando 15,19% do total.<\/strong><\/p>\n<p><strong>Com precat\u00f3rios, governo tem maior d\u00e9ficit para meses de mar\u00e7o<\/strong><\/p>\n<p><strong>Periferia Viva vai construir ou reformar banheiros para 9 mil fam\u00edlias<\/strong><\/p>\n<p><strong>A pena mais alta foi aplicada ao ex-presidente Jair Bolsonaro, \u00fanico condenado a 27 anos e tr\u00eas meses de pris\u00e3o.<\/strong><\/p>\n<p>O balan\u00e7o tamb\u00e9m mostra que 190 acusados est\u00e3o presos, sendo 169 que j\u00e1 tiveram as penas definitivas executadas e 21 pris\u00f5es provis\u00f3rias.<\/p>\n<p>&gt;&gt; Siga o canal da <strong>Ag\u00eancia Brasil<\/strong> no WhatsApp<\/p>\n<h2>N\u00facleos<\/h2>\n<p>No ano passado, a Primeira Turma da Corte teve\u00a021 sess\u00f5es\u00a0para julgar os n\u00facleos crucial, estrat\u00e9gico, executores e de desinforma\u00e7\u00e3o, formados por investigados ligados a Bolsonaro.<\/p>\n<p><strong>Saiba o que vai funcionar no feriad\u00e3o do Dia do Trabalhador<\/strong><\/p>\n<p><strong>Santander Elite, Unique e Unlimited; veja como zerar a anuidade dos cart\u00f5es premium<\/strong><\/p>\n<p>O julgamento terminou com 29 condena\u00e7\u00f5es de r\u00e9us e 2 absolvi\u00e7\u00f5es.\u00a0<\/p>\n<p>Na sexta-feira (24), Alexandre de Moraes encerrou a execu\u00e7\u00e3o definitiva das penas dos condenados pela trama golpista.<\/p>\n<p>As pris\u00f5es foram completadas ap\u00f3s o ministro determinar a execu\u00e7\u00e3o das condena\u00e7\u00f5es dos cinco condenados do N\u00facleo 2, o \u00faltimo grupo que estava pendente. Os r\u00e9us que pertencem aos\u00a0n\u00facleos 1, 3 e 4 j\u00e1 tiveram as pris\u00f5es determinadas.<\/p>\n<h2>8 de janeiro<\/h2>\n<p>Os ataques antidemocr\u00e1ticos ocorridos em 8 de janeiro de 2023 marcaram um dos epis\u00f3dios mais graves contra as institui\u00e7\u00f5es brasileiras, quando grupos de manifestantes invadiram e depredaram as sedes do Pal\u00e1cio do Planalto, do Congresso Nacional e do Supremo Tribunal Federal (STF).<\/p>\n<p>Motivados pelo inconformismo com o resultado das elei\u00e7\u00f5es presidenciais de 2022, os extremistas depredaram \u00a0patrim\u00f4nio hist\u00f3rico e art\u00edstico nacional, em uma tentativa de instigar um golpe de Estado e interromper a ordem democr\u00e1tica.<\/p>\n<p>Desde o ocorrido, o Poder Judici\u00e1rio tem atuado na responsabiliza\u00e7\u00e3o dos envolvidos, desde os executores diretos at\u00e9 os financiadores e mentores intelectuais da tentativa de golpe. A investiga\u00e7\u00e3o, conduzida sob a relatoria do ministro Alexandre de Moraes no STF, desmembrou as condutas em diferentes n\u00facleos de atua\u00e7\u00e3o.<\/p>\n<\/div>\n","protected":false},"excerpt":{"rendered":"<p>O Supremo Tribunal Federal (STF) chegou ao patamar de 1.402 condenados pelos atos golpistas de&#8230;<\/p>\n","protected":false},"author":2,"featured_media":0,"comment_status":"","ping_status":"","sticky":false,"template":"","format":"standard","meta":{"footnotes":""},"categories":[2],"tags":[],"class_list":["post-42381","post","type-post","status-publish","format-standard","hentry","category-jogos-ao-vivo"],"amp_enabled":true,"_links":{"self":[{"href":"https:\/\/ipatingafc.com.br\/index.php\/wp-json\/wp\/v2\/posts\/42381","targetHints":{"allow":["GET"]}}],"collection":[{"href":"https:\/\/ipatingafc.com.br\/index.php\/wp-json\/wp\/v2\/posts"}],"about":[{"href":"https:\/\/ipatingafc.com.br\/index.php\/wp-json\/wp\/v2\/types\/post"}],"author":[{"embeddable":true,"href":"https:\/\/ipatingafc.com.br\/index.php\/wp-json\/wp\/v2\/users\/2"}],"replies":[{"embeddable":true,"href":"https:\/\/ipatingafc.com.br\/index.php\/wp-json\/wp\/v2\/comments?post=42381"}],"version-history":[{"count":0,"href":"https:\/\/ipatingafc.com.br\/index.php\/wp-json\/wp\/v2\/posts\/42381\/revisions"}],"wp:attachment":[{"href":"https:\/\/ipatingafc.com.br\/index.php\/wp-json\/wp\/v2\/media?parent=42381"}],"wp:term":[{"taxonomy":"category","embeddable":true,"href":"https:\/\/ipatingafc.com.br\/index.php\/wp-json\/wp\/v2\/categories?post=42381"},{"taxonomy":"post_tag","embeddable":true,"href":"https:\/\/ipatingafc.com.br\/index.php\/wp-json\/wp\/v2\/tags?post=42381"}],"curies":[{"name":"wp","href":"https:\/\/api.w.org\/{rel}","templated":true}]}}