{"id":42393,"date":"2026-04-29T23:14:51","date_gmt":"2026-04-30T02:14:51","guid":{"rendered":"https:\/\/ipatingafc.com.br\/index.php\/2026\/04\/29\/fachin-diz-que-respeita-decisao-do-senado-que-barrou-messias\/"},"modified":"2026-04-29T23:14:51","modified_gmt":"2026-04-30T02:14:51","slug":"fachin-diz-que-respeita-decisao-do-senado-que-barrou-messias","status":"publish","type":"post","link":"https:\/\/ipatingafc.com.br\/index.php\/2026\/04\/29\/fachin-diz-que-respeita-decisao-do-senado-que-barrou-messias\/","title":{"rendered":"Fachin diz que respeita decis\u00e3o do Senado que barrou Messias"},"content":{"rendered":"<p><\/p>\n<div wp_automatic_readability=\"33.420183486239\">\n<p>O presidente do Supremo Tribunal Federal (STF), ministro Edson Fachin, disse nesta quarta-feira (29) que respeita a decis\u00e3o do Senado que rejeitou a indica\u00e7\u00e3o do advogado-geral da Uni\u00e3o, Jorge Messias, para\u00a0ocupar uma vaga na Suprema Corte.<\/p>\n<p><strong>Em nota \u00e0 imprensa, Fachin disse que o Supremo reitera o respeito constitucional \u00e0 prerrogativa do Senado de aprovar ou n\u00e3o uma indica\u00e7\u00e3o para o tribunal.<\/strong><\/p>\n<blockquote wp_automatic_readability=\"12.354460093897\">\n<p>\u201cReitera, igualmente, o respeito \u00e0 hist\u00f3ria pessoal e institucional de todos os agentes p\u00fablicos envolvidos no processo, reconhecendo que a vida republicana se fortalece quando diverg\u00eancias s\u00e3o tratadas com eleva\u00e7\u00e3o, urbanidade e responsabilidade p\u00fablica\u201d, afirmou.<\/p>\n<p><strong>\u201cN\u00e3o \u00e9 simples, mas Senado \u00e9 soberano\u201d, diz Messias ap\u00f3s rejei\u00e7\u00e3o<\/strong><\/p>\n<p><strong>\u201cBrasil perde a oportunidade de ter um grande ministro\u201d, diz Mendon\u00e7a<\/strong><\/p>\n<\/blockquote>\n<p><strong>O presidente do Supremo tamb\u00e9m defendeu \u201cresponsabilidade institucional\u201d para que a Corte\u00a0possa preencher a vaga do ministro aposentado Lu\u00eds Roberto Barroso. Atualmente, a Corte est\u00e1 com dez integrantes e j\u00e1 registra empates em vota\u00e7\u00f5es.\u00a0<\/strong><\/p>\n<blockquote wp_automatic_readability=\"9\">\n<p>\u201cA Corte aguarda, com a serenidade e o senso de responsabilidade institucional, as provid\u00eancias constitucionais cab\u00edveis para o oportuno preenchimento da vaga em aberto\u201d, completou.<\/p>\n<\/blockquote>\n<p>No in\u00edcio da noite, o plen\u00e1rio do Senado rejeitou a indica\u00e7\u00e3o feita pelo presidente Luiz In\u00e1cio Lula da Silva para que Messias assuma a vaga deixada por Barroso.\u00a0<\/p>\n<p>\u00a0<\/p>\n<p><strong>Xam\u00e3 solta indireta nas redes e f\u00e3s apontam recado para Ana Paula Renault<\/strong><\/p>\n<p><strong>Sisprime antecipa lan\u00e7amento de cart\u00e3o World Legend, que chega em maio<\/strong><\/p>\n<\/div>\n","protected":false},"excerpt":{"rendered":"<p>O presidente do Supremo Tribunal Federal (STF), ministro Edson Fachin, disse nesta quarta-feira (29) que&#8230;<\/p>\n","protected":false},"author":2,"featured_media":0,"comment_status":"","ping_status":"","sticky":false,"template":"","format":"standard","meta":{"footnotes":""},"categories":[2],"tags":[],"class_list":["post-42393","post","type-post","status-publish","format-standard","hentry","category-jogos-ao-vivo"],"amp_enabled":true,"_links":{"self":[{"href":"https:\/\/ipatingafc.com.br\/index.php\/wp-json\/wp\/v2\/posts\/42393","targetHints":{"allow":["GET"]}}],"collection":[{"href":"https:\/\/ipatingafc.com.br\/index.php\/wp-json\/wp\/v2\/posts"}],"about":[{"href":"https:\/\/ipatingafc.com.br\/index.php\/wp-json\/wp\/v2\/types\/post"}],"author":[{"embeddable":true,"href":"https:\/\/ipatingafc.com.br\/index.php\/wp-json\/wp\/v2\/users\/2"}],"replies":[{"embeddable":true,"href":"https:\/\/ipatingafc.com.br\/index.php\/wp-json\/wp\/v2\/comments?post=42393"}],"version-history":[{"count":0,"href":"https:\/\/ipatingafc.com.br\/index.php\/wp-json\/wp\/v2\/posts\/42393\/revisions"}],"wp:attachment":[{"href":"https:\/\/ipatingafc.com.br\/index.php\/wp-json\/wp\/v2\/media?parent=42393"}],"wp:term":[{"taxonomy":"category","embeddable":true,"href":"https:\/\/ipatingafc.com.br\/index.php\/wp-json\/wp\/v2\/categories?post=42393"},{"taxonomy":"post_tag","embeddable":true,"href":"https:\/\/ipatingafc.com.br\/index.php\/wp-json\/wp\/v2\/tags?post=42393"}],"curies":[{"name":"wp","href":"https:\/\/api.w.org\/{rel}","templated":true}]}}