{"id":42395,"date":"2026-04-29T23:55:54","date_gmt":"2026-04-30T02:55:54","guid":{"rendered":"https:\/\/ipatingafc.com.br\/index.php\/2026\/04\/29\/celso-de-mello-diz-que-senado-cometeu-grave-equivoco-institucional\/"},"modified":"2026-04-29T23:55:54","modified_gmt":"2026-04-30T02:55:54","slug":"celso-de-mello-diz-que-senado-cometeu-grave-equivoco-institucional","status":"publish","type":"post","link":"https:\/\/ipatingafc.com.br\/index.php\/2026\/04\/29\/celso-de-mello-diz-que-senado-cometeu-grave-equivoco-institucional\/","title":{"rendered":"Celso de Mello diz que Senado cometeu grave equ\u00edvoco institucional"},"content":{"rendered":"<p><\/p>\n<div wp_automatic_readability=\"35.453998797354\">\n<p><strong>O ministro aposentado do Supremo Tribunal Federal (STF) Celso de Mello afirmou nesta quarta-feira (29) que o Senado cometeu um \u201cgrave equ\u00edvoco institucional\u201d ao rejeitar a indica\u00e7\u00e3o do advogado-geral da Uni\u00e3o, Jorge Messias, para uma ocupar uma vaga na Corte.<\/strong><\/p>\n<p>Em nota \u00e0 imprensa, Mello, que ficou no tribunal entre 1989 e 2020, classificou a vota\u00e7\u00e3o como injustific\u00e1vel e disse que o entendimento n\u00e3o est\u00e1 de acordo com a trajet\u00f3ria profissional do advogado-geral.<\/p>\n<blockquote wp_automatic_readability=\"10.717391304348\">\n<p>\u201cTrata-se de grave equ\u00edvoco institucional, pois o Dr. Jorge Messias re\u00fane, de modo pleno, os requisitos que a Constitui\u00e7\u00e3o da Rep\u00fablica exige para a leg\u00edtima investidura no cargo de ministro da Suprema Corte\u201d, disse Mello.<\/p>\n<p><strong>Fachin diz que respeita decis\u00e3o do Senado que barrou Messias<\/strong><\/p>\n<p><strong>\u201cN\u00e3o \u00e9 simples, mas Senado \u00e9 soberano\u201d, diz Messias ap\u00f3s rejei\u00e7\u00e3o<\/strong><\/p>\n<\/blockquote>\n<p><strong>O ministro aposentado tamb\u00e9m ressaltou que n\u00e3o h\u00e1 causa legitima para o Senado rejeitar a indica\u00e7\u00e3o do presidente Luiz In\u00e1cio Lula da Silva para a Suprema Corte.\u00a0<\/strong><\/p>\n<p>\u201cConsidero profundamente infeliz a decis\u00e3o do Senado Federal. Perdeu-se a oportunidade de incorporar ao Supremo Tribunal Federal um jurista s\u00e9rio, preparado, experiente e comprometido com os valores superiores do Estado Democr\u00e1tico de Direito\u201d, completou.<\/p>\n<p>No in\u00edcio da noite, o plen\u00e1rio do Senado rejeitou a indica\u00e7\u00e3o feita pelo presidente Lula para que Messias assuma a vaga deixada pela aposentadoria do ministro Lu\u00eds Roberto Barroso. \u00a0<\/p>\n<p><strong>\u201cBrasil perde a oportunidade de ter um grande ministro\u201d, diz Mendon\u00e7a<\/strong><\/p>\n<p><strong>Xam\u00e3 solta indireta nas redes e f\u00e3s apontam recado para Ana Paula Renault<\/strong><\/p>\n<\/div>\n","protected":false},"excerpt":{"rendered":"<p>O ministro aposentado do Supremo Tribunal Federal (STF) Celso de Mello afirmou nesta quarta-feira (29)&#8230;<\/p>\n","protected":false},"author":2,"featured_media":0,"comment_status":"","ping_status":"","sticky":false,"template":"","format":"standard","meta":{"footnotes":""},"categories":[2],"tags":[],"class_list":["post-42395","post","type-post","status-publish","format-standard","hentry","category-jogos-ao-vivo"],"amp_enabled":true,"_links":{"self":[{"href":"https:\/\/ipatingafc.com.br\/index.php\/wp-json\/wp\/v2\/posts\/42395","targetHints":{"allow":["GET"]}}],"collection":[{"href":"https:\/\/ipatingafc.com.br\/index.php\/wp-json\/wp\/v2\/posts"}],"about":[{"href":"https:\/\/ipatingafc.com.br\/index.php\/wp-json\/wp\/v2\/types\/post"}],"author":[{"embeddable":true,"href":"https:\/\/ipatingafc.com.br\/index.php\/wp-json\/wp\/v2\/users\/2"}],"replies":[{"embeddable":true,"href":"https:\/\/ipatingafc.com.br\/index.php\/wp-json\/wp\/v2\/comments?post=42395"}],"version-history":[{"count":0,"href":"https:\/\/ipatingafc.com.br\/index.php\/wp-json\/wp\/v2\/posts\/42395\/revisions"}],"wp:attachment":[{"href":"https:\/\/ipatingafc.com.br\/index.php\/wp-json\/wp\/v2\/media?parent=42395"}],"wp:term":[{"taxonomy":"category","embeddable":true,"href":"https:\/\/ipatingafc.com.br\/index.php\/wp-json\/wp\/v2\/categories?post=42395"},{"taxonomy":"post_tag","embeddable":true,"href":"https:\/\/ipatingafc.com.br\/index.php\/wp-json\/wp\/v2\/tags?post=42395"}],"curies":[{"name":"wp","href":"https:\/\/api.w.org\/{rel}","templated":true}]}}