{"id":42403,"date":"2026-04-30T02:46:47","date_gmt":"2026-04-30T05:46:47","guid":{"rendered":"https:\/\/ipatingafc.com.br\/index.php\/2026\/04\/30\/agencia-minas-gerais-minas-gerais-acelera-ritmo-de-geracao-de-empregos-com-mais-de-70-mil-novas-vagas-em-2026\/"},"modified":"2026-04-30T02:46:47","modified_gmt":"2026-04-30T05:46:47","slug":"agencia-minas-gerais-minas-gerais-acelera-ritmo-de-geracao-de-empregos-com-mais-de-70-mil-novas-vagas-em-2026","status":"publish","type":"post","link":"https:\/\/ipatingafc.com.br\/index.php\/2026\/04\/30\/agencia-minas-gerais-minas-gerais-acelera-ritmo-de-geracao-de-empregos-com-mais-de-70-mil-novas-vagas-em-2026\/","title":{"rendered":"Ag\u00eancia Minas Gerais | Minas Gerais acelera ritmo de gera\u00e7\u00e3o de empregos com mais de 70 mil novas vagas em 2026"},"content":{"rendered":"<p><\/p>\n<div>\n<p>Minas Gerais abriu 38.845 novas vagas de emprego formal em mar\u00e7o de 2026, segundo dados do Cadastro Geral de Empregados e Desempregados (Caged) divulgados nesta quarta-feira (29\/4). O n\u00famero representa o segundo maior saldo j\u00e1 registrado para o m\u00eas em toda a s\u00e9rie hist\u00f3rica.<\/p>\n<p>O saldo \u00e9 fruto de 274.365 admiss\u00f5es contra 235.520 desligamentos. Com este desempenho, Minas se consolidou como o segundo estado que mais gerou vagas no Brasil no \u00faltimo m\u00eas e j\u00e1 acumula 70.625 novos postos abertos em 2026.<\/p>\n<p>O resultado expressivo evidencia o ciclo de recupera\u00e7\u00e3o econ\u00f4mica promovido pelo Governo de Minas desde 2019. Com pol\u00edticas de atra\u00e7\u00e3o de investimento, desburocratiza\u00e7\u00e3o e qualifica\u00e7\u00e3o profissional, o estado j\u00e1 criou mais de 1 milh\u00e3o de empregos formais.<\/p>\n<p>Esse volume de contrata\u00e7\u00f5es levou Minas a atingir a menor taxa de desemprego de sua hist\u00f3ria: 3,8% no quarto trimestre de 2025, \u00edndice significativamente inferior \u00e0 m\u00e9dia nacional, que fechou o per\u00edodo em 5,1%.<\/p>\n<p>\u00a0<\/p>\n<table align=\"center\" border=\"0\" cellpadding=\"1\" cellspacing=\"1\" style=\"width: 100%;\">&#13;<\/p>\n<tbody>&#13;<\/p>\n<tr>&#13;<\/p>\n<td colspan=\"5\" style=\"text-align: center; vertical-align: middle;\">&#13;<\/p>\n<p style=\"text-align:center\">\n<p>&#13;\n\t\t\t<\/td>\n<p>&#13;<br \/>\n\t\t<\/tr>\n<p>&#13;<\/p>\n<tr>&#13;<\/p>\n<td style=\"text-align: center; vertical-align: middle;\">\u00a0<\/td>\n<p>&#13;<\/p>\n<td colspan=\"3\" rowspan=\"3\" style=\"text-align: center; vertical-align: middle;\">&#13;<br \/>\n\t\t\t&#13;\n\t\t\t<\/td>\n<p>&#13;<\/p>\n<td style=\"text-align: center; vertical-align: middle;\">\u00a0<\/td>\n<p>&#13;<br \/>\n\t\t<\/tr>\n<p>&#13;<\/p>\n<tr>&#13;<\/p>\n<td style=\"text-align: center; vertical-align: middle;\">\u00a0<\/td>\n<p>&#13;<\/p>\n<td style=\"text-align: center; vertical-align: middle;\">\u00a0<\/td>\n<p>&#13;<br \/>\n\t\t<\/tr>\n<p>&#13;<\/p>\n<tr>&#13;<\/p>\n<td style=\"text-align: center; vertical-align: middle;\">\u00a0<\/td>\n<p>&#13;<\/p>\n<td style=\"text-align: center; vertical-align: middle;\">\u00a0<\/td>\n<p>&#13;<br \/>\n\t\t<\/tr>\n<p>&#13;<\/p>\n<tr>&#13;<\/p>\n<td colspan=\"5\" style=\"text-align: center; vertical-align: middle;\">&#13;<\/p>\n<p style=\"text-align:center\">\n<p>&#13;\n\t\t\t<\/td>\n<p>&#13;<br \/>\n\t\t<\/tr>\n<p>&#13;<br \/>\n\t<\/tbody>\n<p>&#13;<br \/>\n<\/table>\n<p>\u00a0<\/p>\n<p>O secret\u00e1rio de Estado interino de Desenvolvimento Social, Ricardo Alves, ressalta que a qualifica\u00e7\u00e3o profissional \u00e9 a prioridade central da Sedese para manter esse ciclo de crescimento.<\/p>\n<p>&#8220;A Sedese tem o compromisso de levar qualifica\u00e7\u00e3o profissional para que o mineiro esteja preparado para as vagas que o mercado est\u00e1 criando. O programa Evolu\u00e7\u00e3o Jovem, por exemplo, \u00e9 o melhor exemplo de como o poder p\u00fablico tem incentivado a qualifica\u00e7\u00e3o e a gera\u00e7\u00e3o de renda para quem mais precisa, unindo educa\u00e7\u00e3o e empregabilidade para assegurar que o crescimento econ\u00f4mico chegue de forma direta a quem mais precisa&#8221;, ressalta.<\/p>\n<p><strong>Economia diversificada<\/strong><\/p>\n<p>O crescimento registrado em mar\u00e7o foi impulsionado por um desempenho positivo em todos os setores da economia mineira, com destaque para o setor de Servi\u00e7os, que liderou a abertura de postos com 17.865 novas vagas, seguido pela Agropecu\u00e1ria (+9.722), Constru\u00e7\u00e3o (+4.176), Com\u00e9rcio (+3.752) e Ind\u00fastria (+3.331).<\/p>\n<p>Para a diretora de Monitoramento e Articula\u00e7\u00e3o de Oportunidades de Trabalho da Sedese, Amanda Carvalho, a an\u00e1lise dos dados revela a solidez da economia.<\/p>\n<p>&#8220;O resultado de mar\u00e7o mostra uma economia diversificada que protege o estado de oscila\u00e7\u00f5es espec\u00edficas de mercado e prova que as pol\u00edticas de fomento est\u00e3o alcan\u00e7ando todas as cadeias produtivas, consolidando Minas como uma vitrine de estabilidade e crescimento no pa\u00eds\u201d, avalia.<\/p>\n<p>Minas Gerais segue como o segundo estado com o maior estoque de empregos formais do pa\u00eds, com mais de 5 milh\u00f5es (5.058.972) de trabalhadores. O estoque representa a quantidade total de pessoas com carteira assinada empregadas nos setores p\u00fablico e privado.<\/p>\n<\/p><\/div>\n","protected":false},"excerpt":{"rendered":"<p>Minas Gerais abriu 38.845 novas vagas de emprego formal em mar\u00e7o de 2026, segundo dados&#8230;<\/p>\n","protected":false},"author":2,"featured_media":0,"comment_status":"","ping_status":"","sticky":false,"template":"","format":"standard","meta":{"footnotes":""},"categories":[2],"tags":[],"class_list":["post-42403","post","type-post","status-publish","format-standard","hentry","category-jogos-ao-vivo"],"amp_enabled":true,"_links":{"self":[{"href":"https:\/\/ipatingafc.com.br\/index.php\/wp-json\/wp\/v2\/posts\/42403","targetHints":{"allow":["GET"]}}],"collection":[{"href":"https:\/\/ipatingafc.com.br\/index.php\/wp-json\/wp\/v2\/posts"}],"about":[{"href":"https:\/\/ipatingafc.com.br\/index.php\/wp-json\/wp\/v2\/types\/post"}],"author":[{"embeddable":true,"href":"https:\/\/ipatingafc.com.br\/index.php\/wp-json\/wp\/v2\/users\/2"}],"replies":[{"embeddable":true,"href":"https:\/\/ipatingafc.com.br\/index.php\/wp-json\/wp\/v2\/comments?post=42403"}],"version-history":[{"count":0,"href":"https:\/\/ipatingafc.com.br\/index.php\/wp-json\/wp\/v2\/posts\/42403\/revisions"}],"wp:attachment":[{"href":"https:\/\/ipatingafc.com.br\/index.php\/wp-json\/wp\/v2\/media?parent=42403"}],"wp:term":[{"taxonomy":"category","embeddable":true,"href":"https:\/\/ipatingafc.com.br\/index.php\/wp-json\/wp\/v2\/categories?post=42403"},{"taxonomy":"post_tag","embeddable":true,"href":"https:\/\/ipatingafc.com.br\/index.php\/wp-json\/wp\/v2\/tags?post=42403"}],"curies":[{"name":"wp","href":"https:\/\/api.w.org\/{rel}","templated":true}]}}