{"id":42426,"date":"2026-04-30T11:25:22","date_gmt":"2026-04-30T14:25:22","guid":{"rendered":"https:\/\/ipatingafc.com.br\/index.php\/2026\/04\/30\/prefeitura-do-rio-firma-acordo-com-a-viario-para-baixar-reajuste-da-tarifa-da-transolimpica-e-congelar-valor-por-tres-anos-prefeitura-da-cidade-do-rio-de-janeiro\/"},"modified":"2026-04-30T11:25:22","modified_gmt":"2026-04-30T14:25:22","slug":"prefeitura-do-rio-firma-acordo-com-a-viario-para-baixar-reajuste-da-tarifa-da-transolimpica-e-congelar-valor-por-tres-anos-prefeitura-da-cidade-do-rio-de-janeiro","status":"publish","type":"post","link":"https:\/\/ipatingafc.com.br\/index.php\/2026\/04\/30\/prefeitura-do-rio-firma-acordo-com-a-viario-para-baixar-reajuste-da-tarifa-da-transolimpica-e-congelar-valor-por-tres-anos-prefeitura-da-cidade-do-rio-de-janeiro\/","title":{"rendered":"Prefeitura do Rio firma acordo com a ViaRio para baixar reajuste da tarifa da Transol\u00edmpica e congelar valor por tr\u00eas anos &#8211; Prefeitura da Cidade do Rio de Janeiro"},"content":{"rendered":"<p><\/p>\n<div id=\"main\">\n<div class=\"wrapper-breadcrumbs\" wp_automatic_readability=\"56.758165392634\">\n<div class=\"image-post\" wp_automatic_readability=\"36\">\n                     Acordo estabelece tarifa de R$ 9,95, a partir do dia 3 de maio, e desconto progressivo para usu\u00e1rios frequentes &#8211; Arquivo\/Prefeitura do Rio                  <\/div>\n<p>A Prefeitura do Rio de Janeiro firmou acordo com a ViaRio para a atualiza\u00e7\u00e3o da tarifa da Transol\u00edmpica, garantindo a aplica\u00e7\u00e3o de um valor inferior ao autorizado judicialmente e ao previsto contratualmente, al\u00e9m da amplia\u00e7\u00e3o de benef\u00edcios para os usu\u00e1rios da via.<\/p>\n<p>O reajuste originalmente projetado, com base nas regras contratuais, apontava tarifa de R$ 10,80 para 2026, sendo R$ 10,35 o valor autorizado pela Justi\u00e7a desde dezembro de 2025. Como resultado da negocia\u00e7\u00e3o conduzida pela Prefeitura, foi definida a aplica\u00e7\u00e3o de uma tarifa reduzida de R$ 9,95, evidenciando o compromisso com o interesse p\u00fablico e a redu\u00e7\u00e3o do impacto financeiro para os usu\u00e1rios.<\/p>\n<p>A nova tarifa passa a vigorar a partir de 3 de maio e permanecer\u00e1 sem reajustes pelos pr\u00f3ximos tr\u00eas anos, conforme estabelecido no acordo firmado entre as partes, trazendo maior previsibilidade e estabilidade para os motoristas.<\/p>\n<p>Como parte desse avan\u00e7o, tamb\u00e9m ser\u00e1 implementado o modelo de Desconto para Usu\u00e1rios Frequentes (DUF), que oferece tarifas progressivamente menores de acordo com a quantidade de passagens realizadas:<\/p>\n<p>* 1 a 7 passagens: R$ 9,95<br \/>* 8 a 12 passagens: R$ 9,55<br \/>* 13 a 19 passagens: R$ 9,15<br \/>* 20 ou mais passagens: R$ 8,80<\/p>\n<p>O benef\u00edcio \u00e9 v\u00e1lido para ve\u00edculos leves (categorias 1, 3 e 5) e exclusivo para usu\u00e1rios que utilizam TAG nas pistas autom\u00e1ticas (AVI). O desconto (DUF) \u00e9 calculado no m\u00eas e aplicado separadamente por TAG, pra\u00e7a e sentido.<\/p>\n<p>A Prefeitura refor\u00e7a que a atualiza\u00e7\u00e3o tarif\u00e1ria tamb\u00e9m assegura a continuidade dos servi\u00e7os prestados na via, como manuten\u00e7\u00e3o, sinaliza\u00e7\u00e3o, conserva\u00e7\u00e3o, atendimento a emerg\u00eancias e seguran\u00e7a vi\u00e1ria.<\/p>\n<p>O acordo refor\u00e7a a busca da Prefeitura por solu\u00e7\u00f5es consensuais que respeitem os contratos. Neste sentido, a negocia\u00e7\u00e3o foi realizada no \u00e2mbito de um processo formal de reequil\u00edbrio contratual. A aplica\u00e7\u00e3o de tarifa inferior \u00e0quela prevista contratualmente ser\u00e1 compensada por amplia\u00e7\u00e3o do prazo da concess\u00e3o em 15 anos. A nova evolu\u00e7\u00e3o tarif\u00e1ria acordada entre as partes permitir\u00e1 que a tarifa originalmente prevista no contrato s\u00f3 seja alcan\u00e7ada em 2039.<\/p>\n<p>             <!-- Compartilhe ---><\/p>\n<p>\t\t\t <!-- TAGS --><\/p>\n<section class=\"category-tags\">\n<div class=\"marcacao-category\">\n<article class=\"category-post\">\n<p>Categoria: <\/p>\n<\/article>\n<li>30 de abril de 2026<\/li><\/div>\n<article class=\"tags\">\n\t\t\t\t\tMarca\u00e7\u00f5es: acordo ped\u00e1gio Transol\u00edmpica<br \/><\/article>\n<\/section>\n<p>            <!-- Mais Not&iacute;cias --><\/p>\n<p>\t\t<!-- Conte&uacute;do SIDEBAR --><\/p><\/div>\n<\/p><\/div>\n","protected":false},"excerpt":{"rendered":"<p>Acordo estabelece tarifa de R$ 9,95, a partir do dia 3 de maio, e desconto&#8230;<\/p>\n","protected":false},"author":2,"featured_media":0,"comment_status":"","ping_status":"","sticky":false,"template":"","format":"standard","meta":{"footnotes":""},"categories":[2],"tags":[],"class_list":["post-42426","post","type-post","status-publish","format-standard","hentry","category-jogos-ao-vivo"],"amp_enabled":true,"_links":{"self":[{"href":"https:\/\/ipatingafc.com.br\/index.php\/wp-json\/wp\/v2\/posts\/42426","targetHints":{"allow":["GET"]}}],"collection":[{"href":"https:\/\/ipatingafc.com.br\/index.php\/wp-json\/wp\/v2\/posts"}],"about":[{"href":"https:\/\/ipatingafc.com.br\/index.php\/wp-json\/wp\/v2\/types\/post"}],"author":[{"embeddable":true,"href":"https:\/\/ipatingafc.com.br\/index.php\/wp-json\/wp\/v2\/users\/2"}],"replies":[{"embeddable":true,"href":"https:\/\/ipatingafc.com.br\/index.php\/wp-json\/wp\/v2\/comments?post=42426"}],"version-history":[{"count":0,"href":"https:\/\/ipatingafc.com.br\/index.php\/wp-json\/wp\/v2\/posts\/42426\/revisions"}],"wp:attachment":[{"href":"https:\/\/ipatingafc.com.br\/index.php\/wp-json\/wp\/v2\/media?parent=42426"}],"wp:term":[{"taxonomy":"category","embeddable":true,"href":"https:\/\/ipatingafc.com.br\/index.php\/wp-json\/wp\/v2\/categories?post=42426"},{"taxonomy":"post_tag","embeddable":true,"href":"https:\/\/ipatingafc.com.br\/index.php\/wp-json\/wp\/v2\/tags?post=42426"}],"curies":[{"name":"wp","href":"https:\/\/api.w.org\/{rel}","templated":true}]}}