{"id":42433,"date":"2026-04-30T14:58:19","date_gmt":"2026-04-30T17:58:19","guid":{"rendered":"https:\/\/ipatingafc.com.br\/index.php\/2026\/04\/30\/brasileiros-estavam-em-flotilha-interceptada-por-militares-israelenses\/"},"modified":"2026-04-30T14:58:19","modified_gmt":"2026-04-30T17:58:19","slug":"brasileiros-estavam-em-flotilha-interceptada-por-militares-israelenses","status":"publish","type":"post","link":"https:\/\/ipatingafc.com.br\/index.php\/2026\/04\/30\/brasileiros-estavam-em-flotilha-interceptada-por-militares-israelenses\/","title":{"rendered":"Brasileiros estavam em flotilha interceptada por militares israelenses"},"content":{"rendered":"<p><\/p>\n<div wp_automatic_readability=\"60.051292743953\">\n<p><strong>Quatro Integrantes da delega\u00e7\u00e3o brasileira, participantes da miss\u00e3o humanit\u00e1ria n\u00e3o violenta da Global Sumud Flotilla, est\u00e3o entre os sequestrados em \u00e1guas internacionais<\/strong> nas proximidades da Ilha de Creta, enquanto navegavam em dire\u00e7\u00e3o \u00e0 Faixa de Gaza.<\/p>\n<p>S\u00e3o eles: Amanda Coelho Marzall, conhecida como Mandi Coelho, militante pelo PSTU, parte da liga internacional dos trabalhadores e pr\u00e9-candidata ao cargo de deputada federal por S\u00e3o Paulo; Leandro Lanfredi de Andrade, petroleiro da Petrobras Transporte, diretor do SindiPetro-RJ e da Federa\u00e7\u00e3o Nacional de Petroleiros; Thiago de \u00c1vila e Silva Oliveira, militante internacionalista e membro do Comit\u00ea Diretor Internacional da GSF; e Thainara Rog\u00e9rio.<\/p>\n<p>Segundo a Global Sumud Flotilla, outra brasileira, Beatriz Moreira de Oliveira, militante do Movimento dos Atingidos por Barragens, est\u00e1 a bordo do barco Amazona, que conseguiu despistar as for\u00e7as de ocupa\u00e7\u00e3o israelense at\u00e9 entrar em \u00e1guas territoriais da Gr\u00e9cia.\u00a0<\/p>\n<p><strong>Ped\u00e1gio eletr\u00f4nico: entenda as regras para regulariza\u00e7\u00e3o de multas<\/strong><\/p>\n<p><strong>PM faz opera\u00e7\u00e3o para combater roubos e tr\u00e1fico na capital paulista<\/strong><\/p>\n<p>Tamb\u00e9m escaparam as coordenadoras da Global Sumud Brasil, que estavam a bordo do barco SAF SAF, Lisi Proen\u00e7a e Ariadne Teles, que desembarcaram na Sic\u00edlia (It\u00e1lia) para ajudar no trabalho da equipe de terra. As embarca\u00e7\u00f5es haviam sa\u00eddo de Catania na It\u00e1lia em 26 de abril.<\/p>\n<p><strong>Os navios de ajuda humanit\u00e1ria foram interceptados por Israel na noite dessa quarta-feira (29) ao largo da pen\u00ednsula grega de Peloponeso, localizada a centenas de quil\u00f4metros de Gaza, segundo os organizadores da flotilha.<\/strong><\/p>\n<p><strong>Em comunicado, o grupo disse que a a\u00e7\u00e3o se trata de pirataria e captura ilegal de seres humanos. <\/strong>\u201cEssa \u00e9 uma afirma\u00e7\u00e3o de que Israel pode operar com total impunidade, muito al\u00e9m de suas pr\u00f3prias fronteiras\u201d.<\/p>\n<p>Imagens divulgadas pelo grupo mostram israelenses abordando o navio, e a tripula\u00e7\u00e3o com coletes salva-vidas e as m\u00e3os para cima. Todos foram levados para embarca\u00e7\u00f5es israelenses.\u00a0<\/p>\n<p><strong>Feira liter\u00e1ria resgata hist\u00f3ria afro-brasileira no bairro do Bixiga<\/strong><\/p>\n<p><strong>Liberdade de imprensa est\u00e1 em queda nas democracias, alerta RSF<\/strong><\/p>\n<p>Em outubro do ano passado, os militares israelenses abordaram uma flotilha da organiza\u00e7\u00e3o e prenderam mais de 450 participantes, incluindo a ativista sueca Greta Thunberg.<br \/>\u00a0<\/p>\n<\/div>\n","protected":false},"excerpt":{"rendered":"<p>Quatro Integrantes da delega\u00e7\u00e3o brasileira, participantes da miss\u00e3o humanit\u00e1ria n\u00e3o violenta da Global Sumud Flotilla,&#8230;<\/p>\n","protected":false},"author":2,"featured_media":0,"comment_status":"","ping_status":"","sticky":false,"template":"","format":"standard","meta":{"footnotes":""},"categories":[2],"tags":[],"class_list":["post-42433","post","type-post","status-publish","format-standard","hentry","category-jogos-ao-vivo"],"amp_enabled":true,"_links":{"self":[{"href":"https:\/\/ipatingafc.com.br\/index.php\/wp-json\/wp\/v2\/posts\/42433","targetHints":{"allow":["GET"]}}],"collection":[{"href":"https:\/\/ipatingafc.com.br\/index.php\/wp-json\/wp\/v2\/posts"}],"about":[{"href":"https:\/\/ipatingafc.com.br\/index.php\/wp-json\/wp\/v2\/types\/post"}],"author":[{"embeddable":true,"href":"https:\/\/ipatingafc.com.br\/index.php\/wp-json\/wp\/v2\/users\/2"}],"replies":[{"embeddable":true,"href":"https:\/\/ipatingafc.com.br\/index.php\/wp-json\/wp\/v2\/comments?post=42433"}],"version-history":[{"count":0,"href":"https:\/\/ipatingafc.com.br\/index.php\/wp-json\/wp\/v2\/posts\/42433\/revisions"}],"wp:attachment":[{"href":"https:\/\/ipatingafc.com.br\/index.php\/wp-json\/wp\/v2\/media?parent=42433"}],"wp:term":[{"taxonomy":"category","embeddable":true,"href":"https:\/\/ipatingafc.com.br\/index.php\/wp-json\/wp\/v2\/categories?post=42433"},{"taxonomy":"post_tag","embeddable":true,"href":"https:\/\/ipatingafc.com.br\/index.php\/wp-json\/wp\/v2\/tags?post=42433"}],"curies":[{"name":"wp","href":"https:\/\/api.w.org\/{rel}","templated":true}]}}