{"id":42434,"date":"2026-04-30T15:22:36","date_gmt":"2026-04-30T18:22:36","guid":{"rendered":"https:\/\/ipatingafc.com.br\/index.php\/2026\/04\/30\/confira-a-agenda-de-atendimentos-da-van-do-emprego-e-qualificacao-na-semana-do-trabalhador-agencia-de-noticias\/"},"modified":"2026-04-30T15:22:36","modified_gmt":"2026-04-30T18:22:36","slug":"confira-a-agenda-de-atendimentos-da-van-do-emprego-e-qualificacao-na-semana-do-trabalhador-agencia-de-noticias","status":"publish","type":"post","link":"https:\/\/ipatingafc.com.br\/index.php\/2026\/04\/30\/confira-a-agenda-de-atendimentos-da-van-do-emprego-e-qualificacao-na-semana-do-trabalhador-agencia-de-noticias\/","title":{"rendered":"Confira a agenda de atendimentos da Van do Emprego e Qualifica\u00e7\u00e3o na Semana do Trabalhador \u2013 Ag\u00eancia de Not\u00edcias"},"content":{"rendered":"<p><\/p>\n<div>\n<div class=\"col\">\n<p class=\"mt-0\">\n                        <strong><br \/>\n                            <span class=\"far fa-calendar mr-1 mt-2\"\/><br \/>\n                            30 de abril de 2026<br \/>\n                            <span class=\"far fa-clock ml-3 mt-2\"\/><br \/>\n                            15:20<br \/>\n                        <\/strong>\n                    <\/p>\n<p class=\"mb-0\">Por: <strong>Secom<\/strong><\/p>\n<\/p><\/div>\n<\/p><\/div>\n<div>\n<p>Unidade m\u00f3vel da Prefeitura de Sorocaba, a Van do Emprego e Qualifica\u00e7\u00e3o estar\u00e1 em oito pontos da cidade entre segunda-feira e s\u00e1bado (de 4 a 9 de maio) \u2013 a Semana do Trabalhador. Vinculada \u00e0 Secretaria de Rela\u00e7\u00f5es do Trabalho e Qualifica\u00e7\u00e3o Profissional (Sert), a Van do Emprego e da Qualifica\u00e7\u00e3o Profissional recebe o morador em busca de uma vaga no mercado de trabalho da mesma forma que ele \u00e9 atendido na Casa do Trabalhador (antigo PAT), no Centro, ou em uma das Casas do Cidad\u00e3o, ampliando, ainda mais, o acesso do sorocabano \u00e0s oportunidades de emprego.<\/p>\n<p>Na segunda-feira (4), das 8h \u00e0s 11h, a Van do Emprego e Qualifica\u00e7\u00e3o estar\u00e1 dispon\u00edvel no Terminal S\u00e3o Paulo, no acesso pela Rua Leopoldo Machado, 259, Centro; e, das 13h \u00e0s 16h, no Terminal Santo Ant\u00f4nio, na entrada pela Avenida Afonso Vergueiro, 733, Centro.<\/p>\n<p>Na ter\u00e7a-feira (5), das 8h \u00e0s 11h, a unidade itinerante da Casa do Trabalhador estar\u00e1 no SOS Centro POP, localizado na Rua Francelino Rom\u00e3o, 100, Vila Rica II; e das 14h \u00e0s 16h, na Escola Municipal Prof.\u00aa Genny Kalil Milego, na Rua Vanderlei Fel\u00edcio, 215, bairro Herbert de Souza.<\/p>\n<p>J\u00e1 na quarta-feira (6), a Van do Emprego e Qualifica\u00e7\u00e3o atender\u00e1, das 9h \u00e0s 16h, durante a Quarta com o Prefeito, ao lado do Teatro Municipal Teot\u00f4nio Vilela, localizado na Avenida Eng.\u00ba Carlos Reinaldo Mendes, 3.041, Alto da Boa Vista (no jardim do Pa\u00e7o Municipal).<\/p>\n<p>Na quinta-feira (7), os servi\u00e7os ser\u00e3o levados \u00e0 Pra\u00e7a Coronel Fernando Prestes, no Centro, das 9h \u00e0s 12h e das 13h \u00e0s 16h.<\/p>\n<p>Na sexta-feira (8), o ve\u00edculo estar\u00e1 das 9h \u00e0s 11h na UBS Sorocaba 1, na Avenida Am\u00e9rico Figueiredo, 3.171, bairro J\u00falio de Mesquita Filho; e das 14h \u00e0s 16h, na Secretaria da Mulher, localizada \u00e0 Avenida Rudolf Dafferner, 65, Alto da Boa Vista.<\/p>\n<p>No s\u00e1bado (9), a Van do Emprego retornar\u00e1 \u00e0 Pra\u00e7a Coronel Fernando Prestes, das 9h \u00e0s 15h, para o encerramento da Semana do Trabalhador.<\/p>\n<p>A Casa do Trabalhador tamb\u00e9m realiza atendimentos sem necessidade de agendamento pr\u00e9vio em sua unidade fixa, situada na Rua Coronel Cavalheiros, 353, Centro, de segunda a sexta-feira, das 8h \u00e0s 16h, assim como nas Casas do Cidad\u00e3o. Os interessados devem levar carteira de trabalho, CPF e RG. Al\u00e9m disso, poder\u00e3o consultar vagas de emprego e enviar curr\u00edculo pelos computadores dispon\u00edveis para uso da popula\u00e7\u00e3o na Casa do Trabalhador. Mais informa\u00e7\u00f5es pelo WhatsApp: (15) 99149-2474.<\/p>\n<\/p><\/div>\n","protected":false},"excerpt":{"rendered":"<p>30 de abril de 2026 15:20 Por: Secom Unidade m\u00f3vel da Prefeitura de Sorocaba, a&#8230;<\/p>\n","protected":false},"author":2,"featured_media":0,"comment_status":"","ping_status":"","sticky":false,"template":"","format":"standard","meta":{"footnotes":""},"categories":[2],"tags":[],"class_list":["post-42434","post","type-post","status-publish","format-standard","hentry","category-jogos-ao-vivo"],"amp_enabled":true,"_links":{"self":[{"href":"https:\/\/ipatingafc.com.br\/index.php\/wp-json\/wp\/v2\/posts\/42434","targetHints":{"allow":["GET"]}}],"collection":[{"href":"https:\/\/ipatingafc.com.br\/index.php\/wp-json\/wp\/v2\/posts"}],"about":[{"href":"https:\/\/ipatingafc.com.br\/index.php\/wp-json\/wp\/v2\/types\/post"}],"author":[{"embeddable":true,"href":"https:\/\/ipatingafc.com.br\/index.php\/wp-json\/wp\/v2\/users\/2"}],"replies":[{"embeddable":true,"href":"https:\/\/ipatingafc.com.br\/index.php\/wp-json\/wp\/v2\/comments?post=42434"}],"version-history":[{"count":0,"href":"https:\/\/ipatingafc.com.br\/index.php\/wp-json\/wp\/v2\/posts\/42434\/revisions"}],"wp:attachment":[{"href":"https:\/\/ipatingafc.com.br\/index.php\/wp-json\/wp\/v2\/media?parent=42434"}],"wp:term":[{"taxonomy":"category","embeddable":true,"href":"https:\/\/ipatingafc.com.br\/index.php\/wp-json\/wp\/v2\/categories?post=42434"},{"taxonomy":"post_tag","embeddable":true,"href":"https:\/\/ipatingafc.com.br\/index.php\/wp-json\/wp\/v2\/tags?post=42434"}],"curies":[{"name":"wp","href":"https:\/\/api.w.org\/{rel}","templated":true}]}}