{"id":42441,"date":"2026-04-30T19:20:49","date_gmt":"2026-04-30T22:20:49","guid":{"rendered":"https:\/\/ipatingafc.com.br\/index.php\/2026\/04\/30\/agencia-minas-gerais-governo-de-minas-anuncia-r-440-milhoes-em-obras-e-projetos-de-infraestrutura-rodoviaria-para-regiao-do-campo-das-vertentes\/"},"modified":"2026-04-30T19:20:49","modified_gmt":"2026-04-30T22:20:49","slug":"agencia-minas-gerais-governo-de-minas-anuncia-r-440-milhoes-em-obras-e-projetos-de-infraestrutura-rodoviaria-para-regiao-do-campo-das-vertentes","status":"publish","type":"post","link":"https:\/\/ipatingafc.com.br\/index.php\/2026\/04\/30\/agencia-minas-gerais-governo-de-minas-anuncia-r-440-milhoes-em-obras-e-projetos-de-infraestrutura-rodoviaria-para-regiao-do-campo-das-vertentes\/","title":{"rendered":"Ag\u00eancia Minas Gerais | Governo de Minas anuncia R$ 440 milh\u00f5es em obras e projetos de infraestrutura rodovi\u00e1ria para regi\u00e3o do Campo das Vertentes"},"content":{"rendered":"<p><\/p>\n<div>\n<section class=\"news-related \/ col-md-4 col-lg-3 \/ margin-md-bottom-2 margin-left-1 \/ pull-right \/ hidden-xs hidden-sm\">\n<header>\n<p class=\"text-title-section \/ margin-bottom-1\">Relacionadas<\/p>\n<\/header>\n<p>\t\t\t\t\t\t\t<main><\/p>\n<hr class=\"row margin-md-bottom-2\"\/>\n<hr class=\"row margin-md-bottom-2\"\/>\n\t\t\t\t\t\t\t<\/main><br \/>\n\t\t\t\t\t\t<\/section>\n<p>O governador Mateus Sim\u00f5es anunciou, nesta quinta-feira (30\/4), investimentos de R$ 440 milh\u00f5es em obras e projetos de infraestrutura rodovi\u00e1ria para a regi\u00e3o do Campo das Vertentes, com destaque para a pavimenta\u00e7\u00e3o da MG-338, entre Ibertioga e Piedade do Rio Grande, que j\u00e1 est\u00e1 com licita\u00e7\u00e3o aberta.<\/p>\n<p>O an\u00fancio ocorreu ap\u00f3s reuni\u00e3o com 16 prefeitos e quatro vice-prefeitos na Pra\u00e7a de Servi\u00e7os &#8211; Governo Presente, em Barbacena, capital provis\u00f3ria do estado, at\u00e9 esta quinta-feira (30\/4). Neste encontro, o governador e as autoridades municipais definiram as aplica\u00e7\u00f5es dos recursos da desestatiza\u00e7\u00e3o da Copasa, que ser\u00e3o voltados para a infraestrutura do estado.<br \/>&#13;<br \/>\n\u00a0<\/p>\n<table align=\"center\" border=\"0\" cellpadding=\"1\" cellspacing=\"1\" style=\"width: 70%;\">&#13;<\/p>\n<tbody>&#13;<\/p>\n<tr>&#13;<\/p>\n<td colspan=\"5\" style=\"text-align: center; vertical-align: middle;\">&#13;<\/p>\n<p style=\"text-align:center\">\n<p>&#13;\n\t\t\t<\/td>\n<p>&#13;<br \/>\n\t\t<\/tr>\n<p>&#13;<\/p>\n<tr>&#13;<\/p>\n<td style=\"text-align: center; vertical-align: middle;\">\u00a0<\/td>\n<p>&#13;<\/p>\n<td colspan=\"3\" rowspan=\"3\" style=\"text-align: center; vertical-align: middle;\">&#13;<br \/>\n\t\t\t&#13;\n\t\t\t<\/td>\n<p>&#13;<\/p>\n<td style=\"text-align: center; vertical-align: middle;\">\u00a0<\/td>\n<p>&#13;<br \/>\n\t\t<\/tr>\n<p>&#13;<\/p>\n<tr>&#13;<\/p>\n<td style=\"text-align: center; vertical-align: middle;\">\u00a0<\/td>\n<p>&#13;<\/p>\n<td style=\"text-align: center; vertical-align: middle;\">\u00a0<\/td>\n<p>&#13;<br \/>\n\t\t<\/tr>\n<p>&#13;<\/p>\n<tr>&#13;<\/p>\n<td style=\"text-align: center; vertical-align: middle;\">\u00a0<\/td>\n<p>&#13;<\/p>\n<td style=\"text-align: center; vertical-align: middle;\">\u00a0<\/td>\n<p>&#13;<br \/>\n\t\t<\/tr>\n<p>&#13;<\/p>\n<tr>&#13;<\/p>\n<td colspan=\"5\" style=\"text-align: center; vertical-align: middle;\">&#13;<\/p>\n<p style=\"text-align:center\">\n<p>&#13;\n\t\t\t<\/td>\n<p>&#13;<br \/>\n\t\t<\/tr>\n<p>&#13;<br \/>\n\t<\/tbody>\n<p>&#13;<br \/>\n<\/table>\n<p>&#13;<br \/>\n\u201cGostaria de come\u00e7ar anunciando as obras do primeiro semestre deste ano, que somam R$ 55 milh\u00f5es: recupera\u00e7\u00e3o funcional da MG-55, de Piranga a Presidente Bernardes; MG-129, de Ouro Preto a Ouro Branco; MG-275 de Capela Nova a Caranda\u00ed; na MG-405, recupera\u00e7\u00e3o de 2 quil\u00f4metros em Carana\u00edba; LMG-844, Queluzito a Casa Grande a BR-040\u201d, enumerou\u00a0o governador.<\/p>\n<p>Sim\u00f5es detalhou ainda as interven\u00e7\u00f5es que ser\u00e3o iniciadas no segundo semestre de 2026, com investimentos na casa de R$ 150 milh\u00f5es.<\/p>\n<p>\u201cMG-448 a partir da BR-040 na dire\u00e7\u00e3o de Paiva, para recupera\u00e7\u00e3o de uma parte de serra; MG-132 e MG-265, nos trechos de Cipot\u00e2nea, Alto Rio Doce, Desterro do Melo\u201d, acrescentou.<\/p>\n<p><strong>Projetos e or\u00e7amentos<\/strong><\/p>\n<p>Al\u00e9m da libera\u00e7\u00e3o dos recursos para a Regi\u00e3o do Campo das Vertentes, o chefe do Executivo estadual estuda a confec\u00e7\u00e3o de projetos e or\u00e7amentos que somam cerca de R$ 11,2 milh\u00f5es para que novas obras sejam iniciadas nos pr\u00f3ximos anos.<\/p>\n<p>Destaque para as os projetos da LMG-841 de Merc\u00eas a Nazareno e da liga\u00e7\u00e3o de Cipot\u00e2nea a Br\u00e1s Pires, al\u00e9m do projeto de Cipot\u00e2nea a Rio Espera, o contorno de S\u00e3o Vicente de Minas, a recupera\u00e7\u00e3o de Ant\u00f4nio Carlos a Barbacena, a ponte da LMG-844 sobre o Rio Paraopeba.<\/p>\n<p>O governador tamb\u00e9m comunicou o projeto de pavimenta\u00e7\u00e3o de Lamim a Itaverava, o de Rio Espera a Capela Nova, e a execu\u00e7\u00e3o de dois conv\u00eanios, um com a prefeitura de Barbacena e um com a prefeitura de Ressaquinha para os projetos dos contornos das cidades.<\/p>\n<p><strong>MG-338 entre Ibertioga e Piedade do Rio Grande<\/strong><\/p>\n<p>Para 2027, o governador anunciou a libera\u00e7\u00e3o da obra de Ibertioga a Piedade do Rio Grande, com investimentos de R$ 86 milh\u00f5es. Essa interven\u00e7\u00e3o j\u00e1 est\u00e1 com licita\u00e7\u00e3o aberta. \u201cEssa obra representa mais do que infraestrutura, ela \u00e9 desenvolvimento regional, gera\u00e7\u00e3o de oportunidades e melhoria direta na qualidade de vida da popula\u00e7\u00e3o de toda a regi\u00e3o\u201d, avaliou.<\/p>\n<p>Com 13,2 quil\u00f4metros de extens\u00e3o, a interven\u00e7\u00e3o integra o programa Caminhos pra Avan\u00e7ar, voltado \u00e0 amplia\u00e7\u00e3o e qualifica\u00e7\u00e3o da infraestrutura rodovi\u00e1ria no estado.<\/p>\n<p>O valor de refer\u00eancia previsto no edital \u00e9 de cerca de R$ 59,4 milh\u00f5es. O processo ser\u00e1 realizado por meio de concorr\u00eancia eletr\u00f4nica, adotando como crit\u00e9rio o menor pre\u00e7o.<\/p>\n<p>A documenta\u00e7\u00e3o poder\u00e1 ser enviada entre 30\/3 e 11\/5, at\u00e9 \u00e0s 9h30, exclusivamente pelo portal oficial de compras do Estado. A sess\u00e3o p\u00fablica de abertura est\u00e1 prevista para a mesma data e hor\u00e1rio.<\/p>\n<p><strong>Interven\u00e7\u00f5es a longo prazo<\/strong><\/p>\n<p>Fechando os an\u00fancios\u00a0em Barbacena, o governador Mateus Sim\u00f5es falou sobre conv\u00eanios com prefeituras da regi\u00e3o para novos projetos, al\u00e9m de obras para 2028.<\/p>\n<p>\u201cVamos fazer um conv\u00eanio no come\u00e7o de 2027 com Caranda\u00ed para fazer um contorno em Caranda\u00ed saindo da BR-040 para tirar as carretas de dentro da cidade. Al\u00e9m disso, est\u00e1 prevista a recupera\u00e7\u00e3o completa da LMG-270 de Carm\u00f3polis a Passatempo\u201d, destacou o governador.<\/p>\n<p>\u201cPara 2028, a gente tem a previs\u00e3o da obra da MG-28, que \u00e9 o asfaltamento de Dores do Turvo ao Alto Rio Doce, essa obra muda completamente a liga\u00e7\u00e3o das duas regi\u00f5es. \u00c9 uma obra de R$ 107 milh\u00f5es\u201d, finalizou Sim\u00f5es.<\/p>\n<p><strong>Governo Presente<\/strong><\/p>\n<p>A reuni\u00e3o em Barbacena est\u00e1 inserida na programa\u00e7\u00e3o de transfer\u00eancia da capital do estado para Barbacena, dentro da iniciativa Governo Presente.<\/p>\n<p>As transfer\u00eancias provis\u00f3rias se repetem por 19 cidades at\u00e9 junho, numa a\u00e7\u00e3o que busca reconhecer a import\u00e2ncia e valorizar cada uma das regi\u00f5es mineiras, al\u00e9m de possibilitar ao governador conhecer ainda mais de perto as demandas dos moradores locais, incluindo os munic\u00edpios ao redor de cada capital provis\u00f3ria.<\/p>\n<p>Com isso, o Governo de Minas pretende destacar o papel estrat\u00e9gico desempenhado pelos munic\u00edpios no fortalecimento das pol\u00edticas p\u00fablicas, na descentraliza\u00e7\u00e3o administrativa e na promo\u00e7\u00e3o do desenvolvimento regional.<\/p>\n<p>A iniciativa refor\u00e7a a import\u00e2ncia de aproximar a administra\u00e7\u00e3o p\u00fablica estadual das diversas regi\u00f5es de Minas Gerais, estimulando o di\u00e1logo federativo, a articula\u00e7\u00e3o institucional e a presen\u00e7a do Estado em cada territ\u00f3rio.<\/p>\n<\/p><\/div>\n","protected":false},"excerpt":{"rendered":"<p>Relacionadas O governador Mateus Sim\u00f5es anunciou, nesta quinta-feira (30\/4), investimentos de R$ 440 milh\u00f5es em&#8230;<\/p>\n","protected":false},"author":2,"featured_media":0,"comment_status":"","ping_status":"","sticky":false,"template":"","format":"standard","meta":{"footnotes":""},"categories":[2],"tags":[],"class_list":["post-42441","post","type-post","status-publish","format-standard","hentry","category-jogos-ao-vivo"],"amp_enabled":true,"_links":{"self":[{"href":"https:\/\/ipatingafc.com.br\/index.php\/wp-json\/wp\/v2\/posts\/42441","targetHints":{"allow":["GET"]}}],"collection":[{"href":"https:\/\/ipatingafc.com.br\/index.php\/wp-json\/wp\/v2\/posts"}],"about":[{"href":"https:\/\/ipatingafc.com.br\/index.php\/wp-json\/wp\/v2\/types\/post"}],"author":[{"embeddable":true,"href":"https:\/\/ipatingafc.com.br\/index.php\/wp-json\/wp\/v2\/users\/2"}],"replies":[{"embeddable":true,"href":"https:\/\/ipatingafc.com.br\/index.php\/wp-json\/wp\/v2\/comments?post=42441"}],"version-history":[{"count":0,"href":"https:\/\/ipatingafc.com.br\/index.php\/wp-json\/wp\/v2\/posts\/42441\/revisions"}],"wp:attachment":[{"href":"https:\/\/ipatingafc.com.br\/index.php\/wp-json\/wp\/v2\/media?parent=42441"}],"wp:term":[{"taxonomy":"category","embeddable":true,"href":"https:\/\/ipatingafc.com.br\/index.php\/wp-json\/wp\/v2\/categories?post=42441"},{"taxonomy":"post_tag","embeddable":true,"href":"https:\/\/ipatingafc.com.br\/index.php\/wp-json\/wp\/v2\/tags?post=42441"}],"curies":[{"name":"wp","href":"https:\/\/api.w.org\/{rel}","templated":true}]}}