{"id":42449,"date":"2026-04-30T22:30:51","date_gmt":"2026-05-01T01:30:51","guid":{"rendered":"https:\/\/ipatingafc.com.br\/index.php\/2026\/04\/30\/lula-defende-fim-da-escala-6x1-como-passo-historico-para-o-pais\/"},"modified":"2026-04-30T22:30:51","modified_gmt":"2026-05-01T01:30:51","slug":"lula-defende-fim-da-escala-6x1-como-passo-historico-para-o-pais","status":"publish","type":"post","link":"https:\/\/ipatingafc.com.br\/index.php\/2026\/04\/30\/lula-defende-fim-da-escala-6x1-como-passo-historico-para-o-pais\/","title":{"rendered":"Lula defende fim da escala 6&#215;1 como \u201cpasso hist\u00f3rico\u201d para o pa\u00eds"},"content":{"rendered":"<p><\/p>\n<div wp_automatic_readability=\"74.193669064748\">\n<p><strong>O presidente Luiz In\u00e1cio Lula da Silva disse nesta quinta-feira (30), em pronunciamento pelo Dia do Trabalhador, que o fim da escala 6\u00d71 representa um \u201cpasso hist\u00f3rico\u201d para o pa\u00eds. <\/strong>A proposta, j\u00e1 enviada ao Congresso, prev\u00ea a redu\u00e7\u00e3o da jornada semanal para 40 horas, com dois dias de descanso e sem redu\u00e7\u00e3o salarial.<\/p>\n<p>Na fala, Lula destacou que a medida busca melhorar a qualidade de vida dos trabalhadores, ampliando o tempo de descanso e conviv\u00eancia familiar, al\u00e9m de alinhar o Brasil a modelos de jornada considerados mais equilibrados em outros pa\u00edses.<\/p>\n<blockquote wp_automatic_readability=\"11.675675675676\">\n<p>\u201cA elite brasileira sempre foi contra melhorias para o trabalhador: o sal\u00e1rio m\u00ednimo, as f\u00e9rias remuneradas, o 13\u00ba sal\u00e1rio. A turma do andar de cima disse que cada uma dessas conquistas ia quebrar o Brasil. E o Brasil nunca quebrou por dar direito aos trabalhadores\u201d, disse Lula em cadeia nacional de R\u00e1dio e TV.\u00a0<\/p>\n<p><strong>Receita lan\u00e7a painel com dados de todas as empresas do pa\u00eds<\/strong><\/p>\n<p><strong>D\u00f3lar cai para R$ 4,95 e fecha no menor valor em dois anos<\/strong><\/p>\n<\/blockquote>\n<p>\u201cSempre ficou mais forte. Porque toda vez que a vida do trabalhador melhora, a roda da economia gira com mais for\u00e7a, e todo mundo acaba ganhando. \u00c9 isso que vai acontecer com o fim da escala 6\u00d71 no Brasil\u201d, complementou.<\/p>\n<p><strong>O tema tem sido uma das principais apostas do governo na agenda trabalhista e j\u00e1 est\u00e1 em tramita\u00e7\u00e3o no Congresso Nacional, com expectativa de avan\u00e7o nas pr\u00f3ximas semanas.<\/strong><\/p>\n<p><strong>Ainda no pronunciamento, o presidente antecipou o lan\u00e7amento do Novo Desenrola Brasil, programa de renegocia\u00e7\u00e3o de d\u00edvidas voltado \u00e0 popula\u00e7\u00e3o endividada.<\/strong> A iniciativa deve oferecer descontos significativos de at\u00e9 90% e permitir o uso de parte do FGTS para quitar d\u00e9bitos.<\/p>\n<p>O programa \u00e9 uma reformula\u00e7\u00e3o da pol\u00edtica anterior de renegocia\u00e7\u00e3o e tem como objetivo aliviar o or\u00e7amento das fam\u00edlias, especialmente aquelas com d\u00edvidas de alto custo, como cart\u00e3o de cr\u00e9dito e cheque especial. O governo tamb\u00e9m projeta impacto relevante na economia, inclusive com a libera\u00e7\u00e3o de recursos do FGTS para pagamento de d\u00edvidas.<\/p>\n<p><strong>Entenda como o PL da Dosimetria pode beneficiar condenados pelo 8\/1<\/strong><\/p>\n<p><strong>Prefeitura descarta produtos que seriam vendidos no show da Shakira<\/strong><\/p>\n<p><strong>Lula destacou que quem aderir ao programa ficar\u00e1 bloqueado por um ano em todas as plataformas de apostas on-line, conhecidas como bets.<\/strong><\/p>\n<blockquote wp_automatic_readability=\"9\">\n<p>\u201cN\u00e3o \u00e9 justo que as mulheres tenham que trabalhar ainda mais para pagar as d\u00edvidas de jogo dos maridos. N\u00e3o foi nosso governo que deixou as bets entrarem no Brasil, mas \u00e9 o nosso governo que vai colocar um limite \u00e0 destrui\u00e7\u00e3o que elas v\u00eam causando\u201d, disse o presidente.<\/p>\n<\/blockquote>\n<p>Al\u00e9m dessas duas medidas, Lula tamb\u00e9m abordou outros temas no discurso, como taxas reduzidas de desemprego e de infla\u00e7\u00e3o, amplia\u00e7\u00e3o da licen\u00e7a paternidade, mudan\u00e7as no imposto de renda e aux\u00edlio para g\u00e1s de cozinha. E afirmou que, apesar dos conflitos no Oriente M\u00e9dio, a\u00e7\u00f5es do governo brasileiro t\u00eam impedido a popula\u00e7\u00e3o de lidar com efeitos do aumento global do pre\u00e7o do petr\u00f3leo.\u00a0<\/p>\n<blockquote wp_automatic_readability=\"14\">\n<p>\u201cQuando os combust\u00edveis sobem, o custo do transporte cresce, o pre\u00e7o dos alimentos aumenta e o custo de vida fica mais caro para o povo. Mas o nosso governo agiu rapidamente. Com muito esfor\u00e7o, tiramos os impostos dos combust\u00edveis, tomamos uma s\u00e9rie de medidas urgentes para conter o aumento dos pre\u00e7os, garantir o abastecimento e aliviar o peso da guerra sobre as fam\u00edlias brasileiras\u201d, disse Lula.<\/p>\n<\/blockquote>\n<\/div>\n","protected":false},"excerpt":{"rendered":"<p>O presidente Luiz In\u00e1cio Lula da Silva disse nesta quinta-feira (30), em pronunciamento pelo Dia&#8230;<\/p>\n","protected":false},"author":2,"featured_media":0,"comment_status":"","ping_status":"","sticky":false,"template":"","format":"standard","meta":{"footnotes":""},"categories":[2],"tags":[],"class_list":["post-42449","post","type-post","status-publish","format-standard","hentry","category-jogos-ao-vivo"],"amp_enabled":true,"_links":{"self":[{"href":"https:\/\/ipatingafc.com.br\/index.php\/wp-json\/wp\/v2\/posts\/42449","targetHints":{"allow":["GET"]}}],"collection":[{"href":"https:\/\/ipatingafc.com.br\/index.php\/wp-json\/wp\/v2\/posts"}],"about":[{"href":"https:\/\/ipatingafc.com.br\/index.php\/wp-json\/wp\/v2\/types\/post"}],"author":[{"embeddable":true,"href":"https:\/\/ipatingafc.com.br\/index.php\/wp-json\/wp\/v2\/users\/2"}],"replies":[{"embeddable":true,"href":"https:\/\/ipatingafc.com.br\/index.php\/wp-json\/wp\/v2\/comments?post=42449"}],"version-history":[{"count":0,"href":"https:\/\/ipatingafc.com.br\/index.php\/wp-json\/wp\/v2\/posts\/42449\/revisions"}],"wp:attachment":[{"href":"https:\/\/ipatingafc.com.br\/index.php\/wp-json\/wp\/v2\/media?parent=42449"}],"wp:term":[{"taxonomy":"category","embeddable":true,"href":"https:\/\/ipatingafc.com.br\/index.php\/wp-json\/wp\/v2\/categories?post=42449"},{"taxonomy":"post_tag","embeddable":true,"href":"https:\/\/ipatingafc.com.br\/index.php\/wp-json\/wp\/v2\/tags?post=42449"}],"curies":[{"name":"wp","href":"https:\/\/api.w.org\/{rel}","templated":true}]}}