{"id":42486,"date":"2026-05-01T12:54:37","date_gmt":"2026-05-01T15:54:37","guid":{"rendered":"https:\/\/ipatingafc.com.br\/index.php\/2026\/05\/01\/brasil-e-11-paises-condenam-ataque-a-flotilha-humanitaria\/"},"modified":"2026-05-01T12:54:37","modified_gmt":"2026-05-01T15:54:37","slug":"brasil-e-11-paises-condenam-ataque-a-flotilha-humanitaria","status":"publish","type":"post","link":"https:\/\/ipatingafc.com.br\/index.php\/2026\/05\/01\/brasil-e-11-paises-condenam-ataque-a-flotilha-humanitaria\/","title":{"rendered":"Brasil e 11 pa\u00edses condenam ataque \u00e0 flotilha humanit\u00e1ria"},"content":{"rendered":"<p><\/p>\n<div wp_automatic_readability=\"42.143551523007\">\n<p><strong>Brasil, Turquia, Bangladesh, Col\u00f4mbia, Jord\u00e2nia, L\u00edbia, Mal\u00e1sia, Maldivas, Maurit\u00e2nia, Paquist\u00e3o, \u00c1frica do Sul e Espanha condenaram o ataque \u00e0 flotilha Global Sumud feito por militares israelenses.<\/strong><\/p>\n<p>Quatro Integrantes da delega\u00e7\u00e3o brasileira, participantes da miss\u00e3o humanit\u00e1ria n\u00e3o violenta, est\u00e3o entre os sequestrados em \u00e1guas internacionais\u00a0nas proximidades da Ilha de Creta, enquanto navegavam em dire\u00e7\u00e3o \u00e0 Faixa de Gaza.\u00a0Brasileiros estavam em flotilha interceptada por militares israelenses.<\/p>\n<p><strong>Na declara\u00e7\u00e3o conjunta divulgada pelo Minist\u00e9rio das Rela\u00e7\u00f5es Exteriores brasileiro, os pa\u00edses condenam, \u201cnos termos mais en\u00e9rgicos\u201d, o ataque israelense \u00e0 iniciativa humanit\u00e1ria civil pac\u00edfica destinada a chamar a aten\u00e7\u00e3o da comunidade internacional para a cat\u00e1strofe humanit\u00e1ria em Gaza.<\/strong><\/p>\n<p><strong>Escola adota escala de trabalho 4\u00d73 e aumenta faturamento em 35%<\/strong><\/p>\n<p><strong>Filmes dirigidos por mulheres s\u00e3o favoritos em pr\u00eamio ibero-americano<\/strong><\/p>\n<blockquote wp_automatic_readability=\"8\">\n<p>\u201cOs ataques israelenses contra as embarca\u00e7\u00f5es e a deten\u00e7\u00e3o ilegal de ativistas humanit\u00e1rios em \u00e1guas internacionais constituem flagrantes viola\u00e7\u00f5es do direito internacional e do direito internacional humanit\u00e1rio\u201d, afirmam os chanceleres.\u00a0<\/p>\n<\/blockquote>\n<p>No comunicado, os ministros pedem a liberta\u00e7\u00e3o imediata dos ativistas e tamb\u00e9m \u201cconclamam a comunidade internacional a cumprir suas obriga\u00e7\u00f5es morais e jur\u00eddicas de respeitar o direito internacional, proteger civis e assegurar a responsabiliza\u00e7\u00e3o por essas viola\u00e7\u00f5es\u201d.<\/p>\n<\/div>\n","protected":false},"excerpt":{"rendered":"<p>Brasil, Turquia, Bangladesh, Col\u00f4mbia, Jord\u00e2nia, L\u00edbia, Mal\u00e1sia, Maldivas, Maurit\u00e2nia, Paquist\u00e3o, \u00c1frica do Sul e Espanha&#8230;<\/p>\n","protected":false},"author":2,"featured_media":0,"comment_status":"","ping_status":"","sticky":false,"template":"","format":"standard","meta":{"footnotes":""},"categories":[2],"tags":[],"class_list":["post-42486","post","type-post","status-publish","format-standard","hentry","category-jogos-ao-vivo"],"amp_enabled":true,"_links":{"self":[{"href":"https:\/\/ipatingafc.com.br\/index.php\/wp-json\/wp\/v2\/posts\/42486","targetHints":{"allow":["GET"]}}],"collection":[{"href":"https:\/\/ipatingafc.com.br\/index.php\/wp-json\/wp\/v2\/posts"}],"about":[{"href":"https:\/\/ipatingafc.com.br\/index.php\/wp-json\/wp\/v2\/types\/post"}],"author":[{"embeddable":true,"href":"https:\/\/ipatingafc.com.br\/index.php\/wp-json\/wp\/v2\/users\/2"}],"replies":[{"embeddable":true,"href":"https:\/\/ipatingafc.com.br\/index.php\/wp-json\/wp\/v2\/comments?post=42486"}],"version-history":[{"count":0,"href":"https:\/\/ipatingafc.com.br\/index.php\/wp-json\/wp\/v2\/posts\/42486\/revisions"}],"wp:attachment":[{"href":"https:\/\/ipatingafc.com.br\/index.php\/wp-json\/wp\/v2\/media?parent=42486"}],"wp:term":[{"taxonomy":"category","embeddable":true,"href":"https:\/\/ipatingafc.com.br\/index.php\/wp-json\/wp\/v2\/categories?post=42486"},{"taxonomy":"post_tag","embeddable":true,"href":"https:\/\/ipatingafc.com.br\/index.php\/wp-json\/wp\/v2\/tags?post=42486"}],"curies":[{"name":"wp","href":"https:\/\/api.w.org\/{rel}","templated":true}]}}