{"id":42491,"date":"2026-05-01T14:57:38","date_gmt":"2026-05-01T17:57:38","guid":{"rendered":"https:\/\/ipatingafc.com.br\/index.php\/2026\/05\/01\/terminal-brt-metropolitano-inicia-operacao-integrada-com-as-linhas-de-nova-iguacu-e-sao-joao-de-meriti-prefeitura-da-cidade-do-rio-de-janeiro\/"},"modified":"2026-05-01T14:57:38","modified_gmt":"2026-05-01T17:57:38","slug":"terminal-brt-metropolitano-inicia-operacao-integrada-com-as-linhas-de-nova-iguacu-e-sao-joao-de-meriti-prefeitura-da-cidade-do-rio-de-janeiro","status":"publish","type":"post","link":"https:\/\/ipatingafc.com.br\/index.php\/2026\/05\/01\/terminal-brt-metropolitano-inicia-operacao-integrada-com-as-linhas-de-nova-iguacu-e-sao-joao-de-meriti-prefeitura-da-cidade-do-rio-de-janeiro\/","title":{"rendered":"Terminal BRT Metropolitano inicia opera\u00e7\u00e3o integrada com as linhas de Nova Igua\u00e7u e S\u00e3o Jo\u00e3o de Meriti &#8211; Prefeitura da Cidade do Rio de Janeiro"},"content":{"rendered":"<p><\/p>\n<div wp_automatic_readability=\"275.74899295065\">\n<div class=\"image-post\" wp_automatic_readability=\"33\">\n                     Iniciativa gera economia de tempo e dinheiro a passageiros que utilizam diariamente o transporte p\u00fablico para diferentes regi\u00f5es &#8211; Iago Campos                  <\/div>\n<p>O prefeito do Rio, Eduardo Cavaliere, acompanhou nesta sexta-feira (1\/5), Dia do Trabalhador, a opera\u00e7\u00e3o de amplia\u00e7\u00e3o da integra\u00e7\u00e3o no Terminal BRT Metropolitano, no Trevo das Margaridas, em Iraj\u00e1. Al\u00e9m das linhas de Mesquita que j\u00e1 utilizam o terminal, agora as linhas com origem em Nova Igua\u00e7u e S\u00e3o Jo\u00e3o de Meriti tamb\u00e9m passam a operar no local.<\/p>\n<p>\u00a0<\/p>\n<p>Nesta primeira etapa, dez linhas intermunicipais fazem integra\u00e7\u00e3o e v\u00e3o permitir ajustes operacionais, al\u00e9m do acompanhamento da demanda. A iniciativa conjunta das secretarias de Transporte do Estado e do Munic\u00edpio e do Detro\/RJ fortalece a conex\u00e3o entre a Baixada Fluminense e o Rio de Janeiro e beneficia milhares de passageiros que utilizam diariamente o transporte p\u00fablico para acessar diferentes regi\u00f5es da capital. O prefeito fez a viagem inaugural at\u00e9 o Terminal Intermodal Gentileza e seguiu de VLT para a esta\u00e7\u00e3o Colombo, no Centro. Ele destacou a import\u00e2ncia do servi\u00e7o:<\/p>\n<p>\u00a0<\/p>\n<blockquote wp_automatic_readability=\"25\">\n<p>\u2013 O povo do Rio vai poder ir a Nova Igua\u00e7u com mais facilidade agora, vai poder ir a Mesquita, a S\u00e3o Jo\u00e3o de Meriti. Economizar tempo, economizar dinheiro, significa mais tempo para a fam\u00edlia, mais tempo para ir \u00e0 igreja, mais tempo para fazer um churrasquinho, mais tempo para ficar com os filhos, para ficar com a mulher, para ficar com o marido. Ent\u00e3o, \u00e9 um momento muito importante para a popula\u00e7\u00e3o trabalhadora do Rio, para a popula\u00e7\u00e3o trabalhadora da Baixada. Fica aqui o meu convite: que o povo trabalhador de Nova Igua\u00e7u, de Mesquita e de S\u00e3o Jo\u00e3o venha usar o BRT, venha ao Terminal Margaridas ver a diferen\u00e7a que vai ser usar o BRT novinho, gelad\u00e3o, com previsibilidade, com o cabo USB para carregar o celular, com conforto no dia a dia \u2013 disse Cavaliere.<\/p>\n<\/blockquote>\n<p><strong>\u00a0<\/strong><\/p>\n<p>Os passageiros passam a contar com intervalos de 20 minutos nos \u00f4nibus intermunicipais da Baixada Fluminense. J\u00e1 o servi\u00e7o de ida e volta do BRT entre o Terminal BRT Metropolitano e o Terminal Intermodal Gentileza opera com intervalo m\u00e9dio de tr\u00eas minutos. Atualmente, cerca de 60% dos moradores da Baixada trabalham no Rio todos os dias. Localizado em um ponto estrat\u00e9gico de integra\u00e7\u00e3o entre a Baixada e a capital, o Terminal BRT Metropolitano fortalece o acesso ao sistema BRT Transbrasil e oferece uma alternativa mais eficiente de deslocamento. O uso da calha exclusiva garante mais pontualidade, enquanto a frota nova com ar-condicionado proporciona mais conforto e melhor qualidade de viagem.<\/p>\n<p>\u00a0<\/p>\n<p>Tamb\u00e9m presente, o secret\u00e1rio municipal de transportes, Jorge Arraes, destacou, entre os benef\u00edcios para o trabalhador, a redu\u00e7\u00e3o do tempo de viagem na volta para casa.<\/p>\n<p>\u00a0<\/p>\n<blockquote wp_automatic_readability=\"18\">\n<p>\u2013 O principal, na minha vis\u00e3o, \u00e9 a volta do trabalhador, cansado, que vai conseguir chegar com uma hora, uma hora e meia de anteced\u00eancia, em casa. No simb\u00f3lico dia 1\u00ba de maio, a gente poder oferecer um servi\u00e7o de qualidade, com previsibilidade, com tarifa mais barata, \u00e9 realmente um presente \u2013 disse.<\/p>\n<\/blockquote>\n<p>\u00a0<\/p>\n<p>O prefeito de S\u00e3o Jo\u00e3o de Meriti, L\u00e9o Vieira, tamb\u00e9m acompanhou o primeiro dia da opera\u00e7\u00e3o:<\/p>\n<p>\u00a0<\/p>\n<blockquote wp_automatic_readability=\"10\">\n<p>\u2013 Do Terminal Metropolitano para o Gentileza gasta-se 20 minutos. N\u00e3o tem outro transporte para o centro do Rio que vai dar esse tempo. Ent\u00e3o, a quest\u00e3o n\u00e3o \u00e9 s\u00f3 financeira. \u00c9 uma quest\u00e3o tamb\u00e9m de tempo e conforto. Tenho certeza de que vai funcionar bem. O que a gente quer \u00e9 a tranquilidade do morador, do trabalhador \u2013 destacou.<\/p>\n<\/blockquote>\n<p>\u00a0<\/p>\n<p><strong>Nova numera\u00e7\u00e3o das linhas intermunicipais<\/strong><\/p>\n<p>\u00a0<\/p>\n<p>A reorganiza\u00e7\u00e3o das linhas intermunicipais que atendem a Baixada Fluminense trouxe mudan\u00e7as na numera\u00e7\u00e3o e no destino final de parte dos servi\u00e7os, com foco na integra\u00e7\u00e3o ao BRT no Terminal Metropolitano, no Trevo das Margaridas, em Iraj\u00e1. Quatro linhas com origem em Nova Igua\u00e7u (113B, 114B, 118B e 479I) passam a operar com nova numera\u00e7\u00e3o e novo ponto final no terminal, sendo identificadas, respectivamente, como 613I, 614I, 618I e 579I. Da mesma forma, tr\u00eas linhas de S\u00e3o Jo\u00e3o de Meriti (474B, 512B e 514B) foram renumeradas para 674I, 518I e 519I. Todas essas linhas agora encerram o trajeto no Terminal BRT Metropolitano Pedro Fernandes, permitindo a integra\u00e7\u00e3o dos passageiros com o sistema BRT. A mudan\u00e7a tem como objetivo facilitar a identifica\u00e7\u00e3o dos servi\u00e7os que passam a operar de forma integrada e diferenci\u00e1-los das linhas que seguem com destino direto ao Centro do Rio. Por outro lado, as linhas 113B, 114B, 118B e 479I, de Nova Igua\u00e7u, e 474B, 512B e 514B, de S\u00e3o Jo\u00e3o de Meriti, continuam operando com seus n\u00fameros originais e itiner\u00e1rios tradicionais, mantendo o atendimento direto at\u00e9 o Centro da capital.<\/p>\n<p><strong>\u00a0<\/strong><\/p>\n<p><strong>BRT Metropolitano X Gentileza <\/strong><\/p>\n<p>\u00a0<\/p>\n<p>Para refor\u00e7ar a integra\u00e7\u00e3o com o sistema de alta capacidade, dois servi\u00e7os do BRT operam entre o Terminal BRT Metropolitano e o Terminal Intermodal Gentileza: o servi\u00e7o 70, parador, com trajeto de cerca de 32 minutos, e o servi\u00e7o 73, expresso, com tempo estimado de 20 minutos at\u00e9 o terminal. O terminal tamb\u00e9m re\u00fane linhas municipais que atendem regi\u00f5es como Vicente de Carvalho, Iraj\u00e1, Vista Alegre, Pavuna, Madureira e M\u00e9ier, ampliando as possibilidades de deslocamento para os passageiros.<\/p>\n<p><strong>\u00a0<\/strong><\/p>\n<p><strong>Bilhete \u00danico Margaridas (BUM)<\/strong><\/p>\n<p>\u00a0<\/p>\n<p>O Bilhete \u00danico Margaridas (BUM) \u00e9 uma nova alternativa de integra\u00e7\u00e3o tarif\u00e1ria para quem sai da Baixada Fluminense com destino ao Rio utilizando o Terminal BRT Metropolitano. Com ele, o passageiro paga R$ 5,00 pela integra\u00e7\u00e3o no sistema municipal e pode realizar at\u00e9 quatro viagens \u2014 duas de ida e duas de volta \u2014 entre BRT, VLT e \u00f4nibus municipais dentro de um per\u00edodo de at\u00e9 20 horas, garantindo mais economia, conforto e rapidez no deslocamento.<\/p>\n<p>\u00a0<\/p>\n<p>\u00a0<\/p>\n<p><strong>Como vai funcionar na pr\u00e1tica<\/strong><\/p>\n<p>\u00a0<\/p>\n<p>As linhas intermunicipais que passam a ter parada no Terminal Margaridas t\u00eam tarifa de R$ 6,70 \u2013 valor mais em conta definido pelo Detro\/RJ \u2013 com pagamento realizado por meio do cart\u00e3o RioCard, operador de bilhetagem do Governo do Estado. Ao desembarcar no terminal, o passageiro que optar pelo BUM dever\u00e1 utilizar o cart\u00e3o JA\u00c9 \u2014 na vers\u00e3o preta ou digital, com CPF vinculado \u2014 e acessar as catracas espec\u00edficas do BRT Metropolitano. Nesse momento, ser\u00e1 debitado o valor fixo de R$ 5,00, referente \u00e0 integra\u00e7\u00e3o tarif\u00e1ria do BUM. A partir dessa primeira valida\u00e7\u00e3o no JA\u00c9, come\u00e7a a contar o per\u00edodo de 20 horas da integra\u00e7\u00e3o. Dentro desse prazo, o passageiro poder\u00e1 utilizar o BRT at\u00e9 o Terminal Gentileza e, de l\u00e1, embarcar sem nova cobran\u00e7a no VLT (linhas 1 e 4) ou em uma das linhas municipais participantes para chegar ao destino. Na volta, desde que ainda esteja dentro dessas 20 horas, o processo funciona da mesma forma: o passageiro utiliza gratuitamente o VLT ou o \u00f4nibus municipal at\u00e9 o Terminal Gentileza, embarca no BRT e retorna ao Terminal BRT Metropolitano sem novo pagamento da integra\u00e7\u00e3o. Depois, segue viagem no \u00f4nibus intermunicipal de volta \u00e0 Baixada, pagando novamente apenas a tarifa de R$ 6,70 da linha intermunicipal, tamb\u00e9m por meio do RioCard.<\/p>\n<p>Assim, no total da ida e volta, o usu\u00e1rio pagar\u00e1 somente R$ 18,40 por dia: R$ 6,70 no \u00f4nibus intermunicipal de ida + R$ 5,00 do BUM + R$ 6,70 no \u00f4nibus intermunicipal de volta. Todo o restante da integra\u00e7\u00e3o entre BRT, VLT e \u00f4nibus municipais dentro desse trajeto ser\u00e1 gratuito, desde que o passageiro siga corretamente o roteiro operacional e realize toda a viagem dentro da janela de 20 horas.<\/p>\n<p>\u00a0<\/p>\n<p>Sem o BUM, utilizando o modelo de integra\u00e7\u00e3o do Bilhete \u00danico Intermunicipal (BUI), esse mesmo deslocamento custaria R$ 18,80 por dia. E para passageiros sem o benef\u00edcio do BUI, esse valor atualmente pode ultrapassar os R$ 40,00 e eles tamb\u00e9m ser\u00e3o beneficiados pelo valor R$ 18,40 (ida e volta). Com o novo sistema, al\u00e9m da economia, o passageiro passa a contar com uma viagem mais confort\u00e1vel, r\u00e1pida e eficiente, aproveitando a estrutura do BRT Metropolitano e a conex\u00e3o direta com o Terminal Gentileza.<\/p>\n<p>\u00a0<\/p>\n<p><strong>Mesquita comprova sucesso do BRT Metropolitano<\/strong><\/p>\n<p>\u00a0<\/p>\n<p>Al\u00e9m das novas linhas de Nova Igua\u00e7u e S\u00e3o Jo\u00e3o de Meriti, o Terminal Margaridas j\u00e1 recebia tr\u00eas linhas de Mesquita (478I, 651I e 679I). Esses itiner\u00e1rios inauguraram o BRT Metropolitano e, com o sucesso da opera\u00e7\u00e3o, passam a ter seu hor\u00e1rio ampliado. As linhas de Mesquita que operavam no terminal no hor\u00e1rio de entrepico, das 10h \u00e0s 16h, passam a operar das 4h30 \u00e0s 22h, enquanto as demais linhas ter\u00e3o atendimento das 6h \u00e0s 22h.<\/p>\n<p><strong>Mais linhas intermunicipais<\/strong><\/p>\n<p>\u00a0<\/p>\n<p>A partir do dia 16 de maio, mais seis linhas intermunicipais com origem em Nova Igua\u00e7u passar\u00e3o a operar com parada no Terminal BRT Metropolitano: 490B, 491B, 494B, 497B, 499B e 442B.<\/p>\n<p><strong>\u00a0<\/strong><\/p>\n<p><strong>SERVI\u00c7O<\/strong><\/p>\n<p><strong>\u00a0<\/strong><\/p>\n<p><strong>Linhas intermunicipais que fazem parada no Terminal BRT Metropolitano<\/strong><\/p>\n<p><strong>(A partir de 1\/5)<\/strong><\/p>\n<p>613I \u2014 Nova Igua\u00e7u x Margaridas (via Pl\u00ednio Casado)<\/p>\n<p>614I \u2014 Nova Igua\u00e7u x Margaridas (via Vila Nova)<\/p>\n<p>618I \u2014 Nova Igua\u00e7u x Margaridas<\/p>\n<p>579I \u2014 Nova Igua\u00e7u x Margaridas<\/p>\n<p>674I \u2014 Pra\u00e7a da Bandeira (S\u00e3o Jo\u00e3o de Meriti) x Margaridas (via Coelho da Rocha)<\/p>\n<p>518I \u2014 Pra\u00e7a da Bandeira (S\u00e3o Jo\u00e3o de Meriti) x Margaridas<\/p>\n<p>519I \u2014 \u00c9den (S\u00e3o Jo\u00e3o de Meriti) x Margaridas<\/p>\n<p>478I \u2014 Mesquita x Margaridas (via Chatuba)<\/p>\n<p>651I \u2014 Mesquita x Margaridas (via Via Light)<\/p>\n<p>679I \u2014 Mesquita x Margaridas (via Edson Passos)<\/p>\n<p><strong>(A partir de 16\/5)<\/strong><\/p>\n<p>490B \u2013 Miguel Couto x Margaridas<\/p>\n<p>491B \u2013 Austin x Margaridas<\/p>\n<p>494B \u2013 Austin x Margaridas<\/p>\n<p>497B \u2013 Miguel Couto x Margaridas<\/p>\n<p>499B \u2013 Cabu\u00e7u x Margaridas<\/p>\n<p>442B \u2013 Cabu\u00e7u x Margaridas<\/p>\n<p><strong>\u00a0<\/strong><\/p>\n<p><strong>Servi\u00e7os do BRT entre Terminal BRT Metropolitano x Terminal Gentileza<\/strong><\/p>\n<p>70 (parador) \u2014 Terminal BRT Metropolitano x Terminal Gentileza<\/p>\n<p>73 (expresso) \u2014 Terminal BRT Metropolitano x Terminal Gentileza<\/p>\n<p><strong>Linhas municipais para integra\u00e7\u00e3o BUM no Terminal Gentileza<\/strong><\/p>\n<p>104 \u2013 S\u00e3o Conrado (via Lapa\/Largo do Machado\/Copacabana)<\/p>\n<p>109 \u2013 S\u00e3o Conrado (via Santa B\u00e1rbara\/Jardim Bot\u00e2nico)<\/p>\n<p>133 \u2013 Largo do Machado (via Rio Comprido\/Rua Alice)<\/p>\n<p>160 \u2013 Leblon (via Elevado\/T\u00fanel Rebou\u00e7as\/Lagoa)<\/p>\n<p>161 \u2013 Ipanema (via Elevado\/T\u00fanel Rebou\u00e7as\/Lagoa)<\/p>\n<p>162 \u2013 Alto G\u00e1vea (via Elevado\/T\u00fanel Rebou\u00e7as\/Jardim Bot\u00e2nico)<\/p>\n<p>164 \u2013 Leme (via Elevado\/T\u00fanel Rebou\u00e7as\/T\u00fanel Velho)<\/p>\n<p>165 \u2013 Cosme Velho (via T\u00fanel Santa B\u00e1rbara)<\/p>\n<p>167 \u2013 Urca (via Praia do Flamengo)<\/p>\n<p>169 \u2013 General Os\u00f3rio (via Aterro\/Copacabana)<\/p>\n<p>SP265 \u2013 Marechal Hermes (via Avenida Dom Helder C\u00e2mara\/Estrada do Portela)<\/p>\n<p>301 \u2013 Terminal Alvorada (via Alto da Boa Vista\/Avenida das Am\u00e9ricas)<\/p>\n<p>302 \u2013 Terminal Alvorada (via Alto da Boa Vista\/Praia da Barra da Tijuca)<\/p>\n<p>353 \u2013 Gard\u00eania Azul (via Vila Isabel\/M\u00e9ier\/Pra\u00e7a Seca)<\/p>\n<p>606 \u2013 Engenho de Dentro (via Tijuca\/M\u00e9ier)<\/p>\n<p>SV606 \u2013 Engenho de Dentro (via Tijuca\/M\u00e9ier\/Boca do Mato)<\/p>\n<p>265 \u2013 Marechal Hermes x Castelo (via Avenida Dom Helder C\u00e2mara\/Estrada do Portela)<\/p>\n<p>\u00a0<\/p>\n<p><strong>Linhas VLT para integra\u00e7\u00e3o BUM no Terminal Gentileza<\/strong><\/p>\n<p>Linha 1: Terminal Gentileza x Aeroporto Santos Dumont. Atende ao Museu do Amanh\u00e3 e regi\u00e3o portu\u00e1ria.<\/p>\n<p>Linha 4: Terminal Gentileza x Pra\u00e7a XV. Integra diretamente o TIG \u00e0 Central do Brasil e \u00e0s barcas na Pra\u00e7a XV.<\/p>\n<p>\u00a0<\/p>\n<p>             <!-- Compartilhe ---><\/p>\n<p>\t\t\t <!-- TAGS --><\/p>\n<section class=\"category-tags\">\n<div class=\"marcacao-category\">\n<article class=\"category-post\">\n<p>Categoria: <\/p>\n<\/article>\n<li>1 de maio de 2026<\/li><\/div>\n<article class=\"tags\">\n\t\t\t\t\tMarca\u00e7\u00f5es: Bilhete \u00danico Margaridas BRT Terminal BRT Metropolitano Terminal BRT Metropolitano Pedro Fernandes Terminal Intermodal Gentileza terminal margaridas<br \/><\/article>\n<\/section>\n<p>            <!-- Mais Not&iacute;cias --><\/p>\n<p>\t\t<!-- Conte&uacute;do SIDEBAR --><\/p><\/div>\n","protected":false},"excerpt":{"rendered":"<p>Iniciativa gera economia de tempo e dinheiro a passageiros que utilizam diariamente o transporte p\u00fablico&#8230;<\/p>\n","protected":false},"author":2,"featured_media":0,"comment_status":"","ping_status":"","sticky":false,"template":"","format":"standard","meta":{"footnotes":""},"categories":[2],"tags":[],"class_list":["post-42491","post","type-post","status-publish","format-standard","hentry","category-jogos-ao-vivo"],"amp_enabled":true,"_links":{"self":[{"href":"https:\/\/ipatingafc.com.br\/index.php\/wp-json\/wp\/v2\/posts\/42491","targetHints":{"allow":["GET"]}}],"collection":[{"href":"https:\/\/ipatingafc.com.br\/index.php\/wp-json\/wp\/v2\/posts"}],"about":[{"href":"https:\/\/ipatingafc.com.br\/index.php\/wp-json\/wp\/v2\/types\/post"}],"author":[{"embeddable":true,"href":"https:\/\/ipatingafc.com.br\/index.php\/wp-json\/wp\/v2\/users\/2"}],"replies":[{"embeddable":true,"href":"https:\/\/ipatingafc.com.br\/index.php\/wp-json\/wp\/v2\/comments?post=42491"}],"version-history":[{"count":0,"href":"https:\/\/ipatingafc.com.br\/index.php\/wp-json\/wp\/v2\/posts\/42491\/revisions"}],"wp:attachment":[{"href":"https:\/\/ipatingafc.com.br\/index.php\/wp-json\/wp\/v2\/media?parent=42491"}],"wp:term":[{"taxonomy":"category","embeddable":true,"href":"https:\/\/ipatingafc.com.br\/index.php\/wp-json\/wp\/v2\/categories?post=42491"},{"taxonomy":"post_tag","embeddable":true,"href":"https:\/\/ipatingafc.com.br\/index.php\/wp-json\/wp\/v2\/tags?post=42491"}],"curies":[{"name":"wp","href":"https:\/\/api.w.org\/{rel}","templated":true}]}}