{"id":42497,"date":"2026-05-01T17:02:34","date_gmt":"2026-05-01T20:02:34","guid":{"rendered":"https:\/\/ipatingafc.com.br\/index.php\/2026\/05\/01\/governo-trump-diz-que-cessar-fogo-suspendeu-prazo-de-60-dias-da-guerra\/"},"modified":"2026-05-01T17:02:34","modified_gmt":"2026-05-01T20:02:34","slug":"governo-trump-diz-que-cessar-fogo-suspendeu-prazo-de-60-dias-da-guerra","status":"publish","type":"post","link":"https:\/\/ipatingafc.com.br\/index.php\/2026\/05\/01\/governo-trump-diz-que-cessar-fogo-suspendeu-prazo-de-60-dias-da-guerra\/","title":{"rendered":"Governo Trump diz que cessar-fogo suspendeu prazo de 60 dias da guerra"},"content":{"rendered":"<p><\/p>\n<div wp_automatic_readability=\"135.50882872278\">\n<p>O prazo de 60 dias para promover uma guerra sem autoriza\u00e7\u00e3o do Congresso dos Estados Unidos (EUA) termina nesta sexta-feira (1) e o governo de Donald Trump alega que o conflito com o Ir\u00e3 est\u00e1 suspenso, uma vez que foi negociado um cessar-fogo no dia 7 de abril.<\/p>\n<p>A explica\u00e7\u00e3o \u00e9 do secret\u00e1rio de Defesa do pa\u00eds, Pete Hegseth, em audi\u00eancia no Comit\u00ea de Servi\u00e7os Armados do Senado, onde o representante da Casa Branca compareceu nesta quinta-feira (30).<\/p>\n<p>\u201cEstamos em um cessar-fogo neste momento, o que, segundo nosso entendimento, significa que o prazo de 60 dias fica suspenso ou interrompido durante um cessar-fogo\u201d, disse Hegseth.<\/p>\n<p><strong>ONU Mulheres revela avan\u00e7o da viol\u00eancia online contra jornalistas<\/strong><\/p>\n<p><strong>Santander aumenta pontua\u00e7\u00e3o dos cart\u00f5es e antecipa efeitos do novo Rewards<\/strong><\/p>\n<p>O prazo de 60 dias que termina hoje pode ser prorrogado por mais 30 dias, caso o presidente certifique o Legislativo por escrito que h\u00e1 uma \u201cnecessidade militar inevit\u00e1vel em rela\u00e7\u00e3o \u00e0 seguran\u00e7a das For\u00e7as Armadas dos EUA\u201d, segundo a Resolu\u00e7\u00e3o dos Poderes de Guerra dos EUA, de 1973.<\/p>\n<p><strong>O senador democrata Tim Kaine, da Virg\u00ednia, questionou o argumento da Casa Branca, dizendo que o prazo termina nesta sexta-feira. \u00a0<\/strong><\/p>\n<p>\u201cPenso que o prazo de 60 dias termina na sexta, e isso vai representar uma quest\u00e3o jur\u00eddica muito importante para o governo\u201d, respondeu o senador da oposi\u00e7\u00e3o.<\/p>\n<p>Os parlamentares democratas, e alguns republicanos, t\u00eam cobrado que o governo pe\u00e7a a prorroga\u00e7\u00e3o da guerra e justifique esse pedido.<\/p>\n<p><strong>Biah Rodrigues, esposa do cantor Sorocaba, exp\u00f5e acidente com o filho pequeno e chora ao revelar isso<\/strong><\/p>\n<p><strong>Brasil tem menor n\u00famero de homic\u00eddios e latroc\u00ednios em dez anos<\/strong><\/p>\n<p><strong>Pelo menos seis tentativas de barrar o conflito foram rejeitadas no Congresso pela maioria republicana, que segue dando cobertura para guerra de Trump no Oriente M\u00e9dio.<\/strong><\/p>\n<p>O presidente da C\u00e2mara dos Representantes, Mike Johnson (republicano da Louisiana), afirmou na quinta-feira que os EUA \u201cn\u00e3o est\u00e3o em guerra\u201d com o Ir\u00e3.<\/p>\n<blockquote wp_automatic_readability=\"9\">\n<p>\u201cN\u00e3o creio que tenhamos um bombardeio militar ativo, disparos ou algo do g\u00eanero. No momento, estamos tentando negociar a paz\u201d, disse Johnson \u00e0 emissora NBC News.<\/p>\n<\/blockquote>\n<h2>Judicializa\u00e7\u00e3o<\/h2>\n<p>O professor de hist\u00f3ria da Universidade de Brown, dos EUA, James N. Green, disse \u00e0 <strong>Ag\u00eancia Brasil<\/strong> que v\u00e1rios juristas questionam essa interpreta\u00e7\u00e3o do governo e que a quest\u00e3o deve ser judicializada at\u00e9 chegar \u00e0 Suprema Corte, de maioria conservadora.<\/p>\n<blockquote wp_automatic_readability=\"13\">\n<p>\u201cPode ser que a Suprema Corte decida a favor do Trump, mas isso, mais uma vez, fortalece o sentimento antiguerra, que \u00e9 a bandeira dos democratas, e refor\u00e7a suas possibilidades de vit\u00f3rias maci\u00e7as nas elei\u00e7\u00f5es de novembro\u201d, disse o especialista.<\/p>\n<\/blockquote>\n<p><strong>Os EUA v\u00e3o \u00e0s urnas em novembro para eleger uma nova C\u00e2mara e parte do Senado, o que pode tirar a pequena maioria que Trump mant\u00e9m hoje nas duas casas.<\/strong><\/p>\n<p>O professor Green acrescentou que, apesar dos republicanos seguirem dando apoio \u00e0 Trump, cresce a insatisfa\u00e7\u00e3o dentro do partido do presidente devido \u00e0 impopularidade da guerra e ao aumento do pre\u00e7o dos combust\u00edveis, motivado pelo fechamento do Estreito de Ormuz pelo Ir\u00e3.<\/p>\n<p>\u201cA senadora republicana Susan Collins mudou de opini\u00e3o e votou agora a favor dessa restri\u00e7\u00e3o dos poderes presidenciais porque ela tem medo de perder as elei\u00e7\u00f5es em Maine, para o Senado, em novembro\u201d, destacou o historiador, que tamb\u00e9m preside o Washington Brazil Office (WBO).<\/p>\n<p>Na sess\u00e3o do Senado desta quinta-feira \u2013 que rejeitou mais uma tentativa de bloquear os poderes de guerra de Trump \u2013, Collins juntou-se ao senador republicano Rand Paulo, do Kentucky, divergindo da lideran\u00e7a do partido de Trump. A resolu\u00e7\u00e3o, por\u00e9m, foi rejeitada por 50 votos contra 47.<\/p>\n<p><strong>Na audi\u00eancia com o secret\u00e1rio de defesa, Pete Hegseth, a senadora Collins afirmou que n\u00e3o h\u00e1 evid\u00eancias de que os EUA est\u00e3o sob amea\u00e7a do Ir\u00e3 ou que est\u00e3o mais seguros por causa da guerra.<\/strong><\/p>\n<blockquote wp_automatic_readability=\"10\">\n<p>\u201cN\u00e3o t\u00ednhamos nenhuma prova de que o Ir\u00e3 pretendesse atacar este pa\u00eds iminentemente, de qualquer forma. Portanto, discordo da sua avalia\u00e7\u00e3o de que estamos sob amea\u00e7a\u201d, disse a senadora republicana.<\/p>\n<\/blockquote>\n<h2>Opini\u00e3o p\u00fablica<\/h2>\n<p>Pesquisas de opini\u00e3o dos EUA estimam que mais de 60% da popula\u00e7\u00e3o \u00e9 contra a guerra no Ir\u00e3. O professor James N. Green explicou que as pessoas est\u00e3o \u201capavoradas\u201d com o pre\u00e7o dos combust\u00edveis.<\/p>\n<p>\u201cA sociedade americana, infelizmente, depende do carro, e muitas pessoas, inclusive trabalhadores, trabalham longe do seu emprego e precisam de carro para chegar e est\u00e3o gastando uma fortuna para encher um tanque de gasolina nesse momento\u201d, apontou.<\/p>\n<p>A m\u00e9dia do pre\u00e7o do gal\u00e3o nos EUA estava em US$ 4,39 nesta sexta-feira, segundo o portal especializado AAA Fuel Prices. O valor representa aumento de 34% em rela\u00e7\u00e3o ao mesmo per\u00edodo do ano passado, com o gal\u00e3o chegando a cusar US$ 6,06 na Calif\u00f3rnia. \u00a0<\/p>\n<p>\u201cOs pre\u00e7os da gasolina atingiram seu n\u00edvel mais alto em quatro anos, visto pela \u00faltima vez no final de julho de 2022\u201d, diz a publica\u00e7\u00e3o estadunidense.<\/p>\n<p>\u00a0<\/p>\n<\/div>\n","protected":false},"excerpt":{"rendered":"<p>O prazo de 60 dias para promover uma guerra sem autoriza\u00e7\u00e3o do Congresso dos Estados&#8230;<\/p>\n","protected":false},"author":2,"featured_media":0,"comment_status":"","ping_status":"","sticky":false,"template":"","format":"standard","meta":{"footnotes":""},"categories":[2],"tags":[],"class_list":["post-42497","post","type-post","status-publish","format-standard","hentry","category-jogos-ao-vivo"],"amp_enabled":true,"_links":{"self":[{"href":"https:\/\/ipatingafc.com.br\/index.php\/wp-json\/wp\/v2\/posts\/42497","targetHints":{"allow":["GET"]}}],"collection":[{"href":"https:\/\/ipatingafc.com.br\/index.php\/wp-json\/wp\/v2\/posts"}],"about":[{"href":"https:\/\/ipatingafc.com.br\/index.php\/wp-json\/wp\/v2\/types\/post"}],"author":[{"embeddable":true,"href":"https:\/\/ipatingafc.com.br\/index.php\/wp-json\/wp\/v2\/users\/2"}],"replies":[{"embeddable":true,"href":"https:\/\/ipatingafc.com.br\/index.php\/wp-json\/wp\/v2\/comments?post=42497"}],"version-history":[{"count":0,"href":"https:\/\/ipatingafc.com.br\/index.php\/wp-json\/wp\/v2\/posts\/42497\/revisions"}],"wp:attachment":[{"href":"https:\/\/ipatingafc.com.br\/index.php\/wp-json\/wp\/v2\/media?parent=42497"}],"wp:term":[{"taxonomy":"category","embeddable":true,"href":"https:\/\/ipatingafc.com.br\/index.php\/wp-json\/wp\/v2\/categories?post=42497"},{"taxonomy":"post_tag","embeddable":true,"href":"https:\/\/ipatingafc.com.br\/index.php\/wp-json\/wp\/v2\/tags?post=42497"}],"curies":[{"name":"wp","href":"https:\/\/api.w.org\/{rel}","templated":true}]}}