{"id":42498,"date":"2026-05-01T17:18:36","date_gmt":"2026-05-01T20:18:36","guid":{"rendered":"https:\/\/ipatingafc.com.br\/index.php\/2026\/05\/01\/agencia-minas-gerais-dia-da-literatura-brasileira-mobiliza-escolas-e-reforca-incentivo-a-leitura-na-rede-estadual-mineira\/"},"modified":"2026-05-01T17:18:36","modified_gmt":"2026-05-01T20:18:36","slug":"agencia-minas-gerais-dia-da-literatura-brasileira-mobiliza-escolas-e-reforca-incentivo-a-leitura-na-rede-estadual-mineira","status":"publish","type":"post","link":"https:\/\/ipatingafc.com.br\/index.php\/2026\/05\/01\/agencia-minas-gerais-dia-da-literatura-brasileira-mobiliza-escolas-e-reforca-incentivo-a-leitura-na-rede-estadual-mineira\/","title":{"rendered":"Ag\u00eancia Minas Gerais | Dia da Literatura Brasileira mobiliza escolas e refor\u00e7a incentivo \u00e0 leitura na rede estadual mineira"},"content":{"rendered":"<p><\/p>\n<div>\n<p><figure class=\"image\" style=\"float:right\">&#13;<figcaption><sub><em>SEE-MG \/ Divulga\u00e7\u00e3o<\/em><\/sub><\/figcaption>&#13;<br \/>\n<\/figure>\n<p>&#13;<br \/>\n&#13;\n<\/p>\n<p>Incentivar o consumo da literatura, especialmente a nacional, \u00e9 fundamental para que estudantes conhe\u00e7am a pr\u00f3pria cultura e ampliem repert\u00f3rios. Celebrado nesta sexta-feira (1\/5), o Dia da Literatura Brasileira refor\u00e7a esse compromisso. Em Minas Gerais, a Secretaria de Estado de Educa\u00e7\u00e3o (SEE\/MG) tem intensificado projetos voltados \u00e0 promo\u00e7\u00e3o da leitura e \u00e0 valoriza\u00e7\u00e3o da literatura brasileira nas escolas da rede p\u00fablica.<\/p>\n<p>Na Escola Estadual Doutor Ab\u00edlio Machado, em Formiga, o projeto Conta\u00e7\u00e3o de Hist\u00f3rias, realizado desde 2022, envolve todos os alunos do 6\u00ba ao 9\u00ba ano em atividades que estimulam o contato direto com os livros.<\/p>\n<p>A proposta incentiva a leitura por meio de apresenta\u00e7\u00f5es, nas quais cada turma compartilha a obra que mais chamou aten\u00e7\u00e3o. Com temas anuais, o projeto j\u00e1 abordou, em 2024, os \u201cEscritores Mineiros\u201d, ampliando o conhecimento sobre autores regionais.<\/p>\n<p>Organizado pelo diretor Luciano Costa da Silveira e pela vice-diretora Ana Paula Santiago, a iniciativa foi pensada para colocar a leitura em pr\u00e1tica e ampliar o envolvimento dos estudantes com as obras.<\/p>\n<p>\u201cOs estudantes se envolvem com a narrativa, pesquisam sobre o autor e buscam compreender o contexto da obra. \u00c9 um projeto bastante imersivo\u201d, destaca a Ana Paula.<\/p>\n<p>A din\u00e2mica tamb\u00e9m estimula o interesse coletivo. \u201cQuando um aluno convence os colegas de que um livro \u00e9 interessante, isso desperta nos outros a vontade de ler e conhecer novas hist\u00f3rias\u201d, ressalta Luciano.<\/p>\n<p>\u00a0<\/p>\n<figure class=\"image\" style=\"float:left\">&#13;<figcaption><sub><em>Leitura de Quarto de Despejo &#8211; SEE-MG \/ Divulga\u00e7\u00e3o<\/em><\/sub><\/figcaption>&#13;<br \/>\n<\/figure>\n<p><strong>Homenagem<\/strong><\/p>\n<p>Na Escola Estadual Escritora Carolina Maria de Jesus, em Sacramento, a literatura tamb\u00e9m \u00e9 vivida no cotidiano escolar como forma de identidade e pertencimento.<\/p>\n<p>A institui\u00e7\u00e3o leva o nome da autora nascida na cidade em 1914 e autora da obra Quarto de Despejo, uma das mais importantes da literatura brasileira.<\/p>\n<p>Sob a coordena\u00e7\u00e3o da diretora T\u00e2nia Moreno, a escola desenvolve uma s\u00e9rie de a\u00e7\u00f5es para manter viva a trajet\u00f3ria da autora.<\/p>\n<p>\u201cEntre as iniciativas, uma das mais importantes \u00e9 a semana comemorativa do anivers\u00e1rio da escritora, celebrada em mar\u00e7o. Tamb\u00e9m realizamos a leitura do Quarto de Despejo com os alunos, mostrando como a obra ainda \u00e9 atual e necess\u00e1ria\u201d.<\/p>\n<p><strong>Cultura nacional<\/strong><\/p>\n<p>J\u00e1 na Escola Estadual Doutor Eloy Werner, em Manhua\u00e7u, o projeto \u201cEncantando com a Literatura Brasileira\u201d, realizado desde 2023, atende alunos do 1\u00ba ao 5\u00ba ano com foco na forma\u00e7\u00e3o de leitores desde a inf\u00e2ncia.<\/p>\n<p>Neste ano de 2026, a iniciativa est\u00e1 desenvolvendo trabalhos com autores consagrados como Monteiro Lobato, Ruth Rocha, Ziraldo, Eva Furnari e Ana Maria Machado.<\/p>\n<p>De acordo com a diretora, Milene Souza Costa Pereira, o projeto tem como principal objetivo fortalecer a identidade cultural e incentivar o gosto pela leitura. \u201cO projeto busca valorizar a literatura brasileira e formar novos leitores, incentivando o contato frequente com os livros\u201d, afirma.<\/p>\n<p>\u00a0<\/p>\n<figure class=\"image\" style=\"float:right\">&#13;<figcaption><sub><em>SEE-MG \/ Divulga\u00e7\u00e3o<\/em><\/sub><\/figcaption>&#13;<br \/>\n<\/figure>\n<p><strong>Projeto Leitura e Escrita<\/strong><\/p>\n<p>As a\u00e7\u00f5es desenvolvidas nas escolas est\u00e3o alinhadas ao Projeto Leitura e Escrita, lan\u00e7ado em 2024 pelo Governo de Minas, por meio da SEE\/MG.<\/p>\n<p>A iniciativa reconhece a leitura e a escrita como pilares essenciais para a forma\u00e7\u00e3o integral dos estudantes.<\/p>\n<p>Estruturado em tr\u00eas frentes, o projeto prev\u00ea a integra\u00e7\u00e3o da leitura em todas as \u00e1reas do conhecimento, a revitaliza\u00e7\u00e3o de bibliotecas e a mobiliza\u00e7\u00e3o de parceiros para fortalecer a educa\u00e7\u00e3o b\u00e1sica em todo o estado.<\/p>\n<\/p><\/div>\n","protected":false},"excerpt":{"rendered":"<p>&#13;SEE-MG \/ Divulga\u00e7\u00e3o&#13; &#13; &#13; Incentivar o consumo da literatura, especialmente a nacional, \u00e9 fundamental&#8230;<\/p>\n","protected":false},"author":2,"featured_media":0,"comment_status":"","ping_status":"","sticky":false,"template":"","format":"standard","meta":{"footnotes":""},"categories":[2],"tags":[],"class_list":["post-42498","post","type-post","status-publish","format-standard","hentry","category-jogos-ao-vivo"],"amp_enabled":true,"_links":{"self":[{"href":"https:\/\/ipatingafc.com.br\/index.php\/wp-json\/wp\/v2\/posts\/42498","targetHints":{"allow":["GET"]}}],"collection":[{"href":"https:\/\/ipatingafc.com.br\/index.php\/wp-json\/wp\/v2\/posts"}],"about":[{"href":"https:\/\/ipatingafc.com.br\/index.php\/wp-json\/wp\/v2\/types\/post"}],"author":[{"embeddable":true,"href":"https:\/\/ipatingafc.com.br\/index.php\/wp-json\/wp\/v2\/users\/2"}],"replies":[{"embeddable":true,"href":"https:\/\/ipatingafc.com.br\/index.php\/wp-json\/wp\/v2\/comments?post=42498"}],"version-history":[{"count":0,"href":"https:\/\/ipatingafc.com.br\/index.php\/wp-json\/wp\/v2\/posts\/42498\/revisions"}],"wp:attachment":[{"href":"https:\/\/ipatingafc.com.br\/index.php\/wp-json\/wp\/v2\/media?parent=42498"}],"wp:term":[{"taxonomy":"category","embeddable":true,"href":"https:\/\/ipatingafc.com.br\/index.php\/wp-json\/wp\/v2\/categories?post=42498"},{"taxonomy":"post_tag","embeddable":true,"href":"https:\/\/ipatingafc.com.br\/index.php\/wp-json\/wp\/v2\/tags?post=42498"}],"curies":[{"name":"wp","href":"https:\/\/api.w.org\/{rel}","templated":true}]}}