{"id":42507,"date":"2026-05-01T20:27:36","date_gmt":"2026-05-01T23:27:36","guid":{"rendered":"https:\/\/ipatingafc.com.br\/index.php\/2026\/05\/01\/ato-em-sao-bernardo-mobiliza-sindicatos-e-pede-fim-da-escala-6x1\/"},"modified":"2026-05-01T20:27:36","modified_gmt":"2026-05-01T23:27:36","slug":"ato-em-sao-bernardo-mobiliza-sindicatos-e-pede-fim-da-escala-6x1","status":"publish","type":"post","link":"https:\/\/ipatingafc.com.br\/index.php\/2026\/05\/01\/ato-em-sao-bernardo-mobiliza-sindicatos-e-pede-fim-da-escala-6x1\/","title":{"rendered":"Ato em S\u00e3o Bernardo mobiliza sindicatos e pede fim da escala 6&#215;1"},"content":{"rendered":"<p><\/p>\n<div wp_automatic_readability=\"61.702427013718\">\n<p><strong>Alguns milhares de trabalhadores e moradores da regi\u00e3o do ABC paulista se reuniram, neste 1\u00b0 de maio, no Pa\u00e7o Municipal de S\u00e3o Bernardo do Campo, onde acompanharam a festa promovida pelos sindicatos da regi\u00e3o, em comemora\u00e7\u00e3o ao Dia do Trabalhador.<\/strong><\/p>\n<p>As 26 agremia\u00e7\u00f5es, filiadas \u00e0 Central \u00danica dos Trabalhadores (CUT), se revezaram em discursos e programa\u00e7\u00e3o musical.<\/p>\n<p><strong>As principais pautas pediam o fim da escala de seis dias de trabalho para um de descanso (6\u00d71) e a expans\u00e3o das pol\u00edticas de combate ao feminic\u00eddio, com falas que discutiam a necessidade da participa\u00e7\u00e3o popular para superar o machismo.<\/strong><\/p>\n<p><strong>Inter aplica 3 a 0 no Santos fora de casa pelo Brasileir\u00e3o Feminino<\/strong><\/p>\n<p><strong>Atores e roteiros criados por IA n\u00e3o poder\u00e3o concorrer ao Oscar<\/strong><\/p>\n<p>O evento contou com a participa\u00e7\u00e3o de tr\u00eas ministros do governo federal: Luiz Marinho (Minist\u00e9rio do Trabalho e Emprego), Alexandre Padilha (da Sa\u00fade) e Leonardo Sarchini (da Educa\u00e7\u00e3o).\u00a0<\/p>\n<p>\u201cToda vez que o presidente Lula governa o pa\u00eds, o 1\u00b0 de maio costuma ser o dia da celebra\u00e7\u00e3o mas tamb\u00e9m \u00e9 o dia da consci\u00eancia do trabalhador e da trabalhadora em rela\u00e7\u00e3o ao que falta fazer. A batalha do ano \u00e9 fazer o Congresso aprovar, antes das elei\u00e7\u00f5es [de outubro], a revis\u00e3o da jornada 6\u00d71\u201d, discursou Fernando Haddad, ex-ministro da Fazenda.<\/p>\n<p><strong>Haddad falou ainda sobre a import\u00e2ncia da participa\u00e7\u00e3o popular para a conquista de outros avan\u00e7os, como a isen\u00e7\u00e3o do Imposto de Renda nas participa\u00e7\u00f5es de lucros (PLR).<\/strong><\/p>\n<p>Representando o Sindicato dos Metal\u00fargicos do ABC, o presidente da entidade Mois\u00e9s Selerges comemorou o bom momento para a categoria.<\/p>\n<p><strong>Manifesta\u00e7\u00e3o em SP pede fim da escala 6\u00d71 e a\u00e7\u00f5es contra o feminic\u00eddio<\/strong><\/p>\n<p><strong>Gal\u00e3 da Globo surpreende e pede Gil do Vigor em casamento ao vivo; \u201cA gente se beija\u201d<\/strong><\/p>\n<blockquote wp_automatic_readability=\"11\">\n<p>\u201cTivemos conquistas e hoje as taxas de desemprego s\u00e3o as melhores da hist\u00f3ria. Essas conquistas ser\u00e3o importantes porque somos os trabalhadores e trabalhadoras que produzem a riqueza do nosso pa\u00eds. Agora queremos, precisamos reduzir a jornada de trabalho. A nossa miss\u00e3o \u00e9 pressionar, l\u00e1 em Bras\u00edlia, pra acabar com a jornada 6\u00d71.\u201d<\/p>\n<\/blockquote>\n<h2>M\u00fasica ao vivo<\/h2>\n<p>A programa\u00e7\u00e3o da festa contou com apresenta\u00e7\u00f5es musicais desde a manh\u00e3 dessa sexta-feira. Os destaques foram o MC IG e Gl\u00f3ria Groove, que se apresentaram no come\u00e7o da noite.\u00a0<\/p>\n<h2>Seguran\u00e7a\u00a0<\/h2>\n<div class=\"dnd-widget-wrapper context-medio_4colunas type-image atom-align-left\">\n<h6 class=\"meta\">Guarda Civil de S\u00e3o Bernardo durante ato em comemora\u00e7\u00e3o ao Dia do Trabalhador \u2013 <strong>Paulo Pinto\/Ag\u00eancia Brasil<\/strong><!--END copyright=461444--><\/h6>\n<\/div>\n<p>A Guarda Municipal de S\u00e3o Bernardo fez a seguran\u00e7a do evento, a partir de sua base no pr\u00f3prio Pa\u00e7o. Por volta das 16h interferiu em um confronto localizado, \u00e0 esquerda do palco, removendo um homem a quem atribu\u00edram ter iniciado uma confus\u00e3o. No processo afastaram com viol\u00eancia o fot\u00f3grafo da <strong>Ag\u00eancia Brasil<\/strong>, Paulo Pinto.<\/p>\n<p>\u00a0<\/p>\n<\/div>\n","protected":false},"excerpt":{"rendered":"<p>Alguns milhares de trabalhadores e moradores da regi\u00e3o do ABC paulista se reuniram, neste 1\u00b0&#8230;<\/p>\n","protected":false},"author":2,"featured_media":0,"comment_status":"","ping_status":"","sticky":false,"template":"","format":"standard","meta":{"footnotes":""},"categories":[2],"tags":[],"class_list":["post-42507","post","type-post","status-publish","format-standard","hentry","category-jogos-ao-vivo"],"amp_enabled":true,"_links":{"self":[{"href":"https:\/\/ipatingafc.com.br\/index.php\/wp-json\/wp\/v2\/posts\/42507","targetHints":{"allow":["GET"]}}],"collection":[{"href":"https:\/\/ipatingafc.com.br\/index.php\/wp-json\/wp\/v2\/posts"}],"about":[{"href":"https:\/\/ipatingafc.com.br\/index.php\/wp-json\/wp\/v2\/types\/post"}],"author":[{"embeddable":true,"href":"https:\/\/ipatingafc.com.br\/index.php\/wp-json\/wp\/v2\/users\/2"}],"replies":[{"embeddable":true,"href":"https:\/\/ipatingafc.com.br\/index.php\/wp-json\/wp\/v2\/comments?post=42507"}],"version-history":[{"count":0,"href":"https:\/\/ipatingafc.com.br\/index.php\/wp-json\/wp\/v2\/posts\/42507\/revisions"}],"wp:attachment":[{"href":"https:\/\/ipatingafc.com.br\/index.php\/wp-json\/wp\/v2\/media?parent=42507"}],"wp:term":[{"taxonomy":"category","embeddable":true,"href":"https:\/\/ipatingafc.com.br\/index.php\/wp-json\/wp\/v2\/categories?post=42507"},{"taxonomy":"post_tag","embeddable":true,"href":"https:\/\/ipatingafc.com.br\/index.php\/wp-json\/wp\/v2\/tags?post=42507"}],"curies":[{"name":"wp","href":"https:\/\/api.w.org\/{rel}","templated":true}]}}