{"id":42516,"date":"2026-05-01T23:52:41","date_gmt":"2026-05-02T02:52:41","guid":{"rendered":"https:\/\/ipatingafc.com.br\/index.php\/2026\/05\/01\/governo-envia-defesa-civil-para-pernambuco-e-paraiba\/"},"modified":"2026-05-01T23:52:41","modified_gmt":"2026-05-02T02:52:41","slug":"governo-envia-defesa-civil-para-pernambuco-e-paraiba","status":"publish","type":"post","link":"https:\/\/ipatingafc.com.br\/index.php\/2026\/05\/01\/governo-envia-defesa-civil-para-pernambuco-e-paraiba\/","title":{"rendered":"Governo envia Defesa Civil para Pernambuco e Para\u00edba"},"content":{"rendered":"<p><\/p>\n<div wp_automatic_readability=\"115.89820282413\">\n<p><strong>Equipes da Defesa Civil Nacional se deslocaram, nesta sexta-feira (1\u00ba), para apoiar o estado de Pernambuco atingido por fortes chuvas. A decis\u00e3o foi dada pelo Governo ap\u00f3s contato com as autoridades locais. As equipes atuar\u00e3o em conjunto com as defesas civis, estaduais e municipais. A determina\u00e7\u00e3o foi anunciada mais cedo pelo presidente Luiz In\u00e1cio Lula da Silva.<\/strong><\/p>\n<p>O ministro da Integra\u00e7\u00e3o e do Desenvolvimento Regional, Waldez G\u00f3es, entrou em contato com a governadora de Pernambuco, Raquel Lyra, e com o prefeito do Recife, Vitor Marques, para orientar sobre as provid\u00eancias necess\u00e1rias para o reconhecimento sum\u00e1rio da situa\u00e7\u00e3o de emerg\u00eancia.<\/p>\n<blockquote wp_automatic_readability=\"11.374407582938\">\n<p>\u201cJ\u00e1 conversei com autoridades locais, como o senador Humberto Costa, o ex-prefeito Jo\u00e3o Campos e a governadora Raquel Lyra, para informar que a determina\u00e7\u00e3o do presidente Lula \u00e9 clara: garantir o socorro e assist\u00eancia do Governo Federal nessa situa\u00e7\u00e3o de emerg\u00eancia\u201d, afirmou o ministro.<\/p>\n<p><strong>Energia solar supera R$ 300 bilh\u00f5es em investimentos<\/strong><\/p>\n<p><strong>Sindicatos realizam ato pelo direito ao descanso e fim da escala 6\u00d71<\/strong><\/p>\n<\/blockquote>\n<p>Waldez G\u00f3es tamb\u00e9m destacou que equipes da Defesa Civil Nacional v\u00e3o atuar em campo, em parceria com as defesas civis estaduais e municipais, para avaliar a situa\u00e7\u00e3o e adotar as medidas necess\u00e1rias para reduzir os impactos causados pelas chuvas em Pernambuco.<\/p>\n<p><strong>A pasta informou que, al\u00e9m de Pernambuco, o governo vai apoiar a Para\u00edba. O estado tamb\u00e9m tem sofrido com os temporais nas \u00faltimas 24h.<\/strong><\/p>\n<p>De acordo com o \u00faltimo boletim, divulgado pela Defesa Civil estadual, nesta sexta-feira (1\u00ba), \u00e0s 12h, o estado de Pernambuco est\u00e1 com sete munic\u00edpios em alerta e teve registros expressivos de acumulado de chuva nas \u00faltimas 24 horas, em mil\u00edmetros (mm), com destaque para as seguintes cidades: Goiana (181 mm), Abreu e Lima (144,8 mm), Paulista (142,9 mm), Igarassu (140,5 mm), Condado (129,6 mm), Itaquitinga (120,8 mm) e Itamb\u00e9 (117,6 mm). Em Recife, foram registrados pontos de alagamento.<\/p>\n<p>\u201cOs t\u00e9cnicos tamb\u00e9m fazem o monitoramento hidrol\u00f3gico em rios da Mata Norte de Pernambuco. <strong>O risco hidrol\u00f3gico e urbano est\u00e1 em evolu\u00e7\u00e3o, com possibilidade de alagamentos, transbordamentos de rios e deslizamentos de terra em \u00e1reas vulner\u00e1veis\u201d disse a pasta.<\/strong><\/p>\n<p><strong>Petrobras inicia P-79 e refor\u00e7a produ\u00e7\u00e3o de petr\u00f3leo e g\u00e1s no pa\u00eds<\/strong><\/p>\n<p><strong>Ato em S\u00e3o Bernardo mobiliza sindicatos e pede fim da escala 6\u00d71<\/strong><\/p>\n<p>O aux\u00edlio a Pernambuco j\u00e1 havia sido anunciado mais cedo pelo presidente Luiz In\u00e1cio Lula da Silva. Lula determinou o apoio do governo federal \u00e0 regi\u00e3o metropolitana do Recife ap\u00f3s a cidade sofrer com fortes chuvas.<\/p>\n<p><strong>Desde ontem (30), segundo a Defesa Civil estadual, foram registrados mais de 100 mil\u00edmetros de chuva na regi\u00e3o. Pelo menos duas pessoas morreram, segundo o prefeito de Recife, Victor Marques.\u00a0<\/strong><\/p>\n<p>Em uma rede social, Lula disse que conversou por telefone, na manh\u00e3 desta sexta-feira, com o ex-prefeito de Recife, Jo\u00e3o Campos, e o senador pernambucano Humberto Costa (PT-PE) sobre as chuvas, que atingem tamb\u00e9m outras regi\u00f5es do estado.<\/p>\n<p>\u201cDeterminei imediatamente o pronto apoio federal \u00e0s autoridades locais. O ministro da Integra\u00e7\u00e3o Regional, Waldez G\u00f3es, acionou a Defesa Civil Nacional para prestar todo suporte \u00e0s cidades atingidas, Inclusive com o reconhecimento da situa\u00e7\u00e3o de emerg\u00eancia e o deslocamento de t\u00e9cnicos para a \u00e1rea,\u201d disse o presidente.\u00a0<\/p>\n<h2>Para\u00edba<\/h2>\n<p><strong>O estado da Para\u00edba tamb\u00e9m registrou chuvas intensas e est\u00e1 em risco. H\u00e1 alerta laranja (perigo) para parte do estado, com previs\u00e3o de chuva entre 30 e 60 mil\u00edmetros (mm) por hora, ventos intensos, risco de alagamentos, queda de \u00e1rvores e interrup\u00e7\u00f5es de energia.<\/strong><\/p>\n<p>Entre os munic\u00edpios em alerta, destaque para Jo\u00e3o Pessoa, Cabedelo, Santa Rita, Bayeux, Conde, Mamanguape, Guarabira, Sap\u00e9, Rio Tinto, Alhandra, Areia e Bananeiras.<\/p>\n<p>\u00a0<\/p>\n<\/div>\n","protected":false},"excerpt":{"rendered":"<p>Equipes da Defesa Civil Nacional se deslocaram, nesta sexta-feira (1\u00ba), para apoiar o estado de&#8230;<\/p>\n","protected":false},"author":2,"featured_media":0,"comment_status":"","ping_status":"","sticky":false,"template":"","format":"standard","meta":{"footnotes":""},"categories":[2],"tags":[],"class_list":["post-42516","post","type-post","status-publish","format-standard","hentry","category-jogos-ao-vivo"],"amp_enabled":true,"_links":{"self":[{"href":"https:\/\/ipatingafc.com.br\/index.php\/wp-json\/wp\/v2\/posts\/42516","targetHints":{"allow":["GET"]}}],"collection":[{"href":"https:\/\/ipatingafc.com.br\/index.php\/wp-json\/wp\/v2\/posts"}],"about":[{"href":"https:\/\/ipatingafc.com.br\/index.php\/wp-json\/wp\/v2\/types\/post"}],"author":[{"embeddable":true,"href":"https:\/\/ipatingafc.com.br\/index.php\/wp-json\/wp\/v2\/users\/2"}],"replies":[{"embeddable":true,"href":"https:\/\/ipatingafc.com.br\/index.php\/wp-json\/wp\/v2\/comments?post=42516"}],"version-history":[{"count":0,"href":"https:\/\/ipatingafc.com.br\/index.php\/wp-json\/wp\/v2\/posts\/42516\/revisions"}],"wp:attachment":[{"href":"https:\/\/ipatingafc.com.br\/index.php\/wp-json\/wp\/v2\/media?parent=42516"}],"wp:term":[{"taxonomy":"category","embeddable":true,"href":"https:\/\/ipatingafc.com.br\/index.php\/wp-json\/wp\/v2\/categories?post=42516"},{"taxonomy":"post_tag","embeddable":true,"href":"https:\/\/ipatingafc.com.br\/index.php\/wp-json\/wp\/v2\/tags?post=42516"}],"curies":[{"name":"wp","href":"https:\/\/api.w.org\/{rel}","templated":true}]}}