{"id":42517,"date":"2026-05-02T00:33:37","date_gmt":"2026-05-02T03:33:37","guid":{"rendered":"https:\/\/ipatingafc.com.br\/index.php\/2026\/05\/02\/lula-determina-apoio-federal-para-cidades-atingidas-por-chuvas-em-pe\/"},"modified":"2026-05-02T00:33:37","modified_gmt":"2026-05-02T03:33:37","slug":"lula-determina-apoio-federal-para-cidades-atingidas-por-chuvas-em-pe","status":"publish","type":"post","link":"https:\/\/ipatingafc.com.br\/index.php\/2026\/05\/02\/lula-determina-apoio-federal-para-cidades-atingidas-por-chuvas-em-pe\/","title":{"rendered":"Lula determina apoio federal para cidades atingidas por chuvas em PE"},"content":{"rendered":"<p><\/p>\n<div wp_automatic_readability=\"56.870407751312\">\n<p><strong>O presidente Luiz In\u00e1cio Lula da Silva determinou nesta sexta-feira (1\u00ba) apoio do governo federal \u00e0 regi\u00e3o metropolitana de Recife, ap\u00f3s a cidade sofrer com fortes chuvas. Desde ontem (30), segundo a Defesa Civil estadual, foram registrados mais de 100 mil\u00edmetros de chuva na regi\u00e3o.\u00a0<\/strong><\/p>\n<p>Pelo menos quatro pessoas est\u00e3o desaparecidas ap\u00f3s o deslizamento de uma barreira em Olinda.<\/p>\n<p>Em uma rede social, Lula disse que conversou por telefone com o ex-prefeito de Recife, Jo\u00e3o Campos, e com o senador pernambucano Humberto Costa (PT-PE) sobre as chuvas, que atingem tamb\u00e9m outras regi\u00f5es do estado.<\/p>\n<p><strong>Energia solar supera R$ 300 bilh\u00f5es em investimentos<\/strong><\/p>\n<p><strong>Sindicatos realizam ato pelo direito ao descanso e fim da escala 6\u00d71<\/strong><\/p>\n<blockquote wp_automatic_readability=\"12\">\n<p>\u201cDeterminei imediatamente o pronto apoio federal \u00e0s autoridades locais. O ministro da Integra\u00e7\u00e3o Regional, Waldez G\u00f3es, acionou a Defesa Civil Nacional para prestar todo suporte \u00e0s cidades atingidas, Inclusive com o reconhecimento da situa\u00e7\u00e3o de emerg\u00eancia e o deslocamento de t\u00e9cnicos para a \u00e1rea\u201d, disse o presidente.\u00a0<\/p>\n<\/blockquote>\n<p><strong>Lula determinou ainda que o ministro da Sa\u00fade, Alexandre Padilha, mobilize a For\u00e7a Nacional do Sistema \u00danico de Sa\u00fade (SUS) para prestar atendimento \u00e0s v\u00edtimas.<\/strong><\/p>\n<p>O ministro das Rela\u00e7\u00f5es Institucionais, Jos\u00e9 Guimar\u00e3es, tamb\u00e9m se manifestou. Ele disse que G\u00f3es conversou com a governadora do estado, Raquel Lyra, sobre as medidas de apoio do governo.<\/p>\n<p><strong>Entre as provid\u00eancias a serem adotadas est\u00e1 a decreta\u00e7\u00e3o de estado de calamidade p\u00fablica para o estado e os munic\u00edpios atingidos.\u00a0<\/strong><\/p>\n<p><strong>Chuvas: Governo envia Defesa Civil para Pernambuco e Para\u00edba<\/strong><\/p>\n<p><strong>Petrobras inicia P-79 e refor\u00e7a produ\u00e7\u00e3o de petr\u00f3leo e g\u00e1s no pa\u00eds<\/strong><\/p>\n<p>Guimar\u00e3es disse ainda que o governo far\u00e1 o reconhecimento sum\u00e1rio da situa\u00e7\u00e3o e adotar\u00e1, \u201ccom rapidez, as medidas necess\u00e1rias para minimizar os impactos e reduzir o sofrimento das popula\u00e7\u00f5es atingidas\u201d.<\/p>\n<blockquote wp_automatic_readability=\"11\">\n<p>\u201cO di\u00e1logo com as diferentes esferas de governo refor\u00e7a a import\u00e2ncia da atua\u00e7\u00e3o conjunta neste momento cr\u00edtico. A uni\u00e3o de esfor\u00e7os \u00e9 fundamental para enfrentar a trag\u00e9dia, salvar vidas e evitar maiores perdas, em um gesto de solidariedade com o povo pernambucano diante de uma situa\u00e7\u00e3o t\u00e3o dif\u00edcil\u201d, disse.<\/p>\n<\/blockquote>\n<h2>Alerta<\/h2>\n<p>A Defesa Civil emitiu um alerta de fortes chuvas para hoje e s\u00e1bado na regi\u00e3o metropolitana de Recife e zona da Mata Norte.<\/p>\n<p>Chuvas moderadas devem atingir as zonas do Agreste e Mata Sul.<\/p>\n<\/div>\n","protected":false},"excerpt":{"rendered":"<p>O presidente Luiz In\u00e1cio Lula da Silva determinou nesta sexta-feira (1\u00ba) apoio do governo federal&#8230;<\/p>\n","protected":false},"author":2,"featured_media":0,"comment_status":"","ping_status":"","sticky":false,"template":"","format":"standard","meta":{"footnotes":""},"categories":[2],"tags":[],"class_list":["post-42517","post","type-post","status-publish","format-standard","hentry","category-jogos-ao-vivo"],"amp_enabled":true,"_links":{"self":[{"href":"https:\/\/ipatingafc.com.br\/index.php\/wp-json\/wp\/v2\/posts\/42517","targetHints":{"allow":["GET"]}}],"collection":[{"href":"https:\/\/ipatingafc.com.br\/index.php\/wp-json\/wp\/v2\/posts"}],"about":[{"href":"https:\/\/ipatingafc.com.br\/index.php\/wp-json\/wp\/v2\/types\/post"}],"author":[{"embeddable":true,"href":"https:\/\/ipatingafc.com.br\/index.php\/wp-json\/wp\/v2\/users\/2"}],"replies":[{"embeddable":true,"href":"https:\/\/ipatingafc.com.br\/index.php\/wp-json\/wp\/v2\/comments?post=42517"}],"version-history":[{"count":0,"href":"https:\/\/ipatingafc.com.br\/index.php\/wp-json\/wp\/v2\/posts\/42517\/revisions"}],"wp:attachment":[{"href":"https:\/\/ipatingafc.com.br\/index.php\/wp-json\/wp\/v2\/media?parent=42517"}],"wp:term":[{"taxonomy":"category","embeddable":true,"href":"https:\/\/ipatingafc.com.br\/index.php\/wp-json\/wp\/v2\/categories?post=42517"},{"taxonomy":"post_tag","embeddable":true,"href":"https:\/\/ipatingafc.com.br\/index.php\/wp-json\/wp\/v2\/tags?post=42517"}],"curies":[{"name":"wp","href":"https:\/\/api.w.org\/{rel}","templated":true}]}}