{"id":42518,"date":"2026-05-02T01:08:34","date_gmt":"2026-05-02T04:08:34","guid":{"rendered":"https:\/\/ipatingafc.com.br\/index.php\/2026\/05\/02\/agencia-minas-gerais-governo-de-minas-abre-edital-para-participacao-de-empreendedores-na-feira-multissetorial-do-medio-piracicaba\/"},"modified":"2026-05-02T01:08:34","modified_gmt":"2026-05-02T04:08:34","slug":"agencia-minas-gerais-governo-de-minas-abre-edital-para-participacao-de-empreendedores-na-feira-multissetorial-do-medio-piracicaba","status":"publish","type":"post","link":"https:\/\/ipatingafc.com.br\/index.php\/2026\/05\/02\/agencia-minas-gerais-governo-de-minas-abre-edital-para-participacao-de-empreendedores-na-feira-multissetorial-do-medio-piracicaba\/","title":{"rendered":"Ag\u00eancia Minas Gerais | Governo de Minas abre edital para participa\u00e7\u00e3o de empreendedores na Feira Multissetorial do M\u00e9dio Piracicaba"},"content":{"rendered":"<p><\/p>\n<div>\n<p>O\u00a0Governo de Minas, por meio da\u00a0Secretaria de Estado de Desenvolvimento Econ\u00f4mico (Sede-MG), est\u00e1 com inscri\u00e7\u00f5es abertas para empreendedores interessados em participar da 27\u00aa Feira Multissetorial do M\u00e9dio Piracicaba, em Santa B\u00e1rbara. A iniciativa prev\u00ea a sele\u00e7\u00e3o de 20 empreendimentos mineiros para ocupa\u00e7\u00e3o de estande coletivo durante o evento, que ser\u00e1 realizado entre os dias 21 e 23\/5.\u00a0<\/p>\n<p>Os selecionados poder\u00e3o expor e comercializar seus produtos de forma gratuita, ampliando oportunidades de neg\u00f3cios e acesso a novos mercados. Podem participar do edital microempreendedores individuais (MEIs), microempresas (ME), empresas de pequeno porte (EPP), agroind\u00fastrias, agricultores familiares, associa\u00e7\u00f5es e cooperativas, desde que possuam produ\u00e7\u00e3o pr\u00f3pria e estejam formalizados e localizados em munic\u00edpios da Bacia Hidrogr\u00e1fica do Rio Doce.<\/p>\n<p>As inscri\u00e7\u00f5es devem ser realizadas entre os dias 29\/4\u00a0e 10\/5, de forma virtual, por meio de formul\u00e1rio eletr\u00f4nico no\u00a0link. O edital est\u00e1 dispon\u00edvel no\u00a0site da Sede-MG.\u00a0<\/p>\n<p>A a\u00e7\u00e3o \u00e9 uma iniciativa do Vem de Minas, programa do Governo de Minas que viabiliza o acesso a mercados para pequenos neg\u00f3cios, por interm\u00e9dio do projeto Coopera + Rio Doce.\u00a0<\/p>\n<p><strong>Feira Multissetorial do M\u00e9dio Piracicaba<\/strong><\/p>\n<p>Em sua 27\u00aa edi\u00e7\u00e3o, a Feira Multissetorial do M\u00e9dio Piracicaba re\u00fane empreendedores, empresas e o p\u00fablico em geral em uma programa\u00e7\u00e3o voltada \u00e0 gera\u00e7\u00e3o de neg\u00f3cios, promo\u00e7\u00e3o de produtos regionais e fortalecimento da economia local.<\/p>\n<p>A feira ainda prev\u00ea iniciativas de turismo e inova\u00e7\u00e3o, e \u00e9 realizada pela Associa\u00e7\u00e3o Comercial e Empresarial e C\u00e2mara de Dirigentes Lojistas de Santa B\u00e1rbara (Acisb CDL).\u00a0<\/p>\n<p><strong>Coopera + Rio Doce<\/strong><\/p>\n<p>O\u00a0Edital de Chamamento P\u00fablico SEDE n\u00ba 09\/2026\u00a0\u00e9 realizado com recursos do Acordo de Repara\u00e7\u00e3o do Rio Doce, firmado em decorr\u00eancia do rompimento da Barragem de Fund\u00e3o, administrada pela Samarco S.A. O rompimento, ocorrido em 5 de novembro de 2015, tirou a vida de 19 pessoas.<\/p>\n<p>Entre as iniciativas do Estado para impulsionar a retomada produtiva e o fortalecimento da economia na regi\u00e3o, a partir do acordo, o projeto Coopera + Rio Doce \u00e9 respons\u00e1vel pelo fomento ao associativismo e cooperativismo.\u00a0<\/p>\n<p>Coordenado pela Sede-MG, o projeto prev\u00ea a\u00e7\u00f5es de capacita\u00e7\u00e3o, mentoria, apoio operacional e fornecimento de equipamentos. Al\u00e9m disso, envolve redes de coopera\u00e7\u00e3o, feiras, rodadas de neg\u00f3cios e apoio \u00e0 gera\u00e7\u00e3o de renda.<\/p>\n<p>\u00a0<\/p>\n<p>\u00a0<\/p>\n<p>\u00a0<\/p>\n<\/p><\/div>\n","protected":false},"excerpt":{"rendered":"<p>O\u00a0Governo de Minas, por meio da\u00a0Secretaria de Estado de Desenvolvimento Econ\u00f4mico (Sede-MG), est\u00e1 com inscri\u00e7\u00f5es&#8230;<\/p>\n","protected":false},"author":2,"featured_media":0,"comment_status":"","ping_status":"","sticky":false,"template":"","format":"standard","meta":{"footnotes":""},"categories":[2],"tags":[],"class_list":["post-42518","post","type-post","status-publish","format-standard","hentry","category-jogos-ao-vivo"],"amp_enabled":true,"_links":{"self":[{"href":"https:\/\/ipatingafc.com.br\/index.php\/wp-json\/wp\/v2\/posts\/42518","targetHints":{"allow":["GET"]}}],"collection":[{"href":"https:\/\/ipatingafc.com.br\/index.php\/wp-json\/wp\/v2\/posts"}],"about":[{"href":"https:\/\/ipatingafc.com.br\/index.php\/wp-json\/wp\/v2\/types\/post"}],"author":[{"embeddable":true,"href":"https:\/\/ipatingafc.com.br\/index.php\/wp-json\/wp\/v2\/users\/2"}],"replies":[{"embeddable":true,"href":"https:\/\/ipatingafc.com.br\/index.php\/wp-json\/wp\/v2\/comments?post=42518"}],"version-history":[{"count":0,"href":"https:\/\/ipatingafc.com.br\/index.php\/wp-json\/wp\/v2\/posts\/42518\/revisions"}],"wp:attachment":[{"href":"https:\/\/ipatingafc.com.br\/index.php\/wp-json\/wp\/v2\/media?parent=42518"}],"wp:term":[{"taxonomy":"category","embeddable":true,"href":"https:\/\/ipatingafc.com.br\/index.php\/wp-json\/wp\/v2\/categories?post=42518"},{"taxonomy":"post_tag","embeddable":true,"href":"https:\/\/ipatingafc.com.br\/index.php\/wp-json\/wp\/v2\/tags?post=42518"}],"curies":[{"name":"wp","href":"https:\/\/api.w.org\/{rel}","templated":true}]}}