{"id":42578,"date":"2026-05-03T02:13:40","date_gmt":"2026-05-03T05:13:40","guid":{"rendered":"https:\/\/ipatingafc.com.br\/index.php\/2026\/05\/03\/agencia-minas-gerais-candidatos-ja-podem-consultar-local-de-prova-do-concurso-da-saude-que-sera-realizado-neste-domingo-3-5\/"},"modified":"2026-05-03T02:13:40","modified_gmt":"2026-05-03T05:13:40","slug":"agencia-minas-gerais-candidatos-ja-podem-consultar-local-de-prova-do-concurso-da-saude-que-sera-realizado-neste-domingo-3-5","status":"publish","type":"post","link":"https:\/\/ipatingafc.com.br\/index.php\/2026\/05\/03\/agencia-minas-gerais-candidatos-ja-podem-consultar-local-de-prova-do-concurso-da-saude-que-sera-realizado-neste-domingo-3-5\/","title":{"rendered":"Ag\u00eancia Minas Gerais | Candidatos j\u00e1 podem consultar local de prova do concurso da Sa\u00fade que ser\u00e1 realizado neste domingo (3\/5)"},"content":{"rendered":"<p><\/p>\n<div>\n<p role=\"heading\">Os candidatos inscritos no concurso p\u00fablico da Secretaria de Estado de Sa\u00fade de Minas Gerais (SES-MG) j\u00e1 podem acessar o comprovante definitivo de inscri\u00e7\u00e3o (CDI), que informa o local de realiza\u00e7\u00e3o das provas.<\/p>\n<p>O documento foi disponibilizado nessa segunda-feira (27\/4). Para acessar, basta entrar na \u00e1rea do candidato, no site do IBGP Concursos, organizador do certame, e informar CPF e senha cadastrados no momento da inscri\u00e7\u00e3o.\u00a0As listas gerais com os locais de prova tamb\u00e9m podem\u00a0ser\u00a0consultadas\u00a0no\u00a0site do IBGP.<\/p>\n<p>As provas ser\u00e3o realizadas neste domingo (3\/5), e o concurso prev\u00ea 380 vagas para o cargo de Especialista em Pol\u00edticas e Gest\u00e3o da Sa\u00fade (EPGS), al\u00e9m de forma\u00e7\u00e3o de cadastro de reserva, em diversas \u00e1reas. Os aprovados v\u00e3o atuar na unidade central da SES-MG, em Belo Horizonte, e nas Unidades Regionais de Sa\u00fade (URS) em todo o estado.<\/p>\n<p>Segundo a secret\u00e1ria de Estado Adjunta de Sa\u00fade,\u00a0Poliana Cardoso\u00a0Lopes,\u00a0os novos servidores estaduais v\u00e3o atuar diretamente no planejamento e execu\u00e7\u00e3o das pol\u00edticas p\u00fablicas de sa\u00fade.\u00a0<\/p>\n<p lang=\"PT-BR\">\u201cEstamos\u00a0muito\u00a0animados porque recebemos mais de 20 mil inscri\u00e7\u00f5es para as vagas disponibilizadas\u00a0no concurso\u00a0da SES\u00a0e tenho certeza\u00a0de que\u00a0teremos pessoas capacitadas e com muita vontade de buscar o SUS ideal para todos os mineiros\u201d, pontuou.\u00a0<\/p>\n<p>A sele\u00e7\u00e3o deve fortalecer o quadro t\u00e9cnico da sa\u00fade estadual e ampliar a capacidade de planejamento, gest\u00e3o, regula\u00e7\u00e3o e vigil\u00e2ncia no Sistema \u00danico de Sa\u00fade (SUS) em Minas Gerais.<\/p>\n<p><strong>Provas neste domingo<\/strong><\/p>\n<p>O processo seletivo ser\u00e1 realizado em etapa \u00fanica, com prova objetiva e prova discursiva, ambas eliminat\u00f3rias e classificat\u00f3rias. A prova objetiva ter\u00e1 60 quest\u00f5es de m\u00faltipla escolha. J\u00e1 a prova discursiva ser\u00e1 composta por duas quest\u00f5es, com valor de 20 pontos cada, baseadas na an\u00e1lise de casos pr\u00e1ticos.<\/p>\n<p>As provas ser\u00e3o aplicadas no per\u00edodo da manh\u00e3, com dura\u00e7\u00e3o total de quatro horas, em Belo Horizonte e em cidades polo como Juiz de Fora, Montes Claros, Uberl\u00e2ndia, Governador Valadares, Varginha e Divin\u00f3polis, entre outras.<\/p>\n<p><strong>Hor\u00e1rios e orienta\u00e7\u00f5es importantes<\/strong><\/p>\n<p>Os port\u00f5es ser\u00e3o abertos \u00e0s 7h e fechados, impreterivelmente, \u00e0s 8h (hor\u00e1rio de Bras\u00edlia). As provas come\u00e7am \u00e0s 8h30 e seguem at\u00e9 12h30.<\/p>\n<p>O candidato deve chegar com anteced\u00eancia m\u00ednima de uma hora, j\u00e1 que n\u00e3o ser\u00e1 permitida a entrada ap\u00f3s o fechamento dos port\u00f5es. N\u00e3o haver\u00e1 segunda chamada em caso de atraso ou aus\u00eancia. \u00c9 de responsabilidade do candidato conferir o local de prova no comprovante de inscri\u00e7\u00e3o e se planejar para o deslocamento, evitando imprevistos.<\/p>\n<p>Para fazer a prova, \u00e9 obrigat\u00f3rio apresentar documento de identifica\u00e7\u00e3o original com foto, em formato f\u00edsico, o comprovante definitivo de inscri\u00e7\u00e3o (CDI) e caneta esferogr\u00e1fica de tinta azul ou preta, de material transparente. N\u00e3o ser\u00e3o aceitos documentos digitais, c\u00f3pias ou documentos sem foto.<\/p>\n<p><strong>Regras durante a prova<\/strong><\/p>\n<p>N\u00e3o ser\u00e1 permitido o uso de celular, rel\u00f3gios, calculadoras ou qualquer equipamento eletr\u00f4nico. Os itens dever\u00e3o permanecer guardados em envelope lacrado durante toda a aplica\u00e7\u00e3o.<\/p>\n<p>O candidato deve preencher a folha de respostas com aten\u00e7\u00e3o, pois ela \u00e9 o \u00fanico documento v\u00e1lido para corre\u00e7\u00e3o. N\u00e3o haver\u00e1 substitui\u00e7\u00e3o em caso de erro.<\/p>\n<p>Tamb\u00e9m n\u00e3o ser\u00e1 permitido sair da sala antes de uma hora do in\u00edcio da prova. Ao final, \u00e9 obrigat\u00f3rio entregar a folha de respostas ao fiscal.<\/p>\n<p>\u00a0<\/p>\n<p>\u00a0<\/p>\n<p>\u00a0<\/p>\n<\/p><\/div>\n","protected":false},"excerpt":{"rendered":"<p>Os candidatos inscritos no concurso p\u00fablico da Secretaria de Estado de Sa\u00fade de Minas Gerais&#8230;<\/p>\n","protected":false},"author":2,"featured_media":0,"comment_status":"","ping_status":"","sticky":false,"template":"","format":"standard","meta":{"footnotes":""},"categories":[2],"tags":[],"class_list":["post-42578","post","type-post","status-publish","format-standard","hentry","category-jogos-ao-vivo"],"amp_enabled":true,"_links":{"self":[{"href":"https:\/\/ipatingafc.com.br\/index.php\/wp-json\/wp\/v2\/posts\/42578","targetHints":{"allow":["GET"]}}],"collection":[{"href":"https:\/\/ipatingafc.com.br\/index.php\/wp-json\/wp\/v2\/posts"}],"about":[{"href":"https:\/\/ipatingafc.com.br\/index.php\/wp-json\/wp\/v2\/types\/post"}],"author":[{"embeddable":true,"href":"https:\/\/ipatingafc.com.br\/index.php\/wp-json\/wp\/v2\/users\/2"}],"replies":[{"embeddable":true,"href":"https:\/\/ipatingafc.com.br\/index.php\/wp-json\/wp\/v2\/comments?post=42578"}],"version-history":[{"count":0,"href":"https:\/\/ipatingafc.com.br\/index.php\/wp-json\/wp\/v2\/posts\/42578\/revisions"}],"wp:attachment":[{"href":"https:\/\/ipatingafc.com.br\/index.php\/wp-json\/wp\/v2\/media?parent=42578"}],"wp:term":[{"taxonomy":"category","embeddable":true,"href":"https:\/\/ipatingafc.com.br\/index.php\/wp-json\/wp\/v2\/categories?post=42578"},{"taxonomy":"post_tag","embeddable":true,"href":"https:\/\/ipatingafc.com.br\/index.php\/wp-json\/wp\/v2\/tags?post=42578"}],"curies":[{"name":"wp","href":"https:\/\/api.w.org\/{rel}","templated":true}]}}