{"id":42627,"date":"2026-05-04T03:08:36","date_gmt":"2026-05-04T06:08:36","guid":{"rendered":"https:\/\/ipatingafc.com.br\/index.php\/2026\/05\/04\/trajetoria-que-une-dedicacao-e-transformacao-social-mudou-a-vida-de-ana-agencia-de-noticias-do-governo-de-mato-grosso-do-sul\/"},"modified":"2026-05-04T03:08:36","modified_gmt":"2026-05-04T06:08:36","slug":"trajetoria-que-une-dedicacao-e-transformacao-social-mudou-a-vida-de-ana-agencia-de-noticias-do-governo-de-mato-grosso-do-sul","status":"publish","type":"post","link":"https:\/\/ipatingafc.com.br\/index.php\/2026\/05\/04\/trajetoria-que-une-dedicacao-e-transformacao-social-mudou-a-vida-de-ana-agencia-de-noticias-do-governo-de-mato-grosso-do-sul\/","title":{"rendered":"trajet\u00f3ria que une dedica\u00e7\u00e3o e transforma\u00e7\u00e3o social mudou a vida de Ana \u2013 Ag\u00eancia de Noticias do Governo de Mato Grosso do Sul"},"content":{"rendered":"<p><\/p>\n<div wp_automatic_readability=\"109.32400932401\">\n<p>No Dia do Trabalhador, hist\u00f3rias que unem dedica\u00e7\u00e3o, prop\u00f3sito e transforma\u00e7\u00e3o ganham ainda mais significado. A da pedagoga Ana Lucia de Souza \u00e9 uma delas.<\/p>\n<p>Servidora h\u00e1 mais de duas d\u00e9cadas, ela construiu sua trajet\u00f3ria inteiramente dentro da administra\u00e7\u00e3o p\u00fablica estadual. Desde 2003 no quadro da Sead (Secretaria de Estado de Assist\u00eancia Social e dos Direitos Humanos), Ana Lucia soma 23 anos de servi\u00e7o, sendo os \u00faltimos oito dedicados \u00e0 Secretaria Executiva de Direitos Humanos. Agora, alcan\u00e7a um novo marco: a conclus\u00e3o do mestrado em Desenvolvimento Local, com apoio do Governo do Estado de Mato Grosso do Sul.<\/p>\n<p>A conquista, no entanto, n\u00e3o foi apenas acad\u00eamica foi tamb\u00e9m pessoal.<\/p>\n<p><strong>PrefCG inaugura Complexo Esportivo no Santa Em\u00edlia nesta segunda-feira (4) \u2013 CGNot\u00edcias<\/strong><\/p>\n<p><strong>Governo de MS investe em infraestrutura e apoia feira agropecu\u00e1ria em Gl\u00f3ria de Dourados \u2013 Ag\u00eancia de Noticias do Governo de Mato Grosso do Sul<\/strong><\/p>\n<p>\u201cEra um sonho antigo. Quando surgiu a oportunidade, foi uma surpresa. Eu queria muito, mas n\u00e3o imaginava que aconteceria naquele momento\u201d, conta.<\/p>\n<p>A vaga veio por meio de uma parceria entre a Funda\u00e7\u00e3o Escola de Governo de Mato Grosso do Sul e a Universidade Cat\u00f3lica Dom Bosco, que ofertou oportunidades a servidores efetivos do Estado.<\/p>\n<p><strong>Do desafio cotidiano \u00e0 pesquisa cient\u00edfica<\/strong><\/p>\n<p>A escolha do tema do mestrado nasceu da pr\u00e1tica. No dia a dia de trabalho, Ana percebia uma dificuldade recorrente: a falta de dados consolidados sobre migra\u00e7\u00e3o internacional em Mato Grosso do Sul.<\/p>\n<p><strong>Motoristas devem ficar atentos \u00e0s interdi\u00e7\u00f5es de hoje \u2013 CGNot\u00edcias<\/strong><\/p>\n<p><strong>Caracol celebrou 61 anos com entregas de casas, lan\u00e7amentos de obras e agenda cultural \u2013 Ag\u00eancia de Noticias do Governo de Mato Grosso do Sul<\/strong><\/p>\n<p>\u201cAs informa\u00e7\u00f5es s\u00e3o muito fragmentadas. Um pouco est\u00e1 na sa\u00fade, outro na educa\u00e7\u00e3o, outro em cadastros espec\u00edficos. Isso dificulta tanto o atendimento quanto o planejamento de pol\u00edticas p\u00fablicas\u201d, explica.<\/p>\n<p>A partir dessa realidade, ela desenvolveu uma pesquisa que prop\u00f5e a cria\u00e7\u00e3o de um observat\u00f3rio estadual de migra\u00e7\u00f5es internacionais como uma ferramenta capaz de reunir, organizar e disponibilizar dados confi\u00e1veis para o poder p\u00fablico e a sociedade.<\/p>\n<figure class=\"wp-block-image size-large\"><figcaption class=\"wp-element-caption\">Ana pretende colocar em pr\u00e1tica os conhecimentos adquiridos com o mestrado em seu dia a dia como servidora<\/figcaption><\/figure>\n<p>A proposta ganha ainda mais relev\u00e2ncia diante do avan\u00e7o da Rota Bioce\u00e2nica, que deve intensificar o fluxo migrat\u00f3rio e gerar novos desafios sociais, econ\u00f4micos e culturais para os munic\u00edpios sul-mato-grossenses.<\/p>\n<p>\u201cSem dados, n\u00e3o h\u00e1 planejamento. E sem planejamento, os impactos recaem diretamente sobre a popula\u00e7\u00e3o\u201d, afirma.<\/p>\n<p><strong>Trabalho, estudo e fam\u00edlia<\/strong><\/p>\n<p>Conciliar a rotina profissional com o mestrado n\u00e3o foi simples. Foram dois anos de dedica\u00e7\u00e3o intensa, divididos entre trabalho, estudos e a vida em fam\u00edlia.<\/p>\n<p>Casada h\u00e1 18 anos e m\u00e3e de Amanda, de 7, Ana encontrou na pr\u00f3pria filha uma fonte de motiva\u00e7\u00e3o e tamb\u00e9m de inspira\u00e7\u00e3o.<\/p>\n<p>\u201cEla participava das minhas aulas online, aparecia na c\u00e2mera, conversava com os professores. Foi um processo que envolveu toda a fam\u00edlia\u201d, relembra.<\/p>\n<p>O apoio institucional tamb\u00e9m foi decisivo. A libera\u00e7\u00e3o para as atividades acad\u00eamicas e o incentivo da equipe ajudaram a tornar poss\u00edvel o que parecia distante.<\/p>\n<p>\u201cEsse reconhecimento faz diferen\u00e7a. Motiva, fortalece e mostra que o servidor tamb\u00e9m pode crescer.\u201d<\/p>\n<p>Mais do que um t\u00edtulo, o mestrado representa, para Ana, uma nova etapa. Seu objetivo agora, revela a servidora, \u00e9 tirar do papel a proposta do observat\u00f3rio e contribuir diretamente para a melhoria das pol\u00edticas p\u00fablicas no Estado.<\/p>\n<figure class=\"wp-block-image size-large\"><figcaption class=\"wp-element-caption\"><em>No registro, Ana e seus colegas na cerim\u00f4nia de finaliza\u00e7\u00e3o do mestrado<\/em><\/figcaption><\/figure>\n<p>Ela tamb\u00e9m faz quest\u00e3o de destacar o papel do conhecimento como ferramenta de transforma\u00e7\u00e3o especialmente para outras mulheres servidoras.<\/p>\n<p>\u201cMuitas vezes a gente se coloca em segundo plano. Mas \u00e9 importante buscar o que queremos. O estudo abre portas, amplia a vis\u00e3o e nos prepara para novas oportunidades.\u201d, finaliza.<\/p>\n<p>Ana disponibilizou sua disserta\u00e7\u00e3o para leitura p\u00fablica. <span style=\"color: #0000ff;\">Clique aqui e confira<\/span>.<\/p>\n<p><em>Leomar Alves Rosa, Comunica\u00e7\u00e3o Sead<br \/>Fotos: Monique Alves<\/em><\/p>\n<\/div>\n","protected":false},"excerpt":{"rendered":"<p>No Dia do Trabalhador, hist\u00f3rias que unem dedica\u00e7\u00e3o, prop\u00f3sito e transforma\u00e7\u00e3o ganham ainda mais significado&#8230;.<\/p>\n","protected":false},"author":2,"featured_media":0,"comment_status":"","ping_status":"","sticky":false,"template":"","format":"standard","meta":{"footnotes":""},"categories":[2],"tags":[],"class_list":["post-42627","post","type-post","status-publish","format-standard","hentry","category-jogos-ao-vivo"],"amp_enabled":true,"_links":{"self":[{"href":"https:\/\/ipatingafc.com.br\/index.php\/wp-json\/wp\/v2\/posts\/42627","targetHints":{"allow":["GET"]}}],"collection":[{"href":"https:\/\/ipatingafc.com.br\/index.php\/wp-json\/wp\/v2\/posts"}],"about":[{"href":"https:\/\/ipatingafc.com.br\/index.php\/wp-json\/wp\/v2\/types\/post"}],"author":[{"embeddable":true,"href":"https:\/\/ipatingafc.com.br\/index.php\/wp-json\/wp\/v2\/users\/2"}],"replies":[{"embeddable":true,"href":"https:\/\/ipatingafc.com.br\/index.php\/wp-json\/wp\/v2\/comments?post=42627"}],"version-history":[{"count":0,"href":"https:\/\/ipatingafc.com.br\/index.php\/wp-json\/wp\/v2\/posts\/42627\/revisions"}],"wp:attachment":[{"href":"https:\/\/ipatingafc.com.br\/index.php\/wp-json\/wp\/v2\/media?parent=42627"}],"wp:term":[{"taxonomy":"category","embeddable":true,"href":"https:\/\/ipatingafc.com.br\/index.php\/wp-json\/wp\/v2\/categories?post=42627"},{"taxonomy":"post_tag","embeddable":true,"href":"https:\/\/ipatingafc.com.br\/index.php\/wp-json\/wp\/v2\/tags?post=42627"}],"curies":[{"name":"wp","href":"https:\/\/api.w.org\/{rel}","templated":true}]}}