{"id":42637,"date":"2026-05-04T11:08:30","date_gmt":"2026-05-04T14:08:30","guid":{"rendered":"https:\/\/ipatingafc.com.br\/index.php\/2026\/05\/04\/agencia-minas-gerais-fhemig-e-ufmg-firmam-parceria-para-desenvolver-inteligencia-artificial-voltada-a-prevencao-da-hemorragia-pos-parto\/"},"modified":"2026-05-04T11:08:30","modified_gmt":"2026-05-04T14:08:30","slug":"agencia-minas-gerais-fhemig-e-ufmg-firmam-parceria-para-desenvolver-inteligencia-artificial-voltada-a-prevencao-da-hemorragia-pos-parto","status":"publish","type":"post","link":"https:\/\/ipatingafc.com.br\/index.php\/2026\/05\/04\/agencia-minas-gerais-fhemig-e-ufmg-firmam-parceria-para-desenvolver-inteligencia-artificial-voltada-a-prevencao-da-hemorragia-pos-parto\/","title":{"rendered":"Ag\u00eancia Minas Gerais | Fhemig\u00a0e UFMG firmam parceria para desenvolver intelig\u00eancia artificial voltada \u00e0 preven\u00e7\u00e3o da hemorragia\u00a0p\u00f3s-parto"},"content":{"rendered":"<p><\/p>\n<div>\n<section class=\"news-related \/ col-md-4 col-lg-3 \/ margin-md-bottom-2 margin-left-1 \/ pull-right \/ hidden-xs hidden-sm\">\n<header>\n<p class=\"text-title-section \/ margin-bottom-1\">Relacionadas<\/p>\n<\/header>\n<p>\t\t\t\t\t\t\t<main><\/p>\n<hr class=\"row margin-md-bottom-2\"\/>\n\t\t\t\t\t\t\t<\/main><br \/>\n\t\t\t\t\t\t<\/section>\n<p>A Funda\u00e7\u00e3o Hospitalar do Estado de Minas Gerais (Fhemig), em parceria com a\u00a0Universidade Federal de Minas Gerais (UFMG),\u00a0deu\u00a0in\u00edcio a um projeto de Pesquisa, Desenvolvimento e Inova\u00e7\u00e3o\u00a0voltado ao uso de intelig\u00eancia artificial\u00a0(IA)\u00a0na preven\u00e7\u00e3o da hemorragia puerperal\u00a0&#8211;\u00a0uma das principais causas de morte materna no mundo. A iniciativa, que\u00a0est\u00e1 sendo conduzida\u00a0na Maternidade Odete Valadares\u00a0(MOV), marca um\u00a0grande\u00a0avan\u00e7o institucional: trata-se do primeiro acordo\u00a0dessa natureza\u00a0da\u00a0Fhemig,\u00a0aplicado \u00e0 sa\u00fade materna por meio\u00a0de IA.\u00a0\u00a0<\/p>\n<figure class=\"image\" style=\"float:left\">&#13;<figcaption><em><sup>Anni Sieglitz \/ Fhemig<\/sup><\/em><\/figcaption>&#13;<br \/>\n<\/figure>\n<p>Intitulado \u201cInova\u00e7\u00f5es na an\u00e1lise da hemorragia puerperal: amplia\u00e7\u00e3o de dados, estrat\u00e9gias de risco e valida\u00e7\u00e3o com Intelig\u00eancia Artificial\u201d, o projeto pretende desenvolver modelos\u00a0capazes de prever precocemente o risco de hemorragia ap\u00f3s o parto.\u00a0O objetivo \u00e9 que\u00a0a ferramenta possa apoiar equipes m\u00e9dicas no momento da admiss\u00e3o das\u00a0pacientes,\u00a0permitindo identificar mulheres com maior probabilidade de desenvolver a complica\u00e7\u00e3o e, assim,\u00a0planejar condutas assistenciais mais seguras, especialmente em momentos cr\u00edticos do atendimento.\u00a0\u00a0<\/p>\n<p>Segundo\u00a0a ginecologista e obstetra da MOV, Fl\u00e1via Ribeiro, uma das pesquisadoras envolvidas no projeto,\u00a0os dados j\u00e1 est\u00e3o sendo coletados\u00a0e analisados. \u201cAguardamos resultados promissores\u201d,\u00a0afirma. Fl\u00e1via\u00a0tamb\u00e9m\u00a0explica que\u00a0um dos diferenciais do estudo \u00e9 a integra\u00e7\u00e3o de grandes bases de dados cl\u00ednicos.\u00a0<\/p>\n<p>\u201cAs informa\u00e7\u00f5es da\u00a0MOV\u00a0ser\u00e3o analisadas em conjunto\u00a0com\u00a0os\u00a0dados da maternidade do Hospital das Cl\u00ednicas (UFMG). Essa amplia\u00e7\u00e3o do volume de dados permitir\u00e1 an\u00e1lises mais robustas\u00a0e precisas,\u00a0identificando fatores de risco que muitas vezes n\u00e3o s\u00e3o percept\u00edveis em an\u00e1lises estat\u00edsticas tradicionais\u201d,\u00a0conta\u00a0a profissional.<\/p>\n<p>Outro aspecto\u00a0importante\u00a0\u00e9 a valida\u00e7\u00e3o externa dos modelos desenvolvidos,\u00a0etapa considerada essencial em pesquisas que utilizam\u00a0IA. Nesse processo, os algoritmos ser\u00e3o testados em um ambiente hospitalar diferente daquele em que foram constru\u00eddos.\u00a0\u201cIsto\u00a0aumenta a confiabilidade cient\u00edfica dos resultados e amplia o potencial de aplica\u00e7\u00e3o em outros contextos assistenciais\u201d, ressalta a m\u00e9dica.\u00a0<\/p>\n<p><b>Inova\u00e7\u00e3o na sa\u00fade p\u00fablica\u00a0<\/b><\/p>\n<p>A iniciativa refor\u00e7a o papel da\u00a0MOV\u00a0como\u00a0um\u00a0campo\u00a0estrat\u00e9gico para\u00a0a\u00a0pesquisa aplicada\u00a0e amplia o protagonismo da\u00a0Fhemig\u00a0em inova\u00e7\u00e3o. A expectativa \u00e9 que o projeto contribua n\u00e3o apenas para o avan\u00e7o cient\u00edfico, mas tamb\u00e9m para\u00a0amplia\u00e7\u00e3o da seguran\u00e7a materna, reduzindo\u00a0complica\u00e7\u00f5es graves no per\u00edodo p\u00f3s-parto\u00a0e salvando vidas.\u00a0<\/p>\n<p>\u201cAo investir em inova\u00e7\u00e3o e ci\u00eancia de dados, a rede p\u00fablica hospitalar demonstra sua capacidade de produzir conhecimento de alto impacto e de incorporar tecnologias avan\u00e7adas em benef\u00edcio direto da popula\u00e7\u00e3o\u201d, explica.<\/p>\n<p>A coordenadora do Centro de Inform\u00e1tica em Sa\u00fade da Faculdade de Medicina da UFMG, Zilma Reis, afirma que,\u00a0com os impactos positivos da iniciativa, novas parcerias poder\u00e3o ser acordadas, fortalecendo o ecossistema de inova\u00e7\u00e3o\u00a0no \u00e2mbito da\u00a0sa\u00fade mineira. \u201cA coopera\u00e7\u00e3o entre a universidade e a\u00a0Fhemig\u00a0abre portas\u00a0para o uso de\u00a0ferramentas cada vez mais potencializadas\u00a0em\u00a0ambientes hospitalares,\u00a0e promove a forma\u00e7\u00e3o de recursos humanos qualificados\u00a0e mais bem preparados para o uso \u00e9tico e respons\u00e1vel da IA\u201d,\u00a0finaliza a pesquisadora.\u00a0\u00a0<\/p>\n<p><b>Desafio global\u00a0\u00a0<\/b><\/p>\n<p>A hemorragia obst\u00e9trica est\u00e1 entre as tr\u00eas principais causas de mortalidade materna no mundo e, em muitos pa\u00edses, ocupa o primeiro lugar entre as causas diretas de morte durante a gesta\u00e7\u00e3o e o puerp\u00e9rio. Estima-se que cerca de 25% das mortes maternas globais estejam associadas a esse tipo de complica\u00e7\u00e3o, o que torna fundamental o desenvolvimento de estrat\u00e9gias capazes de antecipar riscos e fortalecer a\u00e7\u00f5es preventivas.\u00a0<\/p>\n<p>Refer\u00eancia em Minas Gerais, a MOV se destaca no atendimento a gesta\u00e7\u00f5es e partos de alto risco, oferecendo estrutura especializada, equipe multiprofissional qualificada e protocolos rigorosos de seguran\u00e7a. A unidade \u00e9 preparada para lidar com situa\u00e7\u00f5es complexas, como os casos de hemorragia, garantindo respostas r\u00e1pidas e cuidado integral \u00e0s pacientes.<\/p>\n<p>Foi o que aconteceu com a costureira Karolina Ribeiro, de 30 anos, que deu \u00e0 luz Maria em mar\u00e7o. A gestante chegou \u00e0 MOV com um quadro de acretismo placent\u00e1rio, uma complica\u00e7\u00e3o obst\u00e9trica grave em que a placenta se fixa de forma anormal ao m\u00fasculo uterino, o que gera um alto risco de hemorragia. Ap\u00f3s o parto, Karolina foi encaminhada para o Centro de Terapia Intensiva (CTI), onde teve um choque hemorr\u00e1gico. A equipe do setor precisou atuar de forma \u00e1gil e precisa, o que foi decisivo para estabilizar o seu quadro.<\/p>\n<p>\u201cTodos os profissionais foram extremamente dedicados e humanos, o que fez toda a diferen\u00e7a durante minha recupera\u00e7\u00e3o. Apesar de tudo, reconhe\u00e7o que estive nas m\u00e3os de uma equipe muito preparada\u201d relatou a paciente.\u00a0<\/p>\n<p>\u00a0<\/p>\n<\/p><\/div>\n","protected":false},"excerpt":{"rendered":"<p>Relacionadas A Funda\u00e7\u00e3o Hospitalar do Estado de Minas Gerais (Fhemig), em parceria com a\u00a0Universidade Federal&#8230;<\/p>\n","protected":false},"author":2,"featured_media":0,"comment_status":"","ping_status":"","sticky":false,"template":"","format":"standard","meta":{"footnotes":""},"categories":[2],"tags":[],"class_list":["post-42637","post","type-post","status-publish","format-standard","hentry","category-jogos-ao-vivo"],"amp_enabled":true,"_links":{"self":[{"href":"https:\/\/ipatingafc.com.br\/index.php\/wp-json\/wp\/v2\/posts\/42637","targetHints":{"allow":["GET"]}}],"collection":[{"href":"https:\/\/ipatingafc.com.br\/index.php\/wp-json\/wp\/v2\/posts"}],"about":[{"href":"https:\/\/ipatingafc.com.br\/index.php\/wp-json\/wp\/v2\/types\/post"}],"author":[{"embeddable":true,"href":"https:\/\/ipatingafc.com.br\/index.php\/wp-json\/wp\/v2\/users\/2"}],"replies":[{"embeddable":true,"href":"https:\/\/ipatingafc.com.br\/index.php\/wp-json\/wp\/v2\/comments?post=42637"}],"version-history":[{"count":0,"href":"https:\/\/ipatingafc.com.br\/index.php\/wp-json\/wp\/v2\/posts\/42637\/revisions"}],"wp:attachment":[{"href":"https:\/\/ipatingafc.com.br\/index.php\/wp-json\/wp\/v2\/media?parent=42637"}],"wp:term":[{"taxonomy":"category","embeddable":true,"href":"https:\/\/ipatingafc.com.br\/index.php\/wp-json\/wp\/v2\/categories?post=42637"},{"taxonomy":"post_tag","embeddable":true,"href":"https:\/\/ipatingafc.com.br\/index.php\/wp-json\/wp\/v2\/tags?post=42637"}],"curies":[{"name":"wp","href":"https:\/\/api.w.org\/{rel}","templated":true}]}}