{"id":42697,"date":"2026-05-05T09:05:37","date_gmt":"2026-05-05T12:05:37","guid":{"rendered":"https:\/\/ipatingafc.com.br\/index.php\/2026\/05\/05\/prefeitura-lanca-grupo-de-preparacao-para-entrevistas-de-emprego-no-mes-do-trabalhador-agencia-de-noticias\/"},"modified":"2026-05-05T09:05:37","modified_gmt":"2026-05-05T12:05:37","slug":"prefeitura-lanca-grupo-de-preparacao-para-entrevistas-de-emprego-no-mes-do-trabalhador-agencia-de-noticias","status":"publish","type":"post","link":"https:\/\/ipatingafc.com.br\/index.php\/2026\/05\/05\/prefeitura-lanca-grupo-de-preparacao-para-entrevistas-de-emprego-no-mes-do-trabalhador-agencia-de-noticias\/","title":{"rendered":"Prefeitura lan\u00e7a grupo de prepara\u00e7\u00e3o para entrevistas de emprego no M\u00eas do Trabalhador \u2013 Ag\u00eancia de Not\u00edcias"},"content":{"rendered":"<p><\/p>\n<div>\n<p>Entre as a\u00e7\u00f5es da programa\u00e7\u00e3o do M\u00eas do Trabalhador da Prefeitura de Sorocaba, a Secretaria de Rela\u00e7\u00f5es do Trabalho e Qualifica\u00e7\u00e3o Profissional (Sert) come\u00e7a uma nova etapa do programa Tempo de Cuidar, voltado ao acolhimento e fortalecimento de trabalhadores em busca de uma oportunidade no mercado de trabalho. O lan\u00e7amento do grupo \u201cPrepara\u00e7\u00e3o para a Entrevista de Emprego: Conectando Experi\u00eancias e Oportunidades\u201d, acontecer\u00e1 nesta ter\u00e7a-feira (5), \u00e0s 10h, na Casa do Trabalhador. Com participa\u00e7\u00e3o gratuita, as inscri\u00e7\u00f5es est\u00e3o dispon\u00edveis pelo link: https:\/\/agenda-eventos.sorocaba.sp.gov.br\/preparacao-para-a-entrevista-de-emprego-conectando-experiencias-e-oportunidades\/.<\/p>\n<p>O Tempo de Cuidar integra a frente psicossocial da Sert e faz parte das a\u00e7\u00f5es da Prefeitura voltadas \u00e0 promo\u00e7\u00e3o da empregabilidade com dignidade, unindo acolhimento, prepara\u00e7\u00e3o e acesso ao mercado de trabalho. O programa j\u00e1 desenvolve o grupo \u201cDesperte Sua For\u00e7a\u201d, voltado ao fortalecimento emocional.<\/p>\n<p>Com encontros agendados para as ter\u00e7as-feiras, \u00e0s 10h, o grupo \u201cPrepara\u00e7\u00e3o para a Entrevista de Emprego: Conectando Experi\u00eancias e Oportunidades\u201d abordar\u00e1 temas como: comunica\u00e7\u00e3o, postura, apresenta\u00e7\u00e3o pessoal, d\u00favidas comuns sobre entrevistas e expectativas do ambiente profissional.<\/p>\n<p><strong>M\u00eas do Trabalhador<\/strong><\/p>\n<p>A programa\u00e7\u00e3o do M\u00eas do Trabalhador come\u00e7ou nesta segunda-feira (4) e seguir\u00e1 ao longo de maio com uma s\u00e9rie de a\u00e7\u00f5es voltadas \u00e0 valoriza\u00e7\u00e3o do trabalhador, a amplia\u00e7\u00e3o de oportunidades e o fortalecimento de pol\u00edticas p\u00fablicas que promovam o acesso ao emprego e \u00e0 qualifica\u00e7\u00e3o profissional. At\u00e9 sexta-feira (8), quem comparecer \u00e0 Casa do Trabalhador poder\u00e1 participar de a\u00e7\u00f5es de empregabilidade, coffee break, servi\u00e7os de acolhimento e palestras.<\/p>\n<p>Na quarta-feira (6), \u00e0s 10h, haver\u00e1 mais um encontro do grupo \u201cDesperte Sua For\u00e7a\u201d do programa Tempo de Cuidar. A programa\u00e7\u00e3o seguir\u00e1 na quinta (7) e na sexta-feira (8), \u00e0s 9h, quando os participantes receber\u00e3o dicas para a elabora\u00e7\u00e3o de curr\u00edculos. A Casa do Trabalhador est\u00e1 localizada na Rua Coronel Cavalheiros, 353, Centro. Mais informa\u00e7\u00f5es pelo WhatsApp: (15) 99149-2474.<\/p>\n<p>No s\u00e1bado (9), a Sert levar\u00e1 a Van do Emprego e Qualifica\u00e7\u00e3o Profissional \u00e0 Pra\u00e7a Coronel Fernando Prestes, no Centro. A a\u00e7\u00e3o faz parte do encerramento da 5\u00aa edi\u00e7\u00e3o da Expo Mulheres Empreendedoras, iniciativa da Secretaria da Mulher (Semul) e do Fundo Social de Solidariedade (FSS).<\/p>\n<\/p>\n<p>\u00a0<\/p>\n<\/p><\/div>\n","protected":false},"excerpt":{"rendered":"<p>Entre as a\u00e7\u00f5es da programa\u00e7\u00e3o do M\u00eas do Trabalhador da Prefeitura de Sorocaba, a Secretaria&#8230;<\/p>\n","protected":false},"author":2,"featured_media":0,"comment_status":"","ping_status":"","sticky":false,"template":"","format":"standard","meta":{"footnotes":""},"categories":[2],"tags":[],"class_list":["post-42697","post","type-post","status-publish","format-standard","hentry","category-jogos-ao-vivo"],"amp_enabled":true,"_links":{"self":[{"href":"https:\/\/ipatingafc.com.br\/index.php\/wp-json\/wp\/v2\/posts\/42697","targetHints":{"allow":["GET"]}}],"collection":[{"href":"https:\/\/ipatingafc.com.br\/index.php\/wp-json\/wp\/v2\/posts"}],"about":[{"href":"https:\/\/ipatingafc.com.br\/index.php\/wp-json\/wp\/v2\/types\/post"}],"author":[{"embeddable":true,"href":"https:\/\/ipatingafc.com.br\/index.php\/wp-json\/wp\/v2\/users\/2"}],"replies":[{"embeddable":true,"href":"https:\/\/ipatingafc.com.br\/index.php\/wp-json\/wp\/v2\/comments?post=42697"}],"version-history":[{"count":0,"href":"https:\/\/ipatingafc.com.br\/index.php\/wp-json\/wp\/v2\/posts\/42697\/revisions"}],"wp:attachment":[{"href":"https:\/\/ipatingafc.com.br\/index.php\/wp-json\/wp\/v2\/media?parent=42697"}],"wp:term":[{"taxonomy":"category","embeddable":true,"href":"https:\/\/ipatingafc.com.br\/index.php\/wp-json\/wp\/v2\/categories?post=42697"},{"taxonomy":"post_tag","embeddable":true,"href":"https:\/\/ipatingafc.com.br\/index.php\/wp-json\/wp\/v2\/tags?post=42697"}],"curies":[{"name":"wp","href":"https:\/\/api.w.org\/{rel}","templated":true}]}}