{"id":42700,"date":"2026-05-05T09:54:44","date_gmt":"2026-05-05T12:54:44","guid":{"rendered":"https:\/\/ipatingafc.com.br\/index.php\/2026\/05\/05\/justica-muda-regra-sobre-afastamento-de-crianca-da-familia-para-adocao\/"},"modified":"2026-05-05T09:54:44","modified_gmt":"2026-05-05T12:54:44","slug":"justica-muda-regra-sobre-afastamento-de-crianca-da-familia-para-adocao","status":"publish","type":"post","link":"https:\/\/ipatingafc.com.br\/index.php\/2026\/05\/05\/justica-muda-regra-sobre-afastamento-de-crianca-da-familia-para-adocao\/","title":{"rendered":"Justi\u00e7a muda regra sobre afastamento de crian\u00e7a da fam\u00edlia para ado\u00e7\u00e3o"},"content":{"rendered":"<p><\/p>\n<div wp_automatic_readability=\"52.503118503119\">\n<p>A Justi\u00e7a do Rio suspendeu um artigo da lei estadual\u00a0que tratava de regras para o afastamento de crian\u00e7as e adolescentes do conv\u00edvio familiar e para processos de ado\u00e7\u00e3o.<\/p>\n<p>A decis\u00e3o foi tomada pelo \u00d3rg\u00e3o Especial do Tribunal de Justi\u00e7a do Rio de Janeiro (TJRJ), ap\u00f3s a\u00e7\u00e3o apresentada pelo procurador-geral de Justi\u00e7a, Antonio Jos\u00e9 Campos Moreira.<\/p>\n<p><strong>O artigo 2\u00ba da Lei Estadual n\u00ba 10.766\/2025 impunha restri\u00e7\u00f5es ao afastamento de crian\u00e7as e adolescentes das m\u00e3es em situa\u00e7\u00f5es de vulnerabilidade social e econ\u00f4mica, condicionando a medida ao pr\u00e9vio acompanhamento por equipes t\u00e9cnicas.<\/strong> De acordo com o Estatuto da Crian\u00e7a e do Adolescente (ECA), legisla\u00e7\u00e3o federal que regula o acolhimento emergencial em casos de risco, permite a ado\u00e7\u00e3o imediata da medida, conforme a urg\u00eancia e a gravidade da situa\u00e7\u00e3o.<\/p>\n<p><strong>Safra fecha parceria com Visa e Banco do Brasil e mant\u00e9m presen\u00e7a em salas VIP de Guarulhos<\/strong><\/p>\n<p><strong>TRE-RJ amplia hor\u00e1rio de atendimento em postos do estado<\/strong><\/p>\n<p>A representa\u00e7\u00e3o, proposta por sugest\u00e3o do Centro de Apoio Operacional das Promotorias de Justi\u00e7a da Inf\u00e2ncia e Juventude do MPRJ, destacou que o artigo criava uma condicionante indevida \u00e0 aplica\u00e7\u00e3o de medida protetiva emergencial, al\u00e9m de estabelecer regras processuais sobre ado\u00e7\u00e3o em desacordo com a legisla\u00e7\u00e3o nacional, comprometendo a celeridade e a efetividade dos procedimentos.<\/p>\n<p><strong>O MPRJ tamb\u00e9m sustentou que a norma apresentava v\u00edcios de compet\u00eancia e violava princ\u00edpios constitucionais, como a prioridade absoluta dos direitos da crian\u00e7a e do adolescente, da interven\u00e7\u00e3o m\u00ednima, da liberdade, da privacidade, da efici\u00eancia administrativa e da dura\u00e7\u00e3o razo\u00e1vel do processo.<\/strong><\/p>\n<p>O \u00d3rg\u00e3o Especial, formado pelos desembargadores mais antigos, ao conceder a medida liminar, \u2018reconheceu a plausibilidade jur\u00eddica do pedido e o perigo na demora, destacando o risco \u00e0 prote\u00e7\u00e3o integral de crian\u00e7as e adolescentes e a possibilidade de danos continuados e de dif\u00edcil revers\u00e3o ao er\u00e1rio, em raz\u00e3o da aplica\u00e7\u00e3o de norma potencialmente inconstitucional\u201d. A decis\u00e3o, inicialmente proferida de forma monocr\u00e1tica em raz\u00e3o da urg\u00eancia, foi posteriormente referendada por unanimidade pelo colegiado.<\/p>\n<p><strong>Mega-Sena sorteia pr\u00eamio acumulado em R$ 8 milh\u00f5es nesta ter\u00e7a-feira<\/strong><\/p>\n<p><strong>Ilha africana \u201cmem\u00f3ria da escravid\u00e3o\u201d conta com turismo para ter renda<\/strong><\/p>\n<\/div>\n","protected":false},"excerpt":{"rendered":"<p>A Justi\u00e7a do Rio suspendeu um artigo da lei estadual\u00a0que tratava de regras para o&#8230;<\/p>\n","protected":false},"author":2,"featured_media":0,"comment_status":"","ping_status":"","sticky":false,"template":"","format":"standard","meta":{"footnotes":""},"categories":[2],"tags":[],"class_list":["post-42700","post","type-post","status-publish","format-standard","hentry","category-jogos-ao-vivo"],"amp_enabled":true,"_links":{"self":[{"href":"https:\/\/ipatingafc.com.br\/index.php\/wp-json\/wp\/v2\/posts\/42700","targetHints":{"allow":["GET"]}}],"collection":[{"href":"https:\/\/ipatingafc.com.br\/index.php\/wp-json\/wp\/v2\/posts"}],"about":[{"href":"https:\/\/ipatingafc.com.br\/index.php\/wp-json\/wp\/v2\/types\/post"}],"author":[{"embeddable":true,"href":"https:\/\/ipatingafc.com.br\/index.php\/wp-json\/wp\/v2\/users\/2"}],"replies":[{"embeddable":true,"href":"https:\/\/ipatingafc.com.br\/index.php\/wp-json\/wp\/v2\/comments?post=42700"}],"version-history":[{"count":0,"href":"https:\/\/ipatingafc.com.br\/index.php\/wp-json\/wp\/v2\/posts\/42700\/revisions"}],"wp:attachment":[{"href":"https:\/\/ipatingafc.com.br\/index.php\/wp-json\/wp\/v2\/media?parent=42700"}],"wp:term":[{"taxonomy":"category","embeddable":true,"href":"https:\/\/ipatingafc.com.br\/index.php\/wp-json\/wp\/v2\/categories?post=42700"},{"taxonomy":"post_tag","embeddable":true,"href":"https:\/\/ipatingafc.com.br\/index.php\/wp-json\/wp\/v2\/tags?post=42700"}],"curies":[{"name":"wp","href":"https:\/\/api.w.org\/{rel}","templated":true}]}}