{"id":42736,"date":"2026-05-05T22:54:40","date_gmt":"2026-05-06T01:54:40","guid":{"rendered":"https:\/\/ipatingafc.com.br\/index.php\/2026\/05\/05\/quase-mil-medicos-sofreram-agressao-no-trabalho-no-rj-desde-2018\/"},"modified":"2026-05-05T22:54:40","modified_gmt":"2026-05-06T01:54:40","slug":"quase-mil-medicos-sofreram-agressao-no-trabalho-no-rj-desde-2018","status":"publish","type":"post","link":"https:\/\/ipatingafc.com.br\/index.php\/2026\/05\/05\/quase-mil-medicos-sofreram-agressao-no-trabalho-no-rj-desde-2018\/","title":{"rendered":"Quase mil m\u00e9dicos sofreram agress\u00e3o no trabalho no RJ\u00a0desde 2018"},"content":{"rendered":"<p><\/p>\n<div wp_automatic_readability=\"41.188405797101\">\n<p><strong>Entre 2018 e 2025, foram registrados 987 casos de agress\u00e3o contra m\u00e9dicos no exerc\u00edcio profissional no estado Rio de Janeiro. Desse total, 717 casos ocorreram em unidades p\u00fablicas e 270 em unidades privadas.\u00a0<\/strong><\/p>\n<p>As agress\u00f5es verbais lideram as estat\u00edsticas, com 459 registros, seguidas por 89 casos de agress\u00e3o f\u00edsica e 208 de ass\u00e9dio moral. <strong>O levantamento tamb\u00e9m revela que a maioria das v\u00edtimas \u00e9 composta por mulheres m\u00e9dicas.<\/strong>\u00a0<\/p>\n<p>A seguran\u00e7a para os m\u00e9dicos nas unidades de sa\u00fade foi o assunto central do encontro promovido nesta ter\u00e7a-feira (5) pelo Conselho Regional de Medicina do Rio de Janeiro (Cremerj), em conjunto com o Conselho Federal de Medicina (CFM).\u00a0<\/p>\n<p><strong>CMN amplia cr\u00e9dito a estados sem garantia da Uni\u00e3o<\/strong><\/p>\n<p><strong>Juros do programa Reforma Casa Brasil s\u00e3o reduzidos<\/strong><\/p>\n<p>Para o presidente do Cremerj, Ant\u00f4nio Braga Neto, os n\u00fameros s\u00e3o um alerta claro de que \u00e9 preciso agir com urg\u00eancia.\u00a0<\/p>\n<blockquote wp_automatic_readability=\"11\">\n<p>\u201cEsses dados mostram uma realidade grave, que n\u00e3o pode mais ser tolerada. Estamos falando de profissionais que est\u00e3o na linha de frente, cuidando da popula\u00e7\u00e3o, e que precisam ter garantidas condi\u00e7\u00f5es m\u00ednimas de seguran\u00e7a para exercer sua fun\u00e7\u00e3o\u201d, destacou.<\/p>\n<\/blockquote>\n<p>Braga Neto tamb\u00e9m chamou aten\u00e7\u00e3o para a gravidade de casos de agress\u00e3o contra m\u00e9dicas no ambiente de trabalho.\u00a0<\/p>\n<p>\u201c\u00c9 absolutamente inaceit\u00e1vel que m\u00e9dicas sejam v\u00edtimas de viol\u00eancia f\u00edsica dentro de unidades de sa\u00fade. Trata-se de uma situa\u00e7\u00e3o extrema, que evidencia o n\u00edvel de vulnerabilidade a que esses profissionais est\u00e3o expostos e refor\u00e7a a urg\u00eancia de medidas efetivas de prote\u00e7\u00e3o\u201d, afirmou.<\/p>\n<p><strong>Paolla Oliveira e Shakira surpreendem f\u00e3s com encontro nos bastidores no Rio<\/strong><\/p>\n<p><strong>Adolescente invade escola e mata duas funcion\u00e1rias a tiros no Acre<\/strong><\/p>\n<p>\u00a0<\/p>\n<\/div>\n","protected":false},"excerpt":{"rendered":"<p>Entre 2018 e 2025, foram registrados 987 casos de agress\u00e3o contra m\u00e9dicos no exerc\u00edcio profissional&#8230;<\/p>\n","protected":false},"author":2,"featured_media":0,"comment_status":"","ping_status":"","sticky":false,"template":"","format":"standard","meta":{"footnotes":""},"categories":[2],"tags":[],"class_list":["post-42736","post","type-post","status-publish","format-standard","hentry","category-jogos-ao-vivo"],"amp_enabled":true,"_links":{"self":[{"href":"https:\/\/ipatingafc.com.br\/index.php\/wp-json\/wp\/v2\/posts\/42736","targetHints":{"allow":["GET"]}}],"collection":[{"href":"https:\/\/ipatingafc.com.br\/index.php\/wp-json\/wp\/v2\/posts"}],"about":[{"href":"https:\/\/ipatingafc.com.br\/index.php\/wp-json\/wp\/v2\/types\/post"}],"author":[{"embeddable":true,"href":"https:\/\/ipatingafc.com.br\/index.php\/wp-json\/wp\/v2\/users\/2"}],"replies":[{"embeddable":true,"href":"https:\/\/ipatingafc.com.br\/index.php\/wp-json\/wp\/v2\/comments?post=42736"}],"version-history":[{"count":0,"href":"https:\/\/ipatingafc.com.br\/index.php\/wp-json\/wp\/v2\/posts\/42736\/revisions"}],"wp:attachment":[{"href":"https:\/\/ipatingafc.com.br\/index.php\/wp-json\/wp\/v2\/media?parent=42736"}],"wp:term":[{"taxonomy":"category","embeddable":true,"href":"https:\/\/ipatingafc.com.br\/index.php\/wp-json\/wp\/v2\/categories?post=42736"},{"taxonomy":"post_tag","embeddable":true,"href":"https:\/\/ipatingafc.com.br\/index.php\/wp-json\/wp\/v2\/tags?post=42736"}],"curies":[{"name":"wp","href":"https:\/\/api.w.org\/{rel}","templated":true}]}}