{"id":44350,"date":"2026-06-01T21:33:59","date_gmt":"2026-06-02T00:33:59","guid":{"rendered":"https:\/\/ipatingafc.com.br\/index.php\/2026\/06\/01\/alcione-se-pronuncia-apos-repercussao-de-apresentacao-do-hino-nacional\/"},"modified":"2026-06-01T21:33:59","modified_gmt":"2026-06-02T00:33:59","slug":"alcione-se-pronuncia-apos-repercussao-de-apresentacao-do-hino-nacional","status":"publish","type":"post","link":"https:\/\/ipatingafc.com.br\/index.php\/2026\/06\/01\/alcione-se-pronuncia-apos-repercussao-de-apresentacao-do-hino-nacional\/","title":{"rendered":"Alcione se pronuncia ap\u00f3s repercuss\u00e3o de apresenta\u00e7\u00e3o do Hino Nacional"},"content":{"rendered":"<p><\/p>\n<div>\n<p>Alcione se pronuncia ap\u00f3s repercuss\u00e3o de apresenta\u00e7\u00e3o do Hino Nacional com Belo no Maracan\u00e3<\/p>\n<p>A participa\u00e7\u00e3o de Alcione e Belo na cerim\u00f4nia de abertura do amistoso entre Brasil e Panam\u00e1, realizado no \u00faltimo domingo (1\u00ba), no Maracan\u00e3, acabou ganhando repercuss\u00e3o nas redes sociais por um motivo inesperado. Os artistas foram convidados para interpretar o Hino Nacional Brasileiro antes da partida, mas a apresenta\u00e7\u00e3o chamou aten\u00e7\u00e3o por aparentes desencontros durante a execu\u00e7\u00e3o da m\u00fasica.<\/p>\n<p>Pouco depois do evento, v\u00eddeos do momento come\u00e7aram a circular na internet, gerando coment\u00e1rios entre torcedores e internautas. Muitos apontaram dificuldades de sincroniza\u00e7\u00e3o entre os cantores, o que rapidamente transformou o assunto em um dos temas mais comentados nas redes sociais.<\/p>\n<h2>Alcione esclarece o ocorrido<\/h2>\n<p>Diante da repercuss\u00e3o, Alcione decidiu se manifestar por meio de sua assessoria de imprensa. Em declara\u00e7\u00e3o ao jornal O Globo, a cantora explicou que a situa\u00e7\u00e3o foi causada por um problema t\u00e9cnico relacionado ao sistema de retorno de \u00e1udio utilizado no est\u00e1dio.<\/p>\n<p><strong>Lula pede a Durigan que avalie poss\u00edveis preju\u00edzos de medidas dos EUA<\/strong><\/p>\n<p><strong>Bolsa inicia junho com queda de 0,91%, no menor n\u00edvel desde janeiro<\/strong><\/p>\n<p>Segundo a artista, tanto ela quanto Belo receberam o \u00e1udio com atraso durante a apresenta\u00e7\u00e3o, o que comprometeu a execu\u00e7\u00e3o do Hino Nacional. O fen\u00f4meno, conhecido no meio musical como \u201cdelay\u201d, ocorre quando o cantor escuta sua pr\u00f3pria voz ou a trilha sonora alguns instantes depois do momento real da execu\u00e7\u00e3o.<\/p>\n<h2>Falha t\u00e9cnica pode comprometer apresenta\u00e7\u00f5es ao vivo<\/h2>\n<p>Especialistas da \u00e1rea musical explicam que esse tipo de problema pode causar dificuldades significativas para artistas durante apresenta\u00e7\u00f5es ao vivo. Quando h\u00e1 atraso no retorno do \u00e1udio, o int\u00e9rprete perde a refer\u00eancia correta do tempo da m\u00fasica, o que pode resultar em desencontros de ritmo e afina\u00e7\u00e3o.<\/p>\n<p>De acordo com a explica\u00e7\u00e3o apresentada pela equipe de Alcione, foi exatamente essa falha t\u00e9cnica que prejudicou a sintonia da apresenta\u00e7\u00e3o realizada ao lado de Belo no Maracan\u00e3.<\/p>\n<h2>V\u00eddeos viralizaram nas redes sociais<\/h2>\n<p>Ap\u00f3s a transmiss\u00e3o do amistoso, diversos v\u00eddeos do momento foram compartilhados por usu\u00e1rios nas plataformas digitais. Enquanto alguns internautas fizeram cr\u00edticas \u00e0 execu\u00e7\u00e3o do hino, outros defenderam os artistas e apontaram a possibilidade de problemas t\u00e9cnicos durante a cerim\u00f4nia.<\/p>\n<p><strong>Na China, Vieira v\u00ea parceria com pa\u00eds \u201cmais relevante do que nunca\u201d<\/strong><\/p>\n<p><strong>Finep financia estrutura\u00e7\u00e3o da cadeia produtiva da malva na Amaz\u00f4nia<\/strong><\/p>\n<p>Alcione, uma das maiores vozes da m\u00fasica brasileira, e Belo, refer\u00eancia no pagode nacional, possuem carreiras consolidadas e ampla experi\u00eancia em apresenta\u00e7\u00f5es ao vivo, o que refor\u00e7ou a tese de que a situa\u00e7\u00e3o teria sido causada por fatores externos.<\/p>\n<h2>Artistas seguem agenda normalmente<\/h2>\n<p>Apesar da repercuss\u00e3o, nem Alcione nem Belo informaram qualquer altera\u00e7\u00e3o em suas agendas profissionais. A apresenta\u00e7\u00e3o no Maracan\u00e3 foi apenas mais um compromisso entre os diversos shows e eventos que ambos realizam ao longo do ano.<\/p>\n<p>Com a explica\u00e7\u00e3o divulgada pela assessoria da cantora, a expectativa \u00e9 que o epis\u00f3dio seja esclarecido e que a discuss\u00e3o nas redes sociais diminua nos pr\u00f3ximos dias.<\/p>\n<p><strong>Tags:<\/strong> Alcione, Belo, Maracan\u00e3, Hino Nacional, Sele\u00e7\u00e3o Brasileira, Brasil x Panam\u00e1, Famosos, M\u00fasica, Celebridades, Entretenimento.<\/p>\n<\/p><\/div>\n","protected":false},"excerpt":{"rendered":"<p>Alcione se pronuncia ap\u00f3s repercuss\u00e3o de apresenta\u00e7\u00e3o do Hino Nacional com Belo no Maracan\u00e3 A&#8230;<\/p>\n","protected":false},"author":2,"featured_media":0,"comment_status":"","ping_status":"","sticky":false,"template":"","format":"standard","meta":{"footnotes":""},"categories":[2],"tags":[],"class_list":["post-44350","post","type-post","status-publish","format-standard","hentry","category-jogos-ao-vivo"],"amp_enabled":true,"_links":{"self":[{"href":"https:\/\/ipatingafc.com.br\/index.php\/wp-json\/wp\/v2\/posts\/44350","targetHints":{"allow":["GET"]}}],"collection":[{"href":"https:\/\/ipatingafc.com.br\/index.php\/wp-json\/wp\/v2\/posts"}],"about":[{"href":"https:\/\/ipatingafc.com.br\/index.php\/wp-json\/wp\/v2\/types\/post"}],"author":[{"embeddable":true,"href":"https:\/\/ipatingafc.com.br\/index.php\/wp-json\/wp\/v2\/users\/2"}],"replies":[{"embeddable":true,"href":"https:\/\/ipatingafc.com.br\/index.php\/wp-json\/wp\/v2\/comments?post=44350"}],"version-history":[{"count":0,"href":"https:\/\/ipatingafc.com.br\/index.php\/wp-json\/wp\/v2\/posts\/44350\/revisions"}],"wp:attachment":[{"href":"https:\/\/ipatingafc.com.br\/index.php\/wp-json\/wp\/v2\/media?parent=44350"}],"wp:term":[{"taxonomy":"category","embeddable":true,"href":"https:\/\/ipatingafc.com.br\/index.php\/wp-json\/wp\/v2\/categories?post=44350"},{"taxonomy":"post_tag","embeddable":true,"href":"https:\/\/ipatingafc.com.br\/index.php\/wp-json\/wp\/v2\/tags?post=44350"}],"curies":[{"name":"wp","href":"https:\/\/api.w.org\/{rel}","templated":true}]}}