{"id":44618,"date":"2026-06-06T10:14:57","date_gmt":"2026-06-06T13:14:57","guid":{"rendered":"https:\/\/ipatingafc.com.br\/index.php\/2026\/06\/06\/agencia-minas-gerais-minas-gerais-e-destaque-nacional-em-mostra-sobre-recuperacao-das-coberturas-vacinais\/"},"modified":"2026-06-06T10:14:57","modified_gmt":"2026-06-06T13:14:57","slug":"agencia-minas-gerais-minas-gerais-e-destaque-nacional-em-mostra-sobre-recuperacao-das-coberturas-vacinais","status":"publish","type":"post","link":"https:\/\/ipatingafc.com.br\/index.php\/2026\/06\/06\/agencia-minas-gerais-minas-gerais-e-destaque-nacional-em-mostra-sobre-recuperacao-das-coberturas-vacinais\/","title":{"rendered":"Ag\u00eancia Minas Gerais | Minas Gerais \u00e9 destaque nacional em mostra sobre recupera\u00e7\u00e3o das coberturas vacinais"},"content":{"rendered":"<p><\/p>\n<div>\n<p>A Secretaria de Estado de Sa\u00fade de Minas Gerais (SES-MG) teve 15 experi\u00eancias selecionadas para a 2\u00aa Mostra de Experi\u00eancias Exitosas da Gest\u00e3o Estadual do SUS para Recupera\u00e7\u00e3o das Coberturas Vacinais. Com o resultado, Minas Gerais \u00e9 o segundo estado com mais trabalhos aprovados, atr\u00e1s apenas do Paran\u00e1.<\/p>\n<p>As iniciativas ser\u00e3o apresentadas nos dias 16 e 17\/6, em Bras\u00edlia, durante a Reuni\u00e3o Conjunta das C\u00e2maras T\u00e9cnicas de Epidemiologia, Aten\u00e7\u00e3o Prim\u00e1ria e Comunica\u00e7\u00e3o em Sa\u00fade, promovida pelo Conselho Nacional de Secret\u00e1rios de Sa\u00fade (Conass).<\/p>\n<p>Ao todo, a mostra re\u00fane 109 experi\u00eancias de todo o pa\u00eds. Os trabalhos abordam estrat\u00e9gias para fortalecer a imuniza\u00e7\u00e3o, ampliar o acesso \u00e0s vacinas, qualificar a comunica\u00e7\u00e3o p\u00fablica, enfrentar a desinforma\u00e7\u00e3o e aprimorar o uso de dados e sistemas de informa\u00e7\u00e3o em sa\u00fade.<\/p>\n<p>Para o subsecret\u00e1rio de Vigil\u00e2ncia em Sa\u00fade da SES-MG, Eduardo\u00a0Prosdocimi, o resultado refor\u00e7a o protagonismo de Minas na recupera\u00e7\u00e3o das coberturas vacinais.<\/p>\n<p>\u201cTodas as propostas submetidas pela Secretaria foram aprovadas. Entre elas est\u00e3o experi\u00eancias como os\u00a0vacim\u00f3veis, o Programa Mineiro de Imuniza\u00e7\u00f5es, as campanhas de mobiliza\u00e7\u00e3o, o recorde de investimentos nos munic\u00edpios e as a\u00e7\u00f5es de digitaliza\u00e7\u00e3o e simplifica\u00e7\u00e3o do acesso a imunobiol\u00f3gicos especiais por meio do Centro de Refer\u00eancia para Imunobiol\u00f3gicos Especiais\u201d, destaca.<\/p>\n<p>Minas ter\u00e1 experi\u00eancias apresentadas nos quatro eixos tem\u00e1ticos da mostra: apoio t\u00e9cnico aos munic\u00edpios e educa\u00e7\u00e3o permanente; a\u00e7\u00f5es para facilitar o acesso \u00e0s vacinas; campanhas de comunica\u00e7\u00e3o e enfrentamento da desinforma\u00e7\u00e3o; e sistemas de informa\u00e7\u00e3o e integra\u00e7\u00e3o de dados.<\/p>\n<p>Entre os trabalhos selecionados para apresenta\u00e7\u00e3o oral est\u00e3o os projetos de imuniza\u00e7\u00e3o desenvolvidos no \u00e2mbito da coopera\u00e7\u00e3o t\u00e9cnica entre a Opas e a SES-MG, al\u00e9m do Selo Bora Vacinar, iniciativa realizada em parceria com o Minist\u00e9rio P\u00fablico de Minas Gerais para incentivar o alcance das metas de cobertura vacinal.\u00a0Todos os trabalhos selecionados podem ser acessados\u00a0neste link.<\/p>\n<p><strong>Experi\u00eancias selecionadas<\/strong><\/p>\n<p>As 15 experi\u00eancias de Minas Gerais contemplam diferentes frentes da pol\u00edtica estadual de vacina\u00e7\u00e3o, como planejamento, rede de frio, vacina\u00e7\u00e3o extramuros, preven\u00e7\u00e3o do sarampo, comunica\u00e7\u00e3o p\u00fablica, vacina\u00e7\u00e3o nas escolas, enfrentamento da hesita\u00e7\u00e3o vacinal, pain\u00e9is estrat\u00e9gicos e transforma\u00e7\u00e3o digital dos Centros de Refer\u00eancia para Imunobiol\u00f3gicos Especiais.<\/p>\n<p>Tamb\u00e9m foram selecionados trabalhos sobre o Vacina Mais Minas, o Onde Tem Vacina, os Dias D de vacina\u00e7\u00e3o, a descentraliza\u00e7\u00e3o dos Crie, a vigil\u00e2ncia de Esavi\u00a0e a comunica\u00e7\u00e3o para fortalecer a vacina\u00e7\u00e3o infantil no estado.<\/p>\n<p><strong>Recorde de vacina\u00e7\u00e3o<\/strong><\/p>\n<p>As a\u00e7\u00f5es de fortalecimento da imuniza\u00e7\u00e3o j\u00e1 apresentam resultados positivos. Em 2025, Minas Gerais alcan\u00e7ou recorde hist\u00f3rico, com 16,4 milh\u00f5es de doses aplicadas. Segundo\u00a0Prosdocimi, o desempenho mostra que os investimentos realizados t\u00eam gerado resultados concretos para a popula\u00e7\u00e3o.<\/p>\n<p>\u201cEstamos chegando ao p\u00f3dio da cobertura vacinal no pa\u00eds. Isso demonstra que Minas \u00e9 refer\u00eancia em experi\u00eancias de vacina\u00e7\u00e3o e est\u00e1 cada vez mais perto das metas. Vamos a Bras\u00edlia apresentar essas a\u00e7\u00f5es exitosas e mostrar que o Vacina Mais Minas \u00e9 um grande sucesso\u201d, afirma.<\/p>\n<p>Desde 2023, o Governo de Minas destinou mais de R$ 530 milh\u00f5es para fortalecer a vacina\u00e7\u00e3o no estado, com aquisi\u00e7\u00e3o de insumos, campanhas, capacita\u00e7\u00e3o de equipes e apoio \u00e0 estrutura dos munic\u00edpios. Desse total, R$ 210,7 milh\u00f5es foram direcionados ao Programa Mineiro de Imuniza\u00e7\u00f5es em 2025 e 2026, e mais de R$ 100 milh\u00f5es repassados para a compra de 253\u00a0vacim\u00f3veis, que levam as vacinas diretamente \u00e0s comunidades, especialmente em \u00e1reas de maior dificuldade de acesso.<\/p>\n<p>\u00a0<\/p>\n<p>\u00a0<\/p>\n<p>\u00a0<\/p>\n<\/p><\/div>\n","protected":false},"excerpt":{"rendered":"<p>A Secretaria de Estado de Sa\u00fade de Minas Gerais (SES-MG) teve 15 experi\u00eancias selecionadas para&#8230;<\/p>\n","protected":false},"author":2,"featured_media":0,"comment_status":"","ping_status":"","sticky":false,"template":"","format":"standard","meta":{"footnotes":""},"categories":[2],"tags":[],"class_list":["post-44618","post","type-post","status-publish","format-standard","hentry","category-jogos-ao-vivo"],"amp_enabled":true,"_links":{"self":[{"href":"https:\/\/ipatingafc.com.br\/index.php\/wp-json\/wp\/v2\/posts\/44618","targetHints":{"allow":["GET"]}}],"collection":[{"href":"https:\/\/ipatingafc.com.br\/index.php\/wp-json\/wp\/v2\/posts"}],"about":[{"href":"https:\/\/ipatingafc.com.br\/index.php\/wp-json\/wp\/v2\/types\/post"}],"author":[{"embeddable":true,"href":"https:\/\/ipatingafc.com.br\/index.php\/wp-json\/wp\/v2\/users\/2"}],"replies":[{"embeddable":true,"href":"https:\/\/ipatingafc.com.br\/index.php\/wp-json\/wp\/v2\/comments?post=44618"}],"version-history":[{"count":0,"href":"https:\/\/ipatingafc.com.br\/index.php\/wp-json\/wp\/v2\/posts\/44618\/revisions"}],"wp:attachment":[{"href":"https:\/\/ipatingafc.com.br\/index.php\/wp-json\/wp\/v2\/media?parent=44618"}],"wp:term":[{"taxonomy":"category","embeddable":true,"href":"https:\/\/ipatingafc.com.br\/index.php\/wp-json\/wp\/v2\/categories?post=44618"},{"taxonomy":"post_tag","embeddable":true,"href":"https:\/\/ipatingafc.com.br\/index.php\/wp-json\/wp\/v2\/tags?post=44618"}],"curies":[{"name":"wp","href":"https:\/\/api.w.org\/{rel}","templated":true}]}}