{"id":44662,"date":"2026-06-07T05:04:02","date_gmt":"2026-06-07T08:04:02","guid":{"rendered":"https:\/\/ipatingafc.com.br\/index.php\/2026\/06\/07\/congresso-nacional-de-psicodrama-leva-reflexao-a-mulheres-em-situacao-de-prisao-agencia-de-noticias-do-governo-de-mato-grosso-do-sul\/"},"modified":"2026-06-07T05:04:02","modified_gmt":"2026-06-07T08:04:02","slug":"congresso-nacional-de-psicodrama-leva-reflexao-a-mulheres-em-situacao-de-prisao-agencia-de-noticias-do-governo-de-mato-grosso-do-sul","status":"publish","type":"post","link":"https:\/\/ipatingafc.com.br\/index.php\/2026\/06\/07\/congresso-nacional-de-psicodrama-leva-reflexao-a-mulheres-em-situacao-de-prisao-agencia-de-noticias-do-governo-de-mato-grosso-do-sul\/","title":{"rendered":"Congresso Nacional de Psicodrama leva reflex\u00e3o a mulheres em situa\u00e7\u00e3o de pris\u00e3o \u2013 Ag\u00eancia de Noticias do Governo de Mato Grosso do Sul"},"content":{"rendered":"<p><\/p>\n<div>\n<p>O EPFIIZ (Estabelecimento Penal Feminino \u201cIrm\u00e3 Irma Zorzi\u201d) recebeu, nesta semana, uma atividade especial integrada \u00e0 programa\u00e7\u00e3o do 25\u00ba CBP (Congresso Brasileiro de Psicodrama), que neste ano acontece em Campo Grande com o tema \u201cTerrit\u00f3rios, Mem\u00f3rias e Transforma\u00e7\u00f5es\u201d. A a\u00e7\u00e3o reuniu cerca de 40 mulheres privadas de liberdade, divididas em dois grupos, em uma experi\u00eancia coletiva de reflex\u00e3o, escuta e fortalecimento de trajet\u00f3rias de vida.<\/p>\n<p>Denominada \u201cPsicodrama In C\u00e1rcere\u201d, a iniciativa faz parte das A\u00e7\u00f5es Sociodram\u00e1ticas da etapa \u201cMem\u00f3rias em Ato\u201d, proposta pela Febrap (Federa\u00e7\u00e3o Brasileira de Psicodrama), que celebra seus 50 anos de atua\u00e7\u00e3o no pa\u00eds levando o conhecimento para al\u00e9m dos espa\u00e7os acad\u00eamicos e aproximando-o de contextos sociais diversos.<\/p>\n<p>A atividade utilizou a metodologia psicodram\u00e1tica, reconhecida por promover a express\u00e3o de sentimentos, a constru\u00e7\u00e3o de v\u00ednculos e a reflex\u00e3o sobre experi\u00eancias individuais e coletivas. Por meio de din\u00e2micas conduzidas por profissionais especializados, as participantes foram convidadas a revisitar mem\u00f3rias, refletir sobre suas hist\u00f3rias e projetar novas perspectivas para o futuro.<\/p>\n<p><strong>SAS promove inclus\u00e3o digital para fortalecer autonomia da popula\u00e7\u00e3o idosa \u2013 CGNot\u00edcias<\/strong><\/p>\n<p><strong>Investimentos do Detran-MS em engenharia de tr\u00e2nsito buscam salvar vidas em cidades da regi\u00e3o central de MS<\/strong><\/p>\n<p>A condu\u00e7\u00e3o dos trabalhos ficou a cargo dos psic\u00f3logos Carolina Arguelles Poletto, Laura Sperafico e Vinnicius Stangler Schneider, integrantes do coletivo Ato Vivo de Psicodrama, do Rio Grande do Sul, com experi\u00eancia em grupos reflexivos e interven\u00e7\u00f5es voltadas a popula\u00e7\u00f5es em situa\u00e7\u00e3o de vulnerabilidade social. Os trabalhos foram acompanhados pelo representante do 25\u00ba CBP, R\u00f4mulo Said Monteiro, que articulou a realiza\u00e7\u00e3o junto \u00e0 Agepen (Ag\u00eancia Estadual de Administra\u00e7\u00e3o do Sistema Penitenci\u00e1rio).<\/p>\n<p>Segundo a organiza\u00e7\u00e3o do congresso, a proposta dialoga diretamente com os tr\u00eas eixos centrais do evento: territ\u00f3rio, entendido como o espa\u00e7o f\u00edsico, social e simb\u00f3lico ocupado por cada indiv\u00edduo; mem\u00f3ria, como elemento fundamental na constru\u00e7\u00e3o da identidade e da hist\u00f3ria coletiva; e transforma\u00e7\u00e3o, ess\u00eancia do psicodrama e das pr\u00e1ticas voltadas ao desenvolvimento humano.<\/p>\n<p>A realiza\u00e7\u00e3o da atividade dentro da unidade prisional, segundo os organizadores, busca de desenvolver a\u00e7\u00f5es que promovam a assist\u00eancia integral \u00e0s pessoas privadas de liberdade, contribuindo para o fortalecimento da autoestima, da consci\u00eancia coletiva e da constru\u00e7\u00e3o de novos projetos de vida.<\/p>\n<p>A iniciativa foi acompanhada por servidores da unidade penal e representantes da \u00e1rea de assist\u00eancia.<\/p>\n<p><strong>Missa marca chegada do \u00cdcone restaurado da Padroeira de MS \u2013 CGNot\u00edcias<\/strong><\/p>\n<p><strong>Novo sistema de portarias do Detran-MS amplia transpar\u00eancia e facilita acesso \u00e0 legisla\u00e7\u00e3o<\/strong><\/p>\n<p>Realizado pela FEBRAP, o 25\u00ba Congresso Brasileiro de Psicodrama re\u00fane profissionais, pesquisadores e estudantes de diversas regi\u00f5es do pa\u00eds para discutir pr\u00e1ticas, experi\u00eancias e desafios relacionados \u00e0 ci\u00eancia dos grupos, \u00e0 sa\u00fade mental e \u00e0s transforma\u00e7\u00f5es sociais contempor\u00e2neas.<\/p>\n<p><em>Texto: Keila Oliveira, Agepen\/MS.<\/em><\/p>\n<\/div>\n","protected":false},"excerpt":{"rendered":"<p>O EPFIIZ (Estabelecimento Penal Feminino \u201cIrm\u00e3 Irma Zorzi\u201d) recebeu, nesta semana, uma atividade especial integrada&#8230;<\/p>\n","protected":false},"author":2,"featured_media":0,"comment_status":"","ping_status":"","sticky":false,"template":"","format":"standard","meta":{"footnotes":""},"categories":[2],"tags":[],"class_list":["post-44662","post","type-post","status-publish","format-standard","hentry","category-jogos-ao-vivo"],"amp_enabled":true,"_links":{"self":[{"href":"https:\/\/ipatingafc.com.br\/index.php\/wp-json\/wp\/v2\/posts\/44662","targetHints":{"allow":["GET"]}}],"collection":[{"href":"https:\/\/ipatingafc.com.br\/index.php\/wp-json\/wp\/v2\/posts"}],"about":[{"href":"https:\/\/ipatingafc.com.br\/index.php\/wp-json\/wp\/v2\/types\/post"}],"author":[{"embeddable":true,"href":"https:\/\/ipatingafc.com.br\/index.php\/wp-json\/wp\/v2\/users\/2"}],"replies":[{"embeddable":true,"href":"https:\/\/ipatingafc.com.br\/index.php\/wp-json\/wp\/v2\/comments?post=44662"}],"version-history":[{"count":0,"href":"https:\/\/ipatingafc.com.br\/index.php\/wp-json\/wp\/v2\/posts\/44662\/revisions"}],"wp:attachment":[{"href":"https:\/\/ipatingafc.com.br\/index.php\/wp-json\/wp\/v2\/media?parent=44662"}],"wp:term":[{"taxonomy":"category","embeddable":true,"href":"https:\/\/ipatingafc.com.br\/index.php\/wp-json\/wp\/v2\/categories?post=44662"},{"taxonomy":"post_tag","embeddable":true,"href":"https:\/\/ipatingafc.com.br\/index.php\/wp-json\/wp\/v2\/tags?post=44662"}],"curies":[{"name":"wp","href":"https:\/\/api.w.org\/{rel}","templated":true}]}}