{"id":46069,"date":"2026-07-01T09:17:03","date_gmt":"2026-07-01T12:17:03","guid":{"rendered":"https:\/\/ipatingafc.com.br\/index.php\/2026\/07\/01\/saldo-positivo-de-empregos-em-sorocaba-cresce-26-em-maio-agencia-de-noticias\/"},"modified":"2026-07-01T09:17:03","modified_gmt":"2026-07-01T12:17:03","slug":"saldo-positivo-de-empregos-em-sorocaba-cresce-26-em-maio-agencia-de-noticias","status":"publish","type":"post","link":"https:\/\/ipatingafc.com.br\/index.php\/2026\/07\/01\/saldo-positivo-de-empregos-em-sorocaba-cresce-26-em-maio-agencia-de-noticias\/","title":{"rendered":"Saldo positivo de empregos em Sorocaba cresce 26% em maio \u2013 Ag\u00eancia de Not\u00edcias"},"content":{"rendered":"<p><\/p>\n<div>\n<div class=\"col\">\n<p class=\"mt-0\">\n                        <strong><br \/>\n                            <span class=\"far fa-calendar mr-1 mt-2\"\/><br \/>\n                            30 de junho de 2026<br \/>\n                            <span class=\"far fa-clock ml-3 mt-2\"\/><br \/>\n                            17:39<br \/>\n                        <\/strong>\n                    <\/p>\n<p class=\"mb-0\">Por: <strong>Lu\u00eds Gustavo Adabro<\/strong><\/p>\n<\/p><\/div>\n<\/p><\/div>\n<div>\n<p align=\"center\">\n<p align=\"justify\"><span style=\"color: #171717;\"><span style=\"font-family: Arial, sans-serif;\"><span style=\"font-size: medium;\">Os dados do Cadastro Geral de Empregados e Desempregados (Caged), divulgados nesta ter\u00e7a-feira (30), mostram um cen\u00e1rio de crescimento na empregabilidade sorocabana. Com saldo positivo de 1.176 vagas de emprego no m\u00eas de maio, o n\u00famero representa um aumento de 25,98%, comparado ao mesmo per\u00edodo de 2025, quando o saldo era de 934 vagas.<\/span><\/span><\/span><\/p>\n<p align=\"justify\"><span style=\"color: #171717;\"><span style=\"font-family: Arial, sans-serif;\"><span style=\"font-size: medium;\">Foram realizadas 12.876 admiss\u00f5es, em maio de 2025, ante 11.942 desligamentos. Em maio deste ano, foram gerados 12.957 empregos e 11.781 desligamentos.<\/span><\/span><\/span><\/p>\n<p align=\"justify\"><span style=\"color: #171717;\">\u201d<span style=\"font-family: Arial, sans-serif;\"><span style=\"font-size: medium;\">Esses dados mostram o resultado dos programas de pol\u00edticas p\u00fablicas da cidade. A economia se mant\u00e9m aquecida a cada dia, auxiliando os mun\u00edcipes na procura por trabalho, renda e independ\u00eancia financeira\u201d, disse o prefeito Rodrigo Manga.<\/span><\/span><\/span><\/p>\n<p align=\"justify\"><span style=\"color: #171717;\"><span style=\"font-family: Arial, sans-serif;\"><span style=\"font-size: medium;\">O resultado de Sorocaba em saldo de empregos, no m\u00eas de maio, ficou tamb\u00e9m \u00e0 frente de v\u00e1rias cidades de porte semelhante ou maior e que s\u00e3o tradicionalmente grandes geradoras de oportunidades de trabalho, tais como: Guarulhos (767), Santo Andr\u00e9 (102), Piracicaba (93), Diadema (66), entre outras.<\/span><\/span><\/span><\/p>\n<p align=\"justify\"><span style=\"color: #171717;\">\u201c<span style=\"font-family: Arial, sans-serif;\"><span style=\"font-size: medium;\">Trabalhamos diariamente no fomento \u00e0 gera\u00e7\u00e3o de empregos, renda e qualifica\u00e7\u00e3o profissional, em parceria com o setor privado. Essas tantas a\u00e7\u00f5es despertam o interesse do empres\u00e1rio, bem como a sua confian\u00e7a no potencial do munic\u00edpio, optando por investir em nossa cidade e aquecendo, cada vez mais, a economia local\u201d, destaca o secret\u00e1rio de Rela\u00e7\u00f5es do Trabalho e Qualifica\u00e7\u00e3o profissional (Sert), P\u00e9ricles R\u00e9gis.<\/span><\/span><\/span><\/p>\n<p align=\"justify\"><span style=\"color: #171717;\"><span style=\"font-family: Arial, sans-serif;\"><span style=\"font-size: medium;\">O setor que mais empregou, na cidade de Sorocaba, em maio, foi o de Servi\u00e7os, com 816 postos; seguido da Ind\u00fastria, com 309; e da Constru\u00e7\u00e3o Civil, com 54 vagas de trabalho.<\/span><\/span><\/span><\/p>\n<p align=\"justify\"><span style=\"font-family: Arial, sans-serif;\"><span style=\"font-size: medium;\"><strong><span style=\"color: #171717;\">Mais vagas de emprego<\/span><\/strong><\/span><\/span><\/p>\n<p align=\"justify\"><span style=\"color: #171717;\"><span style=\"font-family: Arial, sans-serif;\"><span style=\"font-size: medium;\">Para fomentar o preenchimento de vagas de emprego, a Prefeitura de Sorocaba disponibiliza os servi\u00e7os do Sistema Nacional de Emprego (Sine) na Casa do Trabalhador para todo cidad\u00e3o que deseja realizar a consulta sobre vagas dispon\u00edveis. Al\u00e9m disso, \u00e9 disponibilizado o passe de \u00f4nibus gratuitamente para quem precisa realizar uma entrevista de emprego.<\/span><\/span><\/span><\/p>\n<p align=\"justify\"><span style=\"color: #171717;\"><span style=\"font-family: Arial, sans-serif;\"><span style=\"font-size: medium;\">A Casa do Trabalhador tamb\u00e9m recebe os interessados, sem necessidade de agendamento pr\u00e9vio, em sua unidade fixa, na Rua Coronel Cavalheiros, 353, no Centro, de segunda a sexta-feira, das 8h \u00e0s 16h, assim como nas Casas do Cidad\u00e3o. O mun\u00edcipe deve apresentar carteira de trabalho, CPF e RG. Al\u00e9m disso, os interessados podem enviar curr\u00edculos pelos computadores dispon\u00edveis para uso da popula\u00e7\u00e3o, na Casa do Trabalhador, no Centro. \u00c9 poss\u00edvel tamb\u00e9m contatar a Casa do Trabalhador pelo WhatsApp: (15) 99149-2474.<\/span><\/span><\/span><\/p>\n<p align=\"justify\"><span style=\"color: #171717;\"><span style=\"font-family: Arial, sans-serif;\"><span style=\"font-size: medium;\">Outra vantagem \u00e9 que a Van do Emprego e Qualifica\u00e7\u00e3o Profissional e as Casas do Cidad\u00e3o ampliam as oportunidades de acesso do trabalhador sorocabano \u00e0s oportunidades de emprego, fornecendo informa\u00e7\u00f5es sobre todas as vagas dispon\u00edveis e possibilidades de realizar o encaminhamento \u00e0s vagas de interesse.<\/span><\/span><\/span><\/p>\n<\/p><\/div>\n","protected":false},"excerpt":{"rendered":"<p>30 de junho de 2026 17:39 Por: Lu\u00eds Gustavo Adabro Os dados do Cadastro Geral&#8230;<\/p>\n","protected":false},"author":2,"featured_media":0,"comment_status":"","ping_status":"","sticky":false,"template":"","format":"standard","meta":{"footnotes":""},"categories":[2],"tags":[],"class_list":["post-46069","post","type-post","status-publish","format-standard","hentry","category-jogos-ao-vivo"],"amp_enabled":true,"_links":{"self":[{"href":"https:\/\/ipatingafc.com.br\/index.php\/wp-json\/wp\/v2\/posts\/46069","targetHints":{"allow":["GET"]}}],"collection":[{"href":"https:\/\/ipatingafc.com.br\/index.php\/wp-json\/wp\/v2\/posts"}],"about":[{"href":"https:\/\/ipatingafc.com.br\/index.php\/wp-json\/wp\/v2\/types\/post"}],"author":[{"embeddable":true,"href":"https:\/\/ipatingafc.com.br\/index.php\/wp-json\/wp\/v2\/users\/2"}],"replies":[{"embeddable":true,"href":"https:\/\/ipatingafc.com.br\/index.php\/wp-json\/wp\/v2\/comments?post=46069"}],"version-history":[{"count":0,"href":"https:\/\/ipatingafc.com.br\/index.php\/wp-json\/wp\/v2\/posts\/46069\/revisions"}],"wp:attachment":[{"href":"https:\/\/ipatingafc.com.br\/index.php\/wp-json\/wp\/v2\/media?parent=46069"}],"wp:term":[{"taxonomy":"category","embeddable":true,"href":"https:\/\/ipatingafc.com.br\/index.php\/wp-json\/wp\/v2\/categories?post=46069"},{"taxonomy":"post_tag","embeddable":true,"href":"https:\/\/ipatingafc.com.br\/index.php\/wp-json\/wp\/v2\/tags?post=46069"}],"curies":[{"name":"wp","href":"https:\/\/api.w.org\/{rel}","templated":true}]}}