{"id":46096,"date":"2026-07-01T21:03:22","date_gmt":"2026-07-02T00:03:22","guid":{"rendered":"https:\/\/ipatingafc.com.br\/index.php\/2026\/07\/01\/pgr-defende-que-bolsonaro-seja-mantido-em-prisao-domiciliar\/"},"modified":"2026-07-01T21:03:22","modified_gmt":"2026-07-02T00:03:22","slug":"pgr-defende-que-bolsonaro-seja-mantido-em-prisao-domiciliar","status":"publish","type":"post","link":"https:\/\/ipatingafc.com.br\/index.php\/2026\/07\/01\/pgr-defende-que-bolsonaro-seja-mantido-em-prisao-domiciliar\/","title":{"rendered":"PGR defende que Bolsonaro seja mantido em pris\u00e3o domiciliar"},"content":{"rendered":"<p><\/p>\n<div>\n<p><strong>O procurador-geral da Rep\u00fablica, Paulo Gonet, enviou nesta quarta-feira (1\u00b0) ao Supremo Tribunal Federal (STF) parecer favor\u00e1vel \u00e0 continuidade da pris\u00e3o domiciliar concedida ao ex-presidente Jair Bolsonaro.<\/strong><\/p>\n<p>A manifesta\u00e7\u00e3o foi solicitada pelo ministro Alexandre de Moraes, do Supremo Tribunal Federal (STF), relator do caso, ap\u00f3s o caso da apreens\u00e3o da arma atribu\u00edda ao ex-presidente.<\/p>\n<p>No ano passado, Bolsonaro foi condenado a 27 anos e tr\u00eas meses de pris\u00e3o no processo de trama golpista. Ele\u00a0cumpre pris\u00e3o domiciliar tempor\u00e1ria desde o dia 27 de mar\u00e7o deste ano.<\/p>\n<p><strong>Policial cient\u00edfico Diocezar Monteiro Maidana morre aos 48 anos<\/strong><\/p>\n<p><strong>Cacique Raoni volta para unidade de terapia intensiva<\/strong><\/p>\n<p><strong>Gonet citou a decis\u00e3o da Pol\u00edcia Civil do Distrito Federal, que n\u00e3o indiciou Bolsonaro, e disse que o ex-presidente deve continuar na pris\u00e3o domiciliar.<\/strong><\/p>\n<p>\u201cA conclus\u00e3o da autoridade policial, no que se refere a Jair Bolsonaro, tem, efetivamente, bom suporte nas circunst\u00e2ncias apuradas do epis\u00f3dio. N\u00e3o h\u00e1 imputar ao sentenciado falta disciplinar que\u00a0impacte negativamente sobre o atual regime em que cumpre pena\u201d, afirmou.<\/p>\n<h2>Arma<\/h2>\n<p>Sobre a arma atribu\u00edda ao ex-presidente, <strong>o procurador disse que o armamento deve continuar apreendido<\/strong>. \u201c\u00c9 certo que a condi\u00e7\u00e3o atual do custodiado \u00e9 incompat\u00edvel com a posse de arma de fogo\u201d, avaliou.<\/p>\n<p>Mais cedo, o delegado Thiago Boeing, da Pol\u00edcia Civil do Distrito Federal, decidiu n\u00e3o indiciar Bolsonaro.<strong> No entendimento do delegado, a arma pertence ao ex-presidente e est\u00e1 legalizada.<\/strong><\/p>\n<p><strong>Em 2025, 16 mulheres foram v\u00edtimas de crimes virtuais por dia no RJ<\/strong><\/p>\n<p><strong>Estudo do BNDES mapeia 187 projetos para melhorar o transporte p\u00fablico<\/strong><\/p>\n<p>Boeing tamb\u00e9m ressaltou que o ex-presidente n\u00e3o estava proibido de ter o armamento em sua resid\u00eancia, onde cumpre pris\u00e3o domiciliar pela condena\u00e7\u00e3o no processo da trama golpista.<\/p>\n<p>Contudo, Boeing entendeu que Est\u00e1cio Leite, seguran\u00e7a do ex-presidente, deve responder pelo crime de porte ilegal de arma de fogo de uso restrito.<\/p>\n<p>No m\u00eas passado, o militar do Ex\u00e9rcito foi parado em uma <em>blitz<\/em>, em Bras\u00edlia, com uma arma do ex-presidente. Segundo o militar, o armamento seria levado para conserto. Posteriormente, a vers\u00e3o foi confirmada pela defesa de Bolsonaro.<\/p>\n<\/div>\n","protected":false},"excerpt":{"rendered":"<p>O procurador-geral da Rep\u00fablica, Paulo Gonet, enviou nesta quarta-feira (1\u00b0) ao Supremo Tribunal Federal (STF)&#8230;<\/p>\n","protected":false},"author":2,"featured_media":0,"comment_status":"","ping_status":"","sticky":false,"template":"","format":"standard","meta":{"footnotes":""},"categories":[2],"tags":[],"class_list":["post-46096","post","type-post","status-publish","format-standard","hentry","category-jogos-ao-vivo"],"amp_enabled":true,"_links":{"self":[{"href":"https:\/\/ipatingafc.com.br\/index.php\/wp-json\/wp\/v2\/posts\/46096","targetHints":{"allow":["GET"]}}],"collection":[{"href":"https:\/\/ipatingafc.com.br\/index.php\/wp-json\/wp\/v2\/posts"}],"about":[{"href":"https:\/\/ipatingafc.com.br\/index.php\/wp-json\/wp\/v2\/types\/post"}],"author":[{"embeddable":true,"href":"https:\/\/ipatingafc.com.br\/index.php\/wp-json\/wp\/v2\/users\/2"}],"replies":[{"embeddable":true,"href":"https:\/\/ipatingafc.com.br\/index.php\/wp-json\/wp\/v2\/comments?post=46096"}],"version-history":[{"count":0,"href":"https:\/\/ipatingafc.com.br\/index.php\/wp-json\/wp\/v2\/posts\/46096\/revisions"}],"wp:attachment":[{"href":"https:\/\/ipatingafc.com.br\/index.php\/wp-json\/wp\/v2\/media?parent=46096"}],"wp:term":[{"taxonomy":"category","embeddable":true,"href":"https:\/\/ipatingafc.com.br\/index.php\/wp-json\/wp\/v2\/categories?post=46096"},{"taxonomy":"post_tag","embeddable":true,"href":"https:\/\/ipatingafc.com.br\/index.php\/wp-json\/wp\/v2\/tags?post=46096"}],"curies":[{"name":"wp","href":"https:\/\/api.w.org\/{rel}","templated":true}]}}