{"id":46115,"date":"2026-07-02T05:15:14","date_gmt":"2026-07-02T08:15:14","guid":{"rendered":"https:\/\/ipatingafc.com.br\/index.php\/2026\/07\/02\/cacique-raoni-volta-para-unidade-de-terapia-intensiva\/"},"modified":"2026-07-02T05:15:14","modified_gmt":"2026-07-02T08:15:14","slug":"cacique-raoni-volta-para-unidade-de-terapia-intensiva","status":"publish","type":"post","link":"https:\/\/ipatingafc.com.br\/index.php\/2026\/07\/02\/cacique-raoni-volta-para-unidade-de-terapia-intensiva\/","title":{"rendered":"Cacique Raoni volta para unidade de terapia intensiva"},"content":{"rendered":"<p><\/p>\n<div>\n<p>O cacique\u00a0Raoni Metuktire, de 93 anos,\u00a0retornou nesta quarta-feira (1\u00ba) para a Unidade de Terapia Intensiva (UTI) no Hospital S\u00e3o Paulo, da Universidade Federal de S\u00e3o Paulo (Unifesp).\u00a0<strong>Segundo a equipe m\u00e9dica, ele\u00a0permanece sem febre e respirando sem aparelhos, al\u00e9m de estar consciente.<\/strong><\/p>\n<p>O l\u00edder ind\u00edgena teve uma hemorragia digestiva na \u00faltima ter\u00e7a-feira (30), e passou por\u00a0uma endoscopia e procedimentos para controle do sangramento.<\/p>\n<p>A equipe m\u00e9dica identificou\u00a0ainda o ac\u00famulo de l\u00edquidos na regi\u00e3o do pulm\u00e3o direito (pneumot\u00f3rax), drenado sem intercorr\u00eancias.<\/p>\n<p><strong>BC endurece regras para empresas de ativos virtuais no Brasil<\/strong><\/p>\n<p><strong>Sesi completa 80 anos com rede de 468 escolas em todo Brasil<\/strong><\/p>\n<p>O cacique\u00a0Raoni foi internado em estado grave\u00a0no dia 15 de junho, no Hospital e Maternidade Dois Pinheiros, em Sinop (MT). Ap\u00f3s ser estabilizado e passar por quatro dias de tratamento, ele foi transferido para\u00a0S\u00e3o Paulo, onde segue em tratamento dedicado \u00e0 sa\u00fade ind\u00edgena no Hospital S\u00e3o Paulo, da Unifesp.<\/p>\n<p>O l\u00edder ind\u00edgena est\u00e1 na capital paulista desde o \u00faltimo dia 19, quando chegou com quadro de obstru\u00e7\u00e3o intestinal alta e pneumonia aspirativa.\u00a0Realizou cirurgia intestinal\u00a0no dia 20 deste m\u00eas e segue em recupera\u00e7\u00e3o.<\/p>\n<\/div>\n","protected":false},"excerpt":{"rendered":"<p>O cacique\u00a0Raoni Metuktire, de 93 anos,\u00a0retornou nesta quarta-feira (1\u00ba) para a Unidade de Terapia Intensiva&#8230;<\/p>\n","protected":false},"author":2,"featured_media":0,"comment_status":"","ping_status":"","sticky":false,"template":"","format":"standard","meta":{"footnotes":""},"categories":[2],"tags":[],"class_list":["post-46115","post","type-post","status-publish","format-standard","hentry","category-jogos-ao-vivo"],"amp_enabled":true,"_links":{"self":[{"href":"https:\/\/ipatingafc.com.br\/index.php\/wp-json\/wp\/v2\/posts\/46115","targetHints":{"allow":["GET"]}}],"collection":[{"href":"https:\/\/ipatingafc.com.br\/index.php\/wp-json\/wp\/v2\/posts"}],"about":[{"href":"https:\/\/ipatingafc.com.br\/index.php\/wp-json\/wp\/v2\/types\/post"}],"author":[{"embeddable":true,"href":"https:\/\/ipatingafc.com.br\/index.php\/wp-json\/wp\/v2\/users\/2"}],"replies":[{"embeddable":true,"href":"https:\/\/ipatingafc.com.br\/index.php\/wp-json\/wp\/v2\/comments?post=46115"}],"version-history":[{"count":0,"href":"https:\/\/ipatingafc.com.br\/index.php\/wp-json\/wp\/v2\/posts\/46115\/revisions"}],"wp:attachment":[{"href":"https:\/\/ipatingafc.com.br\/index.php\/wp-json\/wp\/v2\/media?parent=46115"}],"wp:term":[{"taxonomy":"category","embeddable":true,"href":"https:\/\/ipatingafc.com.br\/index.php\/wp-json\/wp\/v2\/categories?post=46115"},{"taxonomy":"post_tag","embeddable":true,"href":"https:\/\/ipatingafc.com.br\/index.php\/wp-json\/wp\/v2\/tags?post=46115"}],"curies":[{"name":"wp","href":"https:\/\/api.w.org\/{rel}","templated":true}]}}