{"id":46427,"date":"2026-07-11T09:26:18","date_gmt":"2026-07-11T12:26:18","guid":{"rendered":"https:\/\/ipatingafc.com.br\/index.php\/2026\/07\/11\/esses-foram-os-motivos-e-sintomas-que-levaram-leticia-colin-a-ser-internada\/"},"modified":"2026-07-11T09:26:18","modified_gmt":"2026-07-11T12:26:18","slug":"esses-foram-os-motivos-e-sintomas-que-levaram-leticia-colin-a-ser-internada","status":"publish","type":"post","link":"https:\/\/ipatingafc.com.br\/index.php\/2026\/07\/11\/esses-foram-os-motivos-e-sintomas-que-levaram-leticia-colin-a-ser-internada\/","title":{"rendered":"Esses foram os motivos e sintomas que levaram Let\u00edcia Colin a ser internada"},"content":{"rendered":"<p><\/p>\n<div>\n<h3>Let\u00edcia Colin \u00e9 internada para exames ap\u00f3s sintomas gripais e tranquiliza f\u00e3s sobre estado de sa\u00fade<\/h3>\n<p>A atriz <strong>Let\u00edcia Colin<\/strong> preocupou os f\u00e3s ao revelar que precisou ser internada para realizar uma s\u00e9rie de exames m\u00e9dicos ap\u00f3s apresentar sintomas gripais. A artista compartilhou registros diretamente do hospital e explicou que a avalia\u00e7\u00e3o foi feita por precau\u00e7\u00e3o, principalmente por conta de seu hist\u00f3rico de problemas respirat\u00f3rios.<\/p>\n<p>Apesar da preocupa\u00e7\u00e3o inicial, a atriz tranquilizou os seguidores ao afirmar que os exames tiveram car\u00e1ter preventivo e que segue recebendo acompanhamento especializado.<\/p>\n<h2>Sintomas levaram atriz ao hospital<\/h2>\n<p>Segundo Let\u00edcia Colin, ela come\u00e7ou a apresentar sintomas gripais e, devido ao seu hist\u00f3rico de <strong>asma e bronquite<\/strong>, decidiu procurar atendimento m\u00e9dico.<\/p>\n<p>A equipe m\u00e9dica optou pela realiza\u00e7\u00e3o de exames para investigar o quadro cl\u00ednico e descartar poss\u00edveis complica\u00e7\u00f5es respirat\u00f3rias, j\u00e1 que pessoas com doen\u00e7as pulmonares cr\u00f4nicas costumam exigir um acompanhamento mais cuidadoso durante infec\u00e7\u00f5es virais.<\/p>\n<p><strong>Tuf\u00e3o Bavi amea\u00e7a pa\u00edses e pode ser uma das maiores tempestades da regi\u00e3o nas \u00faltimas d\u00e9cadas<\/strong><\/p>\n<p><strong>Ita\u00fa confirma fim de benef\u00edcio do The One e mudan\u00e7a divide opini\u00f5es entre clientes de alta renda<\/strong><\/p>\n<p>Em suas redes sociais, a atriz apareceu ao lado do pneumologista respons\u00e1vel pelo atendimento, demonstrando bom humor durante a interna\u00e7\u00e3o.<\/p>\n<h2>Hist\u00f3rico respirat\u00f3rio exige aten\u00e7\u00e3o<\/h2>\n<p>Let\u00edcia explicou que convive h\u00e1 anos com problemas respirat\u00f3rios, o que aumenta a necessidade de monitoramento quando surgem sintomas como tosse, falta de ar ou gripe.<\/p>\n<p>Especialistas costumam recomendar que pacientes com asma e bronquite procurem orienta\u00e7\u00e3o m\u00e9dica sempre que perceberem piora dos sintomas, principalmente durante per\u00edodos de maior circula\u00e7\u00e3o de v\u00edrus respirat\u00f3rios.<\/p>\n<h2>Rotina intensa tamb\u00e9m exige cuidados<\/h2>\n<p>Al\u00e9m do hist\u00f3rico de sa\u00fade, a atriz enfrenta uma rotina intensa de grava\u00e7\u00f5es e compromissos profissionais.<\/p>\n<p><strong>Os melhores cart\u00f5es com cashback em 2026: quando vale mais a pena receber dinheiro de volta em vez de acumular milhas?<\/strong><\/p>\n<p><strong>CAIXA \u00cdcone Visa pode perder os 5 pontos por d\u00f3lar. E se cair para 4 pontos, ainda ser\u00e1 um dos melhores cart\u00f5es do Brasil?<\/strong><\/p>\n<p>O ritmo acelerado de trabalho pode contribuir para desgaste f\u00edsico e redu\u00e7\u00e3o da imunidade, fatores que levam muitos artistas a refor\u00e7arem o acompanhamento m\u00e9dico preventivo.<\/p>\n<p>Mesmo internada para exames, n\u00e3o houve qualquer informa\u00e7\u00e3o indicando um quadro grave de sa\u00fade.<\/p>\n<h2>F\u00e3s enviam mensagens de apoio<\/h2>\n<p>Ap\u00f3s compartilhar a situa\u00e7\u00e3o, Let\u00edcia Colin recebeu milhares de mensagens desejando uma r\u00e1pida recupera\u00e7\u00e3o.<\/p>\n<p>Nas redes sociais, admiradores elogiaram a transpar\u00eancia da atriz ao falar sobre a import\u00e2ncia de cuidar da sa\u00fade e realizar exames preventivos sempre que necess\u00e1rio.<\/p>\n<p>At\u00e9 o momento, n\u00e3o foi divulgada nenhuma informa\u00e7\u00e3o indicando necessidade de afastamento prolongado de seus compromissos profissionais.<\/p>\n<h2>Exames foram realizados por precau\u00e7\u00e3o<\/h2>\n<p>De acordo com as informa\u00e7\u00f5es compartilhadas pela atriz, a interna\u00e7\u00e3o ocorreu para investiga\u00e7\u00e3o dos sintomas e acompanhamento m\u00e9dico, sem confirma\u00e7\u00e3o de qualquer doen\u00e7a mais grave.<\/p>\n<p>O caso refor\u00e7a a import\u00e2ncia da avalia\u00e7\u00e3o precoce, especialmente para pessoas que convivem com doen\u00e7as respirat\u00f3rias cr\u00f4nicas, reduzindo riscos e permitindo um tratamento adequado caso seja necess\u00e1rio.<\/p>\n<p><strong>Tags:<\/strong> Let\u00edcia Colin, atriz, interna\u00e7\u00e3o, exames m\u00e9dicos, sintomas gripais, asma, bronquite, sa\u00fade, novela, famosos, MRNews<\/p>\n<\/p><\/div>\n","protected":false},"excerpt":{"rendered":"<p>Let\u00edcia Colin \u00e9 internada para exames ap\u00f3s sintomas gripais e tranquiliza f\u00e3s sobre estado de&#8230;<\/p>\n","protected":false},"author":2,"featured_media":0,"comment_status":"","ping_status":"","sticky":false,"template":"","format":"standard","meta":{"footnotes":""},"categories":[2],"tags":[],"class_list":["post-46427","post","type-post","status-publish","format-standard","hentry","category-jogos-ao-vivo"],"amp_enabled":true,"_links":{"self":[{"href":"https:\/\/ipatingafc.com.br\/index.php\/wp-json\/wp\/v2\/posts\/46427","targetHints":{"allow":["GET"]}}],"collection":[{"href":"https:\/\/ipatingafc.com.br\/index.php\/wp-json\/wp\/v2\/posts"}],"about":[{"href":"https:\/\/ipatingafc.com.br\/index.php\/wp-json\/wp\/v2\/types\/post"}],"author":[{"embeddable":true,"href":"https:\/\/ipatingafc.com.br\/index.php\/wp-json\/wp\/v2\/users\/2"}],"replies":[{"embeddable":true,"href":"https:\/\/ipatingafc.com.br\/index.php\/wp-json\/wp\/v2\/comments?post=46427"}],"version-history":[{"count":0,"href":"https:\/\/ipatingafc.com.br\/index.php\/wp-json\/wp\/v2\/posts\/46427\/revisions"}],"wp:attachment":[{"href":"https:\/\/ipatingafc.com.br\/index.php\/wp-json\/wp\/v2\/media?parent=46427"}],"wp:term":[{"taxonomy":"category","embeddable":true,"href":"https:\/\/ipatingafc.com.br\/index.php\/wp-json\/wp\/v2\/categories?post=46427"},{"taxonomy":"post_tag","embeddable":true,"href":"https:\/\/ipatingafc.com.br\/index.php\/wp-json\/wp\/v2\/tags?post=46427"}],"curies":[{"name":"wp","href":"https:\/\/api.w.org\/{rel}","templated":true}]}}