{"id":48174,"date":"2026-08-30T08:31:14","date_gmt":"2026-08-30T11:31:14","guid":{"rendered":"https:\/\/ipatingafc.com.br\/index.php\/2026\/08\/30\/aviso-de-licitacao-pregao-eletronico-no-39-2026-contratacao-de-empresa-de-tecnologia-da-informacao-para-fornecimento-de-licenca-de-direito-de-uso-de-software-e-licenca-de-uso-de-plataforma-integrad\/"},"modified":"2026-08-30T08:31:14","modified_gmt":"2026-08-30T11:31:14","slug":"aviso-de-licitacao-pregao-eletronico-no-39-2026-contratacao-de-empresa-de-tecnologia-da-informacao-para-fornecimento-de-licenca-de-direito-de-uso-de-software-e-licenca-de-uso-de-plataforma-integrad","status":"publish","type":"post","link":"https:\/\/ipatingafc.com.br\/index.php\/2026\/08\/30\/aviso-de-licitacao-pregao-eletronico-no-39-2026-contratacao-de-empresa-de-tecnologia-da-informacao-para-fornecimento-de-licenca-de-direito-de-uso-de-software-e-licenca-de-uso-de-plataforma-integrad\/","title":{"rendered":"AVISO DE LICITA\u00c7\u00c3O PREG\u00c3O ELETR\u00d4NICO N\u00ba. 39\/2026 &#8211; CONTRATA\u00c7\u00c3O DE EMPRESA DE TECNOLOGIA DA INFORMA\u00c7\u00c3O PARA FORNECIMENTO DE LICEN\u00c7A DE DIREITO DE USO DE SOFTWARE E LICEN\u00c7A DE USO DE PLATAFORMA INTEGRADA DE \u201cVOUCHER DIGITAL\u201d EM AMBIENTE WEB E MOBILE, INCLUINDO IMPLANTA\u00c7\u00c3O, PARAMETRIZA\u00c7\u00c3O, MIGRA\u00c7\u00c3O DE DADOS, INTEGRA\u00c7\u00c3O SIST\u00caMICA, TREINAMENTO, SUPORTE T\u00c9CNICO, MANUTEN\u00c7\u00c3O EVOLUTIVA, CORRETIVA, ADAPTATIVA E LEGAL, VISANDO ATENDER \u00c0S NECESSIDADES OPERACIONAIS, ESTRAT\u00c9GICAS, ESTAT\u00cdSTICAS, AMBIENTAIS E DE GOVERNAN\u00c7A TUR\u00cdSTICA DA SECRETARIA DE TURISMO E DESENVOLVIMENTO ECON\u00d4MICO DE BONITO\/MS."},"content":{"rendered":"<p><\/p>\n<div>\n<h5 class=\"wp-block-heading\">O MUNIC\u00cdPIO DE BONITO\/MS, atrav\u00e9s da Secretaria Municipal de Administra\u00e7\u00e3o e Finan\u00e7as, torna p\u00fablico a abertura da Licita\u00e7\u00e3o, na Modalidade Preg\u00e3o Eletr\u00f4nico, que ser\u00e1 regida pela Lei Federal n\u00ba. 14.133, de 01 de abril de 2021, pelo Decreto Municipal n\u00ba. 77\/2025 e pela Lei Complementar n\u00ba. 123\/2006 e suas altera\u00e7\u00f5es, conforme adiante especificada:<\/h5>\n<p class=\"wp-block-paragraph\"><strong>OBJETO:<\/strong> Contrata\u00e7\u00e3o de empresa de tecnologia da informa\u00e7\u00e3o para fornecimento de licen\u00e7a de direito de uso de software e licen\u00e7a de uso de plataforma integrada de \u201cVoucher Digital\u201d em ambiente web e mobile, incluindo implanta\u00e7\u00e3o, parametriza\u00e7\u00e3o, migra\u00e7\u00e3o de dados, integra\u00e7\u00e3o sist\u00eamica, treinamento, suporte t\u00e9cnico, manuten\u00e7\u00e3o evolutiva, corretiva, adaptativa e legal, visando atender \u00e0s necessidades operacionais, estrat\u00e9gicas, estat\u00edsticas, ambientais e de governan\u00e7a tur\u00edstica da Secretaria de Turismo e Desenvolvimento Econ\u00f4mico de Bonito\/MS.<\/p>\n<p class=\"wp-block-paragraph\"><strong>DATA DE ABERTURA DO RECEBIMENTO DAS PROPOSTAS<\/strong><strong><\/strong><\/p>\n<p class=\"wp-block-paragraph\"><a>Dia <strong>31\/08\/2026<\/strong> \u00e0s <strong>08h (hor\u00e1rio de Bras\u00edlia)<\/strong><\/p>\n<p><strong>A\u00e7\u00e3o Agro Social leva servi\u00e7os e apoio ao campo \u2013 CGNot\u00edcias<\/strong><\/p>\n<p><strong>UEMS realiza feira cultural \u2018Sabores do Cerrado\u2019 em Campo Grande \u2013 Ag\u00eancia de Noticias do Governo de Mato Grosso do Sul<\/strong><\/p>\n<p class=\"wp-block-paragraph\"><a><strong>RECEBIMENTO DAS PROPOSTAS:<\/strong><strong><\/strong><\/p>\n<p class=\"wp-block-paragraph\">At\u00e9 dia <strong>15\/09\/2026<\/strong> \u00e0s <strong>08h (hor\u00e1rio de Bras\u00edlia)<\/strong><\/p>\n<p class=\"wp-block-paragraph\"><strong>ABERTURA DAS PROPOSTAS:<\/strong><strong><\/strong><\/p>\n<p class=\"wp-block-paragraph\">Dia <strong>15\/09\/2026<\/strong> \u00e0s <strong>08:30h (hor\u00e1rio de Bras\u00edlia)<\/strong><\/p>\n<p><strong>Acad\u00eamicos de Direito da UCDB conhecem pol\u00edticas ambientais e gest\u00e3o de res\u00edduos de Bonito \u2013 Prefeitura Municipal de Bonito<\/strong><\/p>\n<p><strong>Regi\u00e3o da Vila Popular recebe vacina\u00e7\u00e3o antirr\u00e1bica no fim de semana \u2013 CGNot\u00edcias<\/strong><\/p>\n<p class=\"wp-block-paragraph\"><strong>DATA DA SESS\u00c3O P\u00daBLICA<\/strong><\/p>\n<p class=\"wp-block-paragraph\"><a>Dia <strong>15\/09\/2026<\/strong> \u00e0s <strong>09h (hor\u00e1rio de Bras\u00edlia)<\/strong><\/p>\n<p class=\"wp-block-paragraph\"><a><strong>Local:<\/strong> Plataforma BLL Compras \u2013 https:\/\/bll.org.br\/<\/p>\n<h5 class=\"wp-block-heading\">C\u00f3digo Registro Informa\u00e7\u00e3o: 682453AEA0307AA327E4A2372986ABFAE97D80F1.<\/h5>\n<h5 class=\"wp-block-heading\">RETIRADA DO EDITAL: O edital com os dados completos encontra-se dispon\u00edvel aos interessados no endere\u00e7o acima especificado e no site da Prefeitura Municipal www.bonito.ms.gov.br, gratuitamente.<\/h5>\n<h3 class=\"wp-block-heading\">\u00a0<\/h3>\n<p class=\"wp-block-paragraph\">Bonito\/MS, 27 de agosto de 2026.<\/p>\n<p class=\"wp-block-paragraph\">Assinado na Autoriza\u00e7\u00e3o<\/p>\n<p class=\"wp-block-paragraph\">Elcio da Silva Casanova<\/p>\n<p class=\"wp-block-paragraph\">Secret\u00e1rio Municipal de Administra\u00e7\u00e3o e Finan\u00e7as.<\/p>\n<\/div>\n","protected":false},"excerpt":{"rendered":"<p>O MUNIC\u00cdPIO DE BONITO\/MS, atrav\u00e9s da Secretaria Municipal de Administra\u00e7\u00e3o e Finan\u00e7as, torna p\u00fablico a&#8230;<\/p>\n","protected":false},"author":2,"featured_media":0,"comment_status":"","ping_status":"","sticky":false,"template":"","format":"standard","meta":{"footnotes":""},"categories":[2],"tags":[],"class_list":["post-48174","post","type-post","status-publish","format-standard","hentry","category-jogos-ao-vivo"],"amp_enabled":true,"_links":{"self":[{"href":"https:\/\/ipatingafc.com.br\/index.php\/wp-json\/wp\/v2\/posts\/48174","targetHints":{"allow":["GET"]}}],"collection":[{"href":"https:\/\/ipatingafc.com.br\/index.php\/wp-json\/wp\/v2\/posts"}],"about":[{"href":"https:\/\/ipatingafc.com.br\/index.php\/wp-json\/wp\/v2\/types\/post"}],"author":[{"embeddable":true,"href":"https:\/\/ipatingafc.com.br\/index.php\/wp-json\/wp\/v2\/users\/2"}],"replies":[{"embeddable":true,"href":"https:\/\/ipatingafc.com.br\/index.php\/wp-json\/wp\/v2\/comments?post=48174"}],"version-history":[{"count":0,"href":"https:\/\/ipatingafc.com.br\/index.php\/wp-json\/wp\/v2\/posts\/48174\/revisions"}],"wp:attachment":[{"href":"https:\/\/ipatingafc.com.br\/index.php\/wp-json\/wp\/v2\/media?parent=48174"}],"wp:term":[{"taxonomy":"category","embeddable":true,"href":"https:\/\/ipatingafc.com.br\/index.php\/wp-json\/wp\/v2\/categories?post=48174"},{"taxonomy":"post_tag","embeddable":true,"href":"https:\/\/ipatingafc.com.br\/index.php\/wp-json\/wp\/v2\/tags?post=48174"}],"curies":[{"name":"wp","href":"https:\/\/api.w.org\/{rel}","templated":true}]}}