{"id":48181,"date":"2026-08-30T19:27:12","date_gmt":"2026-08-30T22:27:12","guid":{"rendered":"https:\/\/ipatingafc.com.br\/index.php\/2026\/08\/30\/abalado-caua-reymond-vai-as-lagrimas-ao-lamentar-triste-perda-descanse-em-paz\/"},"modified":"2026-08-30T19:27:12","modified_gmt":"2026-08-30T22:27:12","slug":"abalado-caua-reymond-vai-as-lagrimas-ao-lamentar-triste-perda-descanse-em-paz","status":"publish","type":"post","link":"https:\/\/ipatingafc.com.br\/index.php\/2026\/08\/30\/abalado-caua-reymond-vai-as-lagrimas-ao-lamentar-triste-perda-descanse-em-paz\/","title":{"rendered":"Abalado, Cau\u00e3 Reymond vai \u00e0s l\u00e1grimas ao lamentar triste perda, &#8216;Descanse em paz&#8217;"},"content":{"rendered":"<p><\/p>\n<div>\n<h2>Ator foi surpreendido durante participa\u00e7\u00e3o no Caldeir\u00e3o com Mion e reviveu lembran\u00e7as marcantes da inf\u00e2ncia<\/h2>\n<p>Cau\u00e3 Reymond protagonizou um dos momentos mais emocionantes do Caldeir\u00e3o com Mion exibido neste s\u00e1bado (29). Durante sua participa\u00e7\u00e3o no programa, o ator da Globo foi surpreendido por uma homenagem relacionada a uma pessoa que teve grande import\u00e2ncia em sua inf\u00e2ncia: seu av\u00f4, Carlos Marques de Souza.<\/p>\n<p>A lembran\u00e7a mexeu profundamente com o artista, que n\u00e3o conseguiu esconder a emo\u00e7\u00e3o diante da homenagem. O momento aconteceu durante o quadro <strong>Question\u00e1rio Mionzera<\/strong>, no qual Cau\u00e3 participou de uma din\u00e2mica que acabou trazendo \u00e0 tona mem\u00f3rias familiares e afetivas.<\/p>\n<h3>Cau\u00e3 Reymond se emociona ao falar do av\u00f4<\/h3>\n<p>A homenagem fez o ator recordar o per\u00edodo de sua inf\u00e2ncia ao lado do av\u00f4. Carlos Marques de Souza morreu aos 89 anos, em 2012, mas sua mem\u00f3ria continua presente na vida de Cau\u00e3.<\/p>\n<p>Ao ser colocado diante da lembran\u00e7a familiar, o artista acabou se emocionando e foi \u00e0s l\u00e1grimas. A rea\u00e7\u00e3o chamou aten\u00e7\u00e3o justamente por mostrar um lado mais \u00edntimo de uma personalidade acostumada aos holofotes e \u00e0 exposi\u00e7\u00e3o p\u00fablica.<\/p>\n<p><strong>F\u00e1tima Bernardes surpreende ao aparecer ao lado de Bonner e da filha; coment\u00e1rio de T\u00falio chama aten\u00e7\u00e3o<\/strong><\/p>\n<p><strong>Padre de 59 anos morre durante missa de domingo e deixa fi\u00e9is em choque<\/strong><\/p>\n<p>O momento tamb\u00e9m evidenciou como determinadas lembran\u00e7as permanecem importantes mesmo muitos anos depois de uma perda. A homenagem exibida no programa fez com que Cau\u00e3 revisitasse uma parte significativa de sua hist\u00f3ria pessoal.<\/p>\n<h3>Homenagem aconteceu durante o Question\u00e1rio Mionzera<\/h3>\n<p>A participa\u00e7\u00e3o de Cau\u00e3 aconteceu no <strong>Question\u00e1rio Mionzera<\/strong>, quadro apresentado por Marcos Mion no programa. A din\u00e2mica acabou tomando um rumo bastante emocional quando o ator foi surpreendido com a refer\u00eancia ao av\u00f4.<\/p>\n<p>A situa\u00e7\u00e3o inesperada fez com que o clima descontra\u00eddo da atra\u00e7\u00e3o desse espa\u00e7o para uma lembran\u00e7a mais delicada. Cau\u00e3 n\u00e3o conseguiu conter as l\u00e1grimas ao se deparar com a homenagem.<\/p>\n<p>O epis\u00f3dio foi exibido no s\u00e1bado, 29 de agosto de 2026, e rapidamente ganhou destaque justamente pela rea\u00e7\u00e3o espont\u00e2nea do ator.<\/p>\n<p><strong>A hist\u00f3ria por tr\u00e1s de Agostinho Paulo Moura ganha novos cap\u00edtulos ap\u00f3s an\u00fancio de Maju Coutinho<\/strong><\/p>\n<p><strong>Quem Ama Cuida e a amiga mais falsa do mundo? Nancy muda e ganha poder de reviravolta<\/strong><\/p>\n<h3>Uma lembran\u00e7a que permanece viva<\/h3>\n<p>Carlos Marques de Souza faleceu em 2012, aos 89 anos. Embora j\u00e1 tenham se passado anos desde a morte do av\u00f4, a rea\u00e7\u00e3o de Cau\u00e3 mostrou que a import\u00e2ncia de uma pessoa na forma\u00e7\u00e3o de algu\u00e9m n\u00e3o desaparece com o tempo.<\/p>\n<p>As lembran\u00e7as da inf\u00e2ncia costumam carregar um significado especial, principalmente quando est\u00e3o associadas a familiares que exerceram papel importante durante essa fase da vida. No caso de Cau\u00e3, a homenagem foi suficiente para despertar uma forte emo\u00e7\u00e3o.<\/p>\n<p>O ator, conhecido por diversos trabalhos na televis\u00e3o brasileira, acabou deixando de lado por alguns instantes a imagem p\u00fablica para demonstrar seus sentimentos diante da recorda\u00e7\u00e3o familiar.<\/p>\n<h3>Momento emocionou quem acompanhava o programa<\/h3>\n<p>A cena tamb\u00e9m chamou aten\u00e7\u00e3o por sua naturalidade. Em vez de uma rea\u00e7\u00e3o planejada, Cau\u00e3 demonstrou espontaneamente o impacto que a homenagem provocou.<\/p>\n<p>Momentos como esse costumam aproximar o p\u00fablico dos artistas justamente porque revelam experi\u00eancias pessoais que v\u00e3o al\u00e9m da carreira e dos personagens interpretados na televis\u00e3o.<\/p>\n<p>A participa\u00e7\u00e3o no Caldeir\u00e3o com Mion acabou, portanto, marcada n\u00e3o apenas pela presen\u00e7a de Cau\u00e3 no programa, mas principalmente pela lembran\u00e7a de seu av\u00f4 e pela emo\u00e7\u00e3o demonstrada diante da homenagem.<\/p>\n<p>A hist\u00f3ria mostra que, mesmo depois de muitos anos, determinadas pessoas continuam ocupando um espa\u00e7o especial na mem\u00f3ria e na trajet\u00f3ria de quem ficou.<\/p>\n<p><strong>Fonte: informa\u00e7\u00f5es reproduzidas e reescritas a partir do material enviado.<\/strong><\/p>\n<h3>Tags SEO<\/h3>\n<p>Cau\u00e3 Reymond, Cau\u00e3 Reymond emocionado, av\u00f4 de Cau\u00e3 Reymond, Carlos Marques de Souza, Caldeir\u00e3o com Mion, Question\u00e1rio Mionzera, Cau\u00e3 Reymond l\u00e1grimas, famosos, celebridades, Globo, televis\u00e3o, not\u00edcias dos famosos<\/p>\n<\/div>\n","protected":false},"excerpt":{"rendered":"<p>Ator foi surpreendido durante participa\u00e7\u00e3o no Caldeir\u00e3o com Mion e reviveu lembran\u00e7as marcantes da inf\u00e2ncia&#8230;<\/p>\n","protected":false},"author":2,"featured_media":0,"comment_status":"","ping_status":"","sticky":false,"template":"","format":"standard","meta":{"footnotes":""},"categories":[2],"tags":[],"class_list":["post-48181","post","type-post","status-publish","format-standard","hentry","category-jogos-ao-vivo"],"amp_enabled":true,"_links":{"self":[{"href":"https:\/\/ipatingafc.com.br\/index.php\/wp-json\/wp\/v2\/posts\/48181","targetHints":{"allow":["GET"]}}],"collection":[{"href":"https:\/\/ipatingafc.com.br\/index.php\/wp-json\/wp\/v2\/posts"}],"about":[{"href":"https:\/\/ipatingafc.com.br\/index.php\/wp-json\/wp\/v2\/types\/post"}],"author":[{"embeddable":true,"href":"https:\/\/ipatingafc.com.br\/index.php\/wp-json\/wp\/v2\/users\/2"}],"replies":[{"embeddable":true,"href":"https:\/\/ipatingafc.com.br\/index.php\/wp-json\/wp\/v2\/comments?post=48181"}],"version-history":[{"count":0,"href":"https:\/\/ipatingafc.com.br\/index.php\/wp-json\/wp\/v2\/posts\/48181\/revisions"}],"wp:attachment":[{"href":"https:\/\/ipatingafc.com.br\/index.php\/wp-json\/wp\/v2\/media?parent=48181"}],"wp:term":[{"taxonomy":"category","embeddable":true,"href":"https:\/\/ipatingafc.com.br\/index.php\/wp-json\/wp\/v2\/categories?post=48181"},{"taxonomy":"post_tag","embeddable":true,"href":"https:\/\/ipatingafc.com.br\/index.php\/wp-json\/wp\/v2\/tags?post=48181"}],"curies":[{"name":"wp","href":"https:\/\/api.w.org\/{rel}","templated":true}]}}