{"id":48182,"date":"2026-08-30T20:49:13","date_gmt":"2026-08-30T23:49:13","guid":{"rendered":"https:\/\/ipatingafc.com.br\/index.php\/2026\/08\/30\/fiscalizacao-paralisa-evento-sem-licenca-ambiental-cgnoticias\/"},"modified":"2026-08-30T20:49:13","modified_gmt":"2026-08-30T23:49:13","slug":"fiscalizacao-paralisa-evento-sem-licenca-ambiental-cgnoticias","status":"publish","type":"post","link":"https:\/\/ipatingafc.com.br\/index.php\/2026\/08\/30\/fiscalizacao-paralisa-evento-sem-licenca-ambiental-cgnoticias\/","title":{"rendered":"Fiscaliza\u00e7\u00e3o paralisa evento sem licen\u00e7a ambiental \u2013 CGNot\u00edcias"},"content":{"rendered":"<p><\/p>\n<div>\n<p>Uma a\u00e7\u00e3o integrada de fiscaliza\u00e7\u00e3o foi realizada neste s\u00e1bado (29), na regi\u00e3o central de Campo Grande, para verificar a regularidade de um evento programado para a Rua Dr. Tem\u00edstocles, entre a Rua 14 de Julho e a Avenida Cal\u00f3geras. A atua\u00e7\u00e3o foi motivada por den\u00fancias registradas pelo canal 156 e contou com equipes da Prefeitura, por meio da Planurb, Semades e Guarda Civil Metropolitana (GCM), al\u00e9m do apoio da Pol\u00edcia Militar e da concession\u00e1ria Energisa.<\/p>\n<p>Antes do hor\u00e1rio previsto para o in\u00edcio da programa\u00e7\u00e3o, os fiscais constataram que a estrutura estava sendo instalada sem a devida autoriza\u00e7\u00e3o ambiental, exigida pela legisla\u00e7\u00e3o municipal. Diante da irregularidade, a Semades notificou os respons\u00e1veis e determinou a paralisa\u00e7\u00e3o da atividade. Conforme a Planurb, a notifica\u00e7\u00e3o ocorreu exclusivamente pela aus\u00eancia da autoriza\u00e7\u00e3o ambiental e n\u00e3o corresponde \u00e0 aplica\u00e7\u00e3o de multa.<\/p>\n<p>A organiza\u00e7\u00e3o informou que possu\u00eda autoriza\u00e7\u00e3o da Agetran para a interdi\u00e7\u00e3o da via no per\u00edodo previsto. Durante a fiscaliza\u00e7\u00e3o, tamb\u00e9m foi identificada uma liga\u00e7\u00e3o provis\u00f3ria de energia conectada diretamente \u00e0 rede p\u00fablica. Acionada, a Energisa constatou que n\u00e3o havia solicita\u00e7\u00e3o ou autoriza\u00e7\u00e3o para a liga\u00e7\u00e3o e interrompeu o fornecimento irregular.<\/p>\n<p><strong>Lan\u00e7ado edital para produ\u00e7\u00e3o de document\u00e1rio sobre os 40 anos do Procon\/MS \u2013 Ag\u00eancia de Noticias do Governo de Mato Grosso do Sul<\/strong><\/p>\n<p><strong>AVISO DE LICITA\u00c7\u00c3O PREG\u00c3O ELETR\u00d4NICO N\u00ba. 39\/2026 \u2013 CONTRATA\u00c7\u00c3O DE EMPRESA DE TECNOLOGIA DA INFORMA\u00c7\u00c3O PARA FORNECIMENTO DE LICEN\u00c7A DE DIREITO DE USO DE SOFTWARE E LICEN\u00c7A DE USO DE PLATAFORMA INTEGRADA DE \u201cVOUCHER DIGITAL\u201d EM AMBIENTE WEB E MOBILE, INCLUINDO IMPLANTA\u00c7\u00c3O, PARAMETRIZA\u00c7\u00c3O, MIGRA\u00c7\u00c3O DE DADOS, INTEGRA\u00c7\u00c3O SIST\u00caMICA, TREINAMENTO, SUPORTE T\u00c9CNICO, MANUTEN\u00c7\u00c3O EVOLUTIVA, CORRETIVA, ADAPTATIVA E LEGAL, VISANDO ATENDER \u00c0S NECESSIDADES OPERACIONAIS, ESTRAT\u00c9GICAS, ESTAT\u00cdSTICAS, AMBIENTAIS E DE GOVERNAN\u00c7A TUR\u00cdSTICA DA SECRETARIA DE TURISMO E DESENVOLVIMENTO ECON\u00d4MICO DE BONITO\/MS. \u2013 Prefeitura Municipal de Bonito<\/strong><\/p>\n<p>A fiscaliza\u00e7\u00e3o acompanhou o desmonte do palco, equipamentos de som, painel de LED e demais estruturas utilizadas na programa\u00e7\u00e3o. A a\u00e7\u00e3o foi encerrada sem registro de incidentes, ap\u00f3s a paralisa\u00e7\u00e3o da atividade e a retirada dos equipamentos.<\/p>\n<p>A programa\u00e7\u00e3o correspondia ao 4\u00ba Sarau Delas \u2013 Pr\u00eamio M\u00e1rcia Zen 2026, realizado em alus\u00e3o ao Dia Nacional da Visibilidade L\u00e9sbica. A Prefeitura n\u00e3o era respons\u00e1vel pela organiza\u00e7\u00e3o do evento.<\/p>\n<\/div>\n<p><script async defer src=\"https:\/\/connect.facebook.net\/en_US\/sdk.js?ver=1#xfbml=1&amp;version=v3.2\" id=\"prefeitura-campogrande-script-facebook-sdk-js\" type=\"147c4135052f463de60ad0c5-text\/javascript\"><\/script><\/p>\n","protected":false},"excerpt":{"rendered":"<p>Uma a\u00e7\u00e3o integrada de fiscaliza\u00e7\u00e3o foi realizada neste s\u00e1bado (29), na regi\u00e3o central de Campo&#8230;<\/p>\n","protected":false},"author":2,"featured_media":0,"comment_status":"","ping_status":"","sticky":false,"template":"","format":"standard","meta":{"footnotes":""},"categories":[2],"tags":[],"class_list":["post-48182","post","type-post","status-publish","format-standard","hentry","category-jogos-ao-vivo"],"amp_enabled":true,"_links":{"self":[{"href":"https:\/\/ipatingafc.com.br\/index.php\/wp-json\/wp\/v2\/posts\/48182","targetHints":{"allow":["GET"]}}],"collection":[{"href":"https:\/\/ipatingafc.com.br\/index.php\/wp-json\/wp\/v2\/posts"}],"about":[{"href":"https:\/\/ipatingafc.com.br\/index.php\/wp-json\/wp\/v2\/types\/post"}],"author":[{"embeddable":true,"href":"https:\/\/ipatingafc.com.br\/index.php\/wp-json\/wp\/v2\/users\/2"}],"replies":[{"embeddable":true,"href":"https:\/\/ipatingafc.com.br\/index.php\/wp-json\/wp\/v2\/comments?post=48182"}],"version-history":[{"count":0,"href":"https:\/\/ipatingafc.com.br\/index.php\/wp-json\/wp\/v2\/posts\/48182\/revisions"}],"wp:attachment":[{"href":"https:\/\/ipatingafc.com.br\/index.php\/wp-json\/wp\/v2\/media?parent=48182"}],"wp:term":[{"taxonomy":"category","embeddable":true,"href":"https:\/\/ipatingafc.com.br\/index.php\/wp-json\/wp\/v2\/categories?post=48182"},{"taxonomy":"post_tag","embeddable":true,"href":"https:\/\/ipatingafc.com.br\/index.php\/wp-json\/wp\/v2\/tags?post=48182"}],"curies":[{"name":"wp","href":"https:\/\/api.w.org\/{rel}","templated":true}]}}