{"id":48185,"date":"2026-08-31T08:27:20","date_gmt":"2026-08-31T11:27:20","guid":{"rendered":"https:\/\/ipatingafc.com.br\/index.php\/2026\/08\/31\/fib-2026-transforma-sexta-feira-em-maratona-cultural-com-leo-foguete-turma-da-boiadeirinha-moda-gastronomia-e-atracoes-por-toda-bonito\/"},"modified":"2026-08-31T08:27:20","modified_gmt":"2026-08-31T11:27:20","slug":"fib-2026-transforma-sexta-feira-em-maratona-cultural-com-leo-foguete-turma-da-boiadeirinha-moda-gastronomia-e-atracoes-por-toda-bonito","status":"publish","type":"post","link":"https:\/\/ipatingafc.com.br\/index.php\/2026\/08\/31\/fib-2026-transforma-sexta-feira-em-maratona-cultural-com-leo-foguete-turma-da-boiadeirinha-moda-gastronomia-e-atracoes-por-toda-bonito\/","title":{"rendered":"FIB 2026 transforma sexta-feira em maratona cultural com L\u00e9o Foguete, Turma da Boiadeirinha, moda, gastronomia e atra\u00e7\u00f5es por toda Bonito"},"content":{"rendered":"<p><\/p>\n<div>\n<p>Bonito vive nesta sexta-feira (28) mais um dia de intensa programa\u00e7\u00e3o no Festival de Inverno de Bonito 2026. Das primeiras horas da manh\u00e3 at\u00e9 a meia-noite, diferentes espa\u00e7os da cidade recebem atra\u00e7\u00f5es que conectam m\u00fasica, dan\u00e7a, teatro, literatura, moda, artesanato, gastronomia e economia criativa, fazendo do munic\u00edpio um grande circuito de experi\u00eancias culturais.<\/p>\n<p>Entre os destaques do dia est\u00e3o os shows da Turma da Boiadeirinha, \u00e0s 17h30, e de L\u00e9o Foguete, que sobe ao Palco Lua \u00e0s 22h30 para encerrar a programa\u00e7\u00e3o musical da noite. Antes disso, o espa\u00e7o tamb\u00e9m recebe o DJ PK, \u00e0s 20h30, e o grupo Forrodiando o Forr\u00f3 do MS, \u00e0s 21h.<\/p>\n<p>A sexta-feira refor\u00e7a uma das marcas do FIB: uma programa\u00e7\u00e3o que vai muito al\u00e9m dos grandes shows e convida o p\u00fablico a circular pela cidade. Ao longo do dia, Pra\u00e7a da Liberdade, Palco Sol, Palco Sesc Estrela, Lounge Geek-Liter\u00e1rio, Capela Sagrada Fam\u00edlia, Stand MS+ Criativo e outros pontos de Bonito recebem atividades para diferentes p\u00fablicos.<\/p>\n<p><strong>Prefeitura de Bonito entrega 2,6 mil mochilas aos alunos da rede municipal \u2013 Prefeitura Municipal de Bonito<\/strong><\/p>\n<p><strong>Fiscaliza\u00e7\u00e3o paralisa evento sem licen\u00e7a ambiental \u2013 CGNot\u00edcias<\/strong><\/p>\n<p>A agenda come\u00e7a \u00e0s 8h, com a viv\u00eancia criativa \u201cCapivaras de Pel\u00facia\u201d, com Bel Paes, no Stand MS+ Criativo, e com a programa\u00e7\u00e3o \u201cUma Manh\u00e3 com Recrea\u00e7\u00e3o\u201d, no Palco Sesc Estrela. A emiss\u00e3o da Carteira de Artes\u00e3o tamb\u00e9m acontece pela manh\u00e3, das 8h \u00e0s 12h, no CMU.<\/p>\n<p>\u00c0s 9h, a Escola Municipal Herm\u00ednia Teixeira Siqueira recebe a conta\u00e7\u00e3o de hist\u00f3ria \u201cPantanal Fabuloso \u2013 O Homem e a On\u00e7a\u201d, com Jusley Souza. Durante o dia, a Pra\u00e7a da Liberdade concentra ainda espa\u00e7os dedicados ao artesanato de Mato Grosso do Sul e de Bonito, povos origin\u00e1rios, moda, economia criativa, bioeconomia e a Galeria Gruta Azul.<\/p>\n<p>Literatura e cultura pop tamb\u00e9m ganham espa\u00e7o nesta sexta. \u00c0s 14h, o Lounge Geek-Liter\u00e1rio recebe Sarah Muricy para a palestra \u201cQuem s\u00e3o nossas celebridades?\u201d. A partir das 16h, o espa\u00e7o abre ainda a programa\u00e7\u00e3o de games e, das 19h \u00e0s 22h, realiza o Campeonato de FC 25 Geek.<\/p>\n<p><strong>M\u00fasica, patrim\u00f4nio e identidade de MS<\/strong><\/p>\n<p><strong>Lan\u00e7ado edital para produ\u00e7\u00e3o de document\u00e1rio sobre os 40 anos do Procon\/MS \u2013 Ag\u00eancia de Noticias do Governo de Mato Grosso do Sul<\/strong><\/p>\n<p><strong>AVISO DE LICITA\u00c7\u00c3O PREG\u00c3O ELETR\u00d4NICO N\u00ba. 39\/2026 \u2013 CONTRATA\u00c7\u00c3O DE EMPRESA DE TECNOLOGIA DA INFORMA\u00c7\u00c3O PARA FORNECIMENTO DE LICEN\u00c7A DE DIREITO DE USO DE SOFTWARE E LICEN\u00c7A DE USO DE PLATAFORMA INTEGRADA DE \u201cVOUCHER DIGITAL\u201d EM AMBIENTE WEB E MOBILE, INCLUINDO IMPLANTA\u00c7\u00c3O, PARAMETRIZA\u00c7\u00c3O, MIGRA\u00c7\u00c3O DE DADOS, INTEGRA\u00c7\u00c3O SIST\u00caMICA, TREINAMENTO, SUPORTE T\u00c9CNICO, MANUTEN\u00c7\u00c3O EVOLUTIVA, CORRETIVA, ADAPTATIVA E LEGAL, VISANDO ATENDER \u00c0S NECESSIDADES OPERACIONAIS, ESTRAT\u00c9GICAS, ESTAT\u00cdSTICAS, AMBIENTAIS E DE GOVERNAN\u00c7A TUR\u00cdSTICA DA SECRETARIA DE TURISMO E DESENVOLVIMENTO ECON\u00d4MICO DE BONITO\/MS. \u2013 Prefeitura Municipal de Bonito<\/strong><\/p>\n<p>A partir da tarde, a m\u00fasica toma diferentes pontos do festival. O Sexteto D\u2019Sete se apresenta \u00e0s 16h no Palco Sesc Estrela. No Palco Sol, a sequ\u00eancia come\u00e7a com Wandersom Fonseca, \u00e0s 16h30, seguida pelo \u00c1lvaro Cesar Trio, \u00e0s 17h, Brass &amp; Beats Sextet, \u00e0s 17h40, e Grupo Festeiros do MS, \u00e0s 18h20.<\/p>\n<p>No Palco Lua, a Turma da Boiadeirinha se apresenta das 17h30 \u00e0s 18h30, levando ao festival uma atra\u00e7\u00e3o especialmente voltada ao p\u00fablico infantil e \u00e0s fam\u00edlias.<\/p>\n<p>\u00c0s 18h, a Catedral Erudita, na Capela Sagrada Fam\u00edlia, amplia o circuito cultural da noite com uma experi\u00eancia musical em um dos espa\u00e7os diferenciados desta edi\u00e7\u00e3o.<\/p>\n<p>O festival tamb\u00e9m abre espa\u00e7o para as artes c\u00eanicas. \u00c0s 21h, o Palco Sol recebe o Grupo Casa com o espet\u00e1culo teatral \u201cAs Grandes Miudezas do Pantanal\u201d. Depois, \u00e0s 21h40, \u00e9 a vez do show de Kelly Lopes. \u00c0s 22h10, o Corpo de Dan\u00e7a Sesc MS apresenta o espet\u00e1culo \u201cTe Amo\u201d, e, \u00e0s 22h50, a programa\u00e7\u00e3o do palco segue com o espet\u00e1culo de dan\u00e7a Underbattle.<\/p>\n<p><strong>Moda autoral, economia criativa e saberes regionais<\/strong><\/p>\n<p>Outro destaque da sexta \u00e9 o Desfile das Marcas Autorais de MS, das 19h30 \u00e0s 21h, na Pra\u00e7a da Liberdade, trazendo para o centro da programa\u00e7\u00e3o a criatividade, o design e a produ\u00e7\u00e3o de Mato Grosso do Sul.<\/p>\n<p>No Stand MS+ Criativo, diferentes encontros apresentam ao p\u00fablico os bastidores de marcas e empreendimentos do Estado. A agenda inclui Cacau Pantaneiro, Sacola de Brincar, Camalote \u2013 facas e carteiras, al\u00e9m de uma conversa sobre economia criativa e desenvolvimento do territ\u00f3rio e o lan\u00e7amento da marca da ONG Ind\u00edgenas Kadiw\u00e9u.<\/p>\n<p>Das 17h \u00e0s 22h, a Pra\u00e7a da Liberdade recebe ainda live painting com Gabriela, enquanto \u00e0s 19h acontece o Cortejo Brincante Fant\u00e1stico, movimentando o espa\u00e7o p\u00fablico e aproximando artistas e p\u00fablico.<\/p>\n<p>A gastronomia tamb\u00e9m ganha programa\u00e7\u00e3o pr\u00f3pria na Unidade M\u00f3vel da Gastronomia\/Senac. Entre as experi\u00eancias desta sexta est\u00e3o X-Bolo: o hamb\u00farguer que virou bolo, mini cheesecake no copo, brownie de Bauru, cr\u00e8me br\u00fbl\u00e9e de bocaiuva e tiramis\u00f9 no copo, combinando t\u00e9cnicas contempor\u00e2neas, tend\u00eancias gastron\u00f4micas e ingredientes regionais.<\/p>\n<p><strong>Noite termina com L\u00e9o Foguete no Palco Lua<\/strong><\/p>\n<p>A programa\u00e7\u00e3o noturna do Palco Lua come\u00e7a \u00e0s 20h30 com DJ PK. Das 21h \u00e0s 22h, sobe ao palco o grupo Forrodiando o Forr\u00f3 do MS. O DJ retorna das 22h \u00e0s 22h30, preparando o p\u00fablico para uma das atra\u00e7\u00f5es mais aguardadas desta sexta-feira.<\/p>\n<p>\u00c0s 22h30, L\u00e9o Foguete assume o Palco Lua, encerrando o terceiro dia de programa\u00e7\u00e3o do FIB 2026. O cantor chega a Bonito em um momento de proje\u00e7\u00e3o nacional e promete uma noite de repert\u00f3rio popular e grande participa\u00e7\u00e3o do p\u00fablico, fechando uma sexta-feira marcada pela diversidade de linguagens e pela ocupa\u00e7\u00e3o cultural de diferentes espa\u00e7os da cidade.<\/p>\n<p><strong>Programa\u00e7\u00e3o \u2013 sexta-feira (28\/08)<\/strong><\/p>\n<p>8h \u00e0s 10h \u2013 Stand MS+ Criativo \u2013 Viv\u00eancia Criativa: Capivaras de Pel\u00facia, com Bel Paes<br \/>8h \u00e0s 11h30 \u2013 Palco Sesc Estrela \u2013 Uma Manh\u00e3 com Recrea\u00e7\u00e3o<br \/>8h \u00e0s 12h \u2013 CMU \u2013 Emiss\u00e3o da Carteira de Artes\u00e3o<br \/>9h \u00e0s 10h \u2013 E.M. Herm\u00ednia Teixeira Siqueira \u2013 Conta\u00e7\u00e3o de hist\u00f3ria Pantanal Fabuloso \u2013 O Homem e a On\u00e7a, com Jusley Souza<br \/>9h \u00e0s 17h \u2013 Pra\u00e7a do CAT \u2013 Centro de Atendimento ao Turista \u2013 Bonitinho<br \/>10h \u00e0s 22h \u2013 Pra\u00e7a da Liberdade \u2013 Territ\u00f3rio de Talentos \u2013 Moda<br \/>10h \u00e0s 22h \u2013 Pra\u00e7a da Liberdade \u2013 Artesanato de MS, Artesanato de Bonito e Povos Origin\u00e1rios<br \/>10h \u00e0s 22h \u2013 Stand MS+ Criativo \u2013 Tenda Economia Criativa e Bioeconomia<br \/>10h \u00e0s 22h \u2013 Pra\u00e7a da Liberdade \u2013 Galeria Gruta Azul<br \/>14h \u2013 Lounge Geek-Liter\u00e1rio \u2013 Palestra Quem s\u00e3o nossas celebridades?, com Sarah Muricy<br \/>16h \u00e0s 20h \u2013 Roteiro Cultural \u2013 Hotel Para\u00edso das \u00c1guas \u2013 O Guardado<br \/>16h \u00e0s 20h \u2013 Roteiro Cultural \u2013 N. Sra. Aparecida, 989 \u2013 Casa Espiral<br \/>16h \u00e0s 20h \u2013 Roteiro Cultural \u2013 Rua 29 de Maio, 917 \u2013 Casa da Mem\u00f3ria Raida<br \/>16h \u00e0s 22h \u2013 Lounge Geek-Liter\u00e1rio \u2013 Espa\u00e7o Games<br \/>16h \u00e0s 16h30 \u2013 Palco Sesc Estrela \u2013 Sexteto D\u2019Sete<br \/>16h \u00e0s 17h \u2013 Unidade M\u00f3vel da Gastronomia\/Senac \u2013 X-Bolo<br \/>16h30 \u00e0s 16h50 \u2013 Palco Sol \u2013 Wandersom Fonseca<br \/>17h \u00e0s 17h30 \u2013 Palco Sol \u2013 \u00c1lvaro Cesar Trio<br \/>17h \u00e0s 22h \u2013 Pra\u00e7a da Liberdade \u2013 Live Painting com Gabriela<br \/>17h30 \u00e0s 18h30 \u2013 Palco Lua \u2013 Turma da Boiadeirinha<br \/>17h40 \u00e0s 18h10 \u2013 Palco Sol \u2013 Brass &amp; Beats Sextet<br \/>18h \u00e0s 19h \u2013 Capela Sagrada Fam\u00edlia \u2013 Catedral Erudita<br \/>18h20 \u00e0s 19h \u2013 Palco Sol \u2013 Grupo Festeiros do MS<br \/>19h \u00e0s 19h30 \u2013 Pra\u00e7a da Liberdade \u2013 Cortejo Brincante Fant\u00e1stico<br \/>19h30 \u00e0s 21h \u2013 Pra\u00e7a da Liberdade \u2013 Desfile das Marcas Autorais de MS<br \/>20h30 \u00e0s 21h \u2013 Palco Lua \u2013 DJ PK<br \/>21h \u00e0s 21h40 \u2013 Palco Sol \u2013 As Grandes Miudezas do Pantanal, Grupo Casa<br \/>21h \u00e0s 22h \u2013 Palco Lua \u2013 Forrodiando o Forr\u00f3 do MS<br \/>21h40 \u00e0s 22h10 \u2013 Palco Sol \u2013 Kelly Lopes<br \/>22h \u00e0s 22h30 \u2013 Palco Lua \u2013 DJ PK<br \/>22h10 \u00e0s 22h40 \u2013 Palco Sol \u2013 Corpo de Dan\u00e7a Sesc MS \u2013 Te Amo<br \/>22h30 \u00e0 0h \u2013 Palco Lua \u2013 L\u00e9o Foguete<br \/>22h50 \u00e0s 23h20 \u2013 Palco Sol \u2013 Espet\u00e1culo de Dan\u00e7a Underbattle<\/p>\n<p>O Festival de Inverno de Bonito 2026 \u00e9 uma realiza\u00e7\u00e3o do Estado de Mato Grosso do Sul e da Prefeitura de Bonito, com apoio do Sistema Fecom\u00e9rcio e Sebrae e patroc\u00ednio de O Botic\u00e1rio.<\/p>\n<p><em>Comunica\u00e7\u00e3o FIB 2026<\/em><\/p>\n<\/div>\n","protected":false},"excerpt":{"rendered":"<p>Bonito vive nesta sexta-feira (28) mais um dia de intensa programa\u00e7\u00e3o no Festival de Inverno&#8230;<\/p>\n","protected":false},"author":2,"featured_media":0,"comment_status":"","ping_status":"","sticky":false,"template":"","format":"standard","meta":{"footnotes":""},"categories":[2],"tags":[],"class_list":["post-48185","post","type-post","status-publish","format-standard","hentry","category-jogos-ao-vivo"],"amp_enabled":true,"_links":{"self":[{"href":"https:\/\/ipatingafc.com.br\/index.php\/wp-json\/wp\/v2\/posts\/48185","targetHints":{"allow":["GET"]}}],"collection":[{"href":"https:\/\/ipatingafc.com.br\/index.php\/wp-json\/wp\/v2\/posts"}],"about":[{"href":"https:\/\/ipatingafc.com.br\/index.php\/wp-json\/wp\/v2\/types\/post"}],"author":[{"embeddable":true,"href":"https:\/\/ipatingafc.com.br\/index.php\/wp-json\/wp\/v2\/users\/2"}],"replies":[{"embeddable":true,"href":"https:\/\/ipatingafc.com.br\/index.php\/wp-json\/wp\/v2\/comments?post=48185"}],"version-history":[{"count":0,"href":"https:\/\/ipatingafc.com.br\/index.php\/wp-json\/wp\/v2\/posts\/48185\/revisions"}],"wp:attachment":[{"href":"https:\/\/ipatingafc.com.br\/index.php\/wp-json\/wp\/v2\/media?parent=48185"}],"wp:term":[{"taxonomy":"category","embeddable":true,"href":"https:\/\/ipatingafc.com.br\/index.php\/wp-json\/wp\/v2\/categories?post=48185"},{"taxonomy":"post_tag","embeddable":true,"href":"https:\/\/ipatingafc.com.br\/index.php\/wp-json\/wp\/v2\/tags?post=48185"}],"curies":[{"name":"wp","href":"https:\/\/api.w.org\/{rel}","templated":true}]}}