{"id":48189,"date":"2026-08-31T14:39:18","date_gmt":"2026-08-31T17:39:18","guid":{"rendered":"https:\/\/ipatingafc.com.br\/index.php\/2026\/08\/31\/campanha-de-vacinacao-e-prorrogada-ate-12-de-setembro-na-cidade-prefeitura-da-cidade-do-rio-de-janeiro\/"},"modified":"2026-08-31T14:39:18","modified_gmt":"2026-08-31T17:39:18","slug":"campanha-de-vacinacao-e-prorrogada-ate-12-de-setembro-na-cidade-prefeitura-da-cidade-do-rio-de-janeiro","status":"publish","type":"post","link":"https:\/\/ipatingafc.com.br\/index.php\/2026\/08\/31\/campanha-de-vacinacao-e-prorrogada-ate-12-de-setembro-na-cidade-prefeitura-da-cidade-do-rio-de-janeiro\/","title":{"rendered":"Campanha de vacina\u00e7\u00e3o \u00e9 prorrogada at\u00e9 12 de setembro na cidade &#8211; Prefeitura da Cidade do Rio de Janeiro"},"content":{"rendered":"<p><\/p>\n<div id=\"main\">\n<div class=\"wrapper-breadcrumbs\" wp_automatic_readability=\"69.083665338645\">\n<div class=\"image-post\" wp_automatic_readability=\"34\">\n                     Desde 3 de agosto, 167 mil doses de vacinas foram aplicadas em crian\u00e7as e adolescentes &#8211; Fabio Motta \/ Prefeitura do Rio                  <\/div>\n<p>A Secretaria Municipal de Sa\u00fade (SMS) do Rio prorrogou a Campanha de Multivacina\u00e7\u00e3o para crian\u00e7as e adolescentes menores de 15 anos at\u00e9 o dia 12 de setembro em toda a cidade. Iniciada em 3 de agosto, a iniciativa foi estendida a fim de dar a oportunidade aos pais e respons\u00e1veis de atualizarem o esquema vacinal dos pequenos. At\u00e9 o momento, o p\u00fablico-alvo da campanha j\u00e1 recebeu 167 mil doses das vacinas ofertadas. Um dado destaca a ades\u00e3o da popula\u00e7\u00e3o carioca \u00e0 imuniza\u00e7\u00e3o: das mais de 107 mil cadernetas avaliadas pelas equipes de sa\u00fade, aproximadamente 51% j\u00e1 estavam em dia.<\/p>\n<p>O objetivo da campanha \u00e9 ampliar a cobertura vacinal, atualizar a situa\u00e7\u00e3o vacinal de crian\u00e7as e adolescentes e facilitar o acesso \u00e0s vacinas. A imuniza\u00e7\u00e3o est\u00e1 sendo realizada de forma seletiva, ou seja, cada caderneta \u00e9 avaliada pelas equipes de sa\u00fade e s\u00e3o aplicadas apenas as doses necess\u00e1rias para colocar a vacina\u00e7\u00e3o em dia. Os imunizantes mais aplicados at\u00e9 o momento na campanha foram contra influenza (36.528 doses), VIP (16.626), covid-19 (10.704), Pentavalente (10.394) e febre amarela (10.186).<\/p>\n<p>Todas as vacinas previstas no Calend\u00e1rio Nacional de Vacina\u00e7\u00e3o est\u00e3o dispon\u00edveis nas unidades de sa\u00fade e nos pontos extras de vacina\u00e7\u00e3o, conforme a faixa et\u00e1ria e a situa\u00e7\u00e3o vacinal de cada crian\u00e7a ou adolescente. Entre os imunizantes dispon\u00edveis para as crian\u00e7as est\u00e3o BCG, hepatites A e B, pentavalente, poliomielite (VIP), rotav\u00edrus, pneumoc\u00f3cicas, meningoc\u00f3cica C, febre amarela, tr\u00edplice viral, varicela, DTP, influenza e covid-19. J\u00e1 para os adolescentes, haver\u00e1 vacinas contra HPV (9 a 19 anos), meningoc\u00f3cica ACWY (11 a 14 anos), dengue (10 a 14 anos) e influenza.<\/p>\n<p>Atualmente, uma das doen\u00e7as que preocupam \u00e9 o sarampo, que vem registrando aumento de casos, principalmente em S\u00e3o Paulo. A vacina\u00e7\u00e3o \u00e9 a principal forma de preven\u00e7\u00e3o, e a prote\u00e7\u00e3o \u00e9 feita pela tr\u00edplice viral, dispon\u00edvel nas unidades de sa\u00fade durante toda a campanha.<\/p>\n<p>As vacinas s\u00e3o seguras e podem ser administradas no mesmo dia, permitindo que a caderneta seja atualizada em uma \u00fanica visita \u00e0 unidade de sa\u00fade. Em geral, as contraindica\u00e7\u00f5es s\u00e3o raras e se restringem a casos de rea\u00e7\u00e3o al\u00e9rgica grave a uma dose anterior ou a algum componente da vacina. Em caso de qualquer evento adverso ap\u00f3s a vacina\u00e7\u00e3o, os respons\u00e1veis devem procurar a unidade onde a dose foi aplicada para avalia\u00e7\u00e3o e acompanhamento.<\/p>\n<p>Para a vacina\u00e7\u00e3o, pais ou respons\u00e1veis devem apresentar documento de identifica\u00e7\u00e3o da crian\u00e7a ou do adolescente e, sempre que poss\u00edvel, a caderneta ou comprovantes de vacina\u00e7\u00e3o, para que a equipe de sa\u00fade possa avaliar o hist\u00f3rico vacinal.<\/p>\n<p>Os imunizantes est\u00e3o dispon\u00edveis em todas as 241 unidades de Aten\u00e7\u00e3o Prim\u00e1ria (cl\u00ednicas da fam\u00edlia e centros municipais de sa\u00fade) do munic\u00edpio e nas unidades do Super Centro Carioca de Vacina\u00e7\u00e3o em Botafogo (aberta todos os dias, das 8h \u00e0s 22h), na Zona Oeste (no ParkShoppingCampoGrande, seguindo o hor\u00e1rio de funcionamento do shopping) e na Zona Norte (Shopping Nova Am\u00e9rica). Para saber a unidade de Aten\u00e7\u00e3o Prim\u00e1ria mais pr\u00f3xima, basta acessar o portal Onde Ser Atendido.<\/p>\n<p>             <!-- Compartilhe ---><\/p>\n<p>\t\t\t <!-- TAGS --><\/p>\n<section class=\"category-tags\">\n<div class=\"marcacao-category\">\n<article class=\"category-post\">\n<p>Categoria: <\/p>\n<\/article>\n<li>31 de agosto de 2026<\/li><\/div>\n<article class=\"tags\">\n\t\t\t\t\tMarca\u00e7\u00f5es: Calend\u00e1rio Nacional de Vacina\u00e7\u00e3o campanha de multivacina\u00e7\u00e3o esquema vacinal<br \/><\/article>\n<\/section>\n<p>            <!-- Mais Not&iacute;cias --><\/p>\n<p>\t\t<!-- Conte&uacute;do SIDEBAR --><\/p><\/div>\n<\/p><\/div>\n","protected":false},"excerpt":{"rendered":"<p>Desde 3 de agosto, 167 mil doses de vacinas foram aplicadas em crian\u00e7as e adolescentes&#8230;<\/p>\n","protected":false},"author":2,"featured_media":0,"comment_status":"","ping_status":"","sticky":false,"template":"","format":"standard","meta":{"footnotes":""},"categories":[2],"tags":[],"class_list":["post-48189","post","type-post","status-publish","format-standard","hentry","category-jogos-ao-vivo"],"amp_enabled":true,"_links":{"self":[{"href":"https:\/\/ipatingafc.com.br\/index.php\/wp-json\/wp\/v2\/posts\/48189","targetHints":{"allow":["GET"]}}],"collection":[{"href":"https:\/\/ipatingafc.com.br\/index.php\/wp-json\/wp\/v2\/posts"}],"about":[{"href":"https:\/\/ipatingafc.com.br\/index.php\/wp-json\/wp\/v2\/types\/post"}],"author":[{"embeddable":true,"href":"https:\/\/ipatingafc.com.br\/index.php\/wp-json\/wp\/v2\/users\/2"}],"replies":[{"embeddable":true,"href":"https:\/\/ipatingafc.com.br\/index.php\/wp-json\/wp\/v2\/comments?post=48189"}],"version-history":[{"count":0,"href":"https:\/\/ipatingafc.com.br\/index.php\/wp-json\/wp\/v2\/posts\/48189\/revisions"}],"wp:attachment":[{"href":"https:\/\/ipatingafc.com.br\/index.php\/wp-json\/wp\/v2\/media?parent=48189"}],"wp:term":[{"taxonomy":"category","embeddable":true,"href":"https:\/\/ipatingafc.com.br\/index.php\/wp-json\/wp\/v2\/categories?post=48189"},{"taxonomy":"post_tag","embeddable":true,"href":"https:\/\/ipatingafc.com.br\/index.php\/wp-json\/wp\/v2\/tags?post=48189"}],"curies":[{"name":"wp","href":"https:\/\/api.w.org\/{rel}","templated":true}]}}