{"id":48202,"date":"2026-08-31T22:29:13","date_gmt":"2026-09-01T01:29:13","guid":{"rendered":"https:\/\/ipatingafc.com.br\/index.php\/2026\/08\/31\/alteracao-no-trajeto-do-transporte-coletivo-durante-interdicao-na-rua-jose-bonifacio-prefeitura-estancia-turistica-guaratingueta\/"},"modified":"2026-08-31T22:29:13","modified_gmt":"2026-09-01T01:29:13","slug":"alteracao-no-trajeto-do-transporte-coletivo-durante-interdicao-na-rua-jose-bonifacio-prefeitura-estancia-turistica-guaratingueta","status":"publish","type":"post","link":"https:\/\/ipatingafc.com.br\/index.php\/2026\/08\/31\/alteracao-no-trajeto-do-transporte-coletivo-durante-interdicao-na-rua-jose-bonifacio-prefeitura-estancia-turistica-guaratingueta\/","title":{"rendered":"Altera\u00e7\u00e3o no trajeto do transporte coletivo durante interdi\u00e7\u00e3o na Rua Jos\u00e9 Bonif\u00e1cio \u2013 Prefeitura Est\u00e2ncia Tur\u00edstica Guaratinguet\u00e1"},"content":{"rendered":"<p><\/p>\n<div>\n<p>LA Prefeitura de Guaratinguet\u00e1, por meio da Secretaria de Seguran\u00e7a e Mobilidade Urbana, informa que, devido \u00e0s adequa\u00e7\u00f5es asf\u00e1lticas realizadas na passagem de n\u00edvel da Rua Jos\u00e9 Bonif\u00e1cio, no Centro, a via est\u00e1 interditada a partir de hoje (31) e permanecer\u00e1 com a interdi\u00e7\u00e3o at\u00e9 quarta-feira (02), \u00e0s 12h.<\/p>\n<p>\u00a0<\/p>\n<p>Durante esse per\u00edodo, haver\u00e1 uma altera\u00e7\u00e3o tempor\u00e1ria no trajeto das linhas do Transporte Urbano de Guaratinguet\u00e1 (TUG). A mudan\u00e7a ocorre em raz\u00e3o da retirada da camada asf\u00e1ltica no local e tem como objetivo garantir a seguran\u00e7a dos pedestres e dos usu\u00e1rios do transporte coletivo durante a execu\u00e7\u00e3o dos servi\u00e7os.<\/p>\n<p>\u00a0<\/p>\n<p>As linhas do TUG que seguem pela Avenida Presidente Vargas e teriam acesso \u00e0 Rua Jos\u00e9 Bonif\u00e1cio ser\u00e3o desviadas pela Avenida Juscelino Kubitschek (JK).<\/p>\n<p>\u00a0<\/p>\n<p>Para os passageiros que seguem em dire\u00e7\u00e3o ao Centro, o desembarque ser\u00e1 realizado no ponto localizado pr\u00f3ximo \u00e0 Ponte Dr. Zerbini. A partir desse local, os \u00f4nibus seguir\u00e3o pela Avenida JK at\u00e9 a Rodovi\u00e1ria de Guaratinguet\u00e1.<\/p>\n<p>\u00a0<\/p>\n<p>A Prefeitura orienta os usu\u00e1rios do transporte coletivo a ficarem atentos \u00e0 altera\u00e7\u00e3o tempor\u00e1ria do trajeto e agradece a compreens\u00e3o durante a realiza\u00e7\u00e3o dos servi\u00e7os.<\/p>\n<\/p><\/div>\n","protected":false},"excerpt":{"rendered":"<p>LA Prefeitura de Guaratinguet\u00e1, por meio da Secretaria de Seguran\u00e7a e Mobilidade Urbana, informa que,&#8230;<\/p>\n","protected":false},"author":2,"featured_media":0,"comment_status":"","ping_status":"","sticky":false,"template":"","format":"standard","meta":{"footnotes":""},"categories":[2],"tags":[],"class_list":["post-48202","post","type-post","status-publish","format-standard","hentry","category-jogos-ao-vivo"],"amp_enabled":true,"_links":{"self":[{"href":"https:\/\/ipatingafc.com.br\/index.php\/wp-json\/wp\/v2\/posts\/48202","targetHints":{"allow":["GET"]}}],"collection":[{"href":"https:\/\/ipatingafc.com.br\/index.php\/wp-json\/wp\/v2\/posts"}],"about":[{"href":"https:\/\/ipatingafc.com.br\/index.php\/wp-json\/wp\/v2\/types\/post"}],"author":[{"embeddable":true,"href":"https:\/\/ipatingafc.com.br\/index.php\/wp-json\/wp\/v2\/users\/2"}],"replies":[{"embeddable":true,"href":"https:\/\/ipatingafc.com.br\/index.php\/wp-json\/wp\/v2\/comments?post=48202"}],"version-history":[{"count":0,"href":"https:\/\/ipatingafc.com.br\/index.php\/wp-json\/wp\/v2\/posts\/48202\/revisions"}],"wp:attachment":[{"href":"https:\/\/ipatingafc.com.br\/index.php\/wp-json\/wp\/v2\/media?parent=48202"}],"wp:term":[{"taxonomy":"category","embeddable":true,"href":"https:\/\/ipatingafc.com.br\/index.php\/wp-json\/wp\/v2\/categories?post=48202"},{"taxonomy":"post_tag","embeddable":true,"href":"https:\/\/ipatingafc.com.br\/index.php\/wp-json\/wp\/v2\/tags?post=48202"}],"curies":[{"name":"wp","href":"https:\/\/api.w.org\/{rel}","templated":true}]}}