{"id":48214,"date":"2026-09-01T14:57:20","date_gmt":"2026-09-01T17:57:20","guid":{"rendered":"https:\/\/ipatingafc.com.br\/index.php\/2026\/09\/01\/nova-base-operacional-dos-agentes-de-transito-entra-em-funcionamento-nesta-terca-feira-1o-agencia-de-noticias\/"},"modified":"2026-09-01T14:57:20","modified_gmt":"2026-09-01T17:57:20","slug":"nova-base-operacional-dos-agentes-de-transito-entra-em-funcionamento-nesta-terca-feira-1o-agencia-de-noticias","status":"publish","type":"post","link":"https:\/\/ipatingafc.com.br\/index.php\/2026\/09\/01\/nova-base-operacional-dos-agentes-de-transito-entra-em-funcionamento-nesta-terca-feira-1o-agencia-de-noticias\/","title":{"rendered":"Nova Base Operacional dos Agentes de Tr\u00e2nsito entra em funcionamento nesta ter\u00e7a-feira (1\u00ba) \u2013 Ag\u00eancia de Not\u00edcias"},"content":{"rendered":"<p><\/p>\n<div wp_automatic_readability=\"32\">\n<div class=\"col\" wp_automatic_readability=\"9\">\n<p class=\"mt-0\">\n\t\t\t\t\t\t<strong><br \/>\n\t\t\t\t\t\t\t<span class=\"far fa-calendar mr-1 mt-2\"\/><br \/>\n\t\t\t\t\t\t\t1 de setembro de 2026<br \/>\n\t\t\t\t\t\t\t<span class=\"far fa-clock ml-3 mt-2\"\/><br \/>\n\t\t\t\t\t\t\t14:48<br \/>\n\t\t\t\t\t\t<\/strong>\n\t\t\t\t\t<\/p>\n<p class=\"mb-0\">Por: <strong>Eduardo Santinon (esantinon@sorocaba.sp.gov.br)<\/strong><\/p>\n<\/p><\/div>\n<\/p><\/div>\n<div wp_automatic_readability=\"111\">\n<p>\u00a0<\/p>\n<figure id=\"attachment_195026\" aria-describedby=\"caption-attachment-195026\" style=\"width: 970px\" class=\"wp-caption aligncenter\"><figcaption id=\"caption-attachment-195026\" class=\"wp-caption-text\">Fotos: Michelle Alves<\/figcaption><\/figure>\n<p class=\"\">A Prefeitura de Sorocaba, por meio da Secretaria de Mobilidade (Semob), colocou em funcionamento a nova Base Operacional dos Agentes de Tr\u00e2nsito, nesta ter\u00e7a-feira (1\u00ba), a partir de sua inaugura\u00e7\u00e3o. A unidade est\u00e1 localizada na Rua Jos\u00e9 Joaquim de Lacerda, na Vila Odim, Zona Norte da cidade.<\/p>\n<p class=\"\">Posicionada estrategicamente na regi\u00e3o Leste da cidade, a nova base foi planejada para garantir mais agilidade no deslocamento das equipes, efici\u00eancia no atendimento \u00e0 popula\u00e7\u00e3o e melhores condi\u00e7\u00f5es de trabalho para o efetivo.<\/p>\n<p class=\"\">O pr\u00e9dio disp\u00f5e de amplo refeit\u00f3rio e espa\u00e7os dedicados ao descanso e \u00e0 troca de plant\u00e3o, valorizando o bem-estar dos profissionais. A estrutura conta, de imediato, com aproximadamente 60 agentes, de um total de 81 que atuam em Sorocaba, em turnos de revezamento, assegurando cobertura 24 horas no atendimento a ocorr\u00eancias e outras demandas de tr\u00e2nsito na cidade.<\/p>\n<p class=\"\">A base foi estruturada e dimensionada para receber os novos servidores aprovados em concurso p\u00fablico, j\u00e1 previsto para ocorrer. O local, edificado com investimentos decorrentes de parceria com a iniciativa privada, tamb\u00e9m possui espa\u00e7o exclusivo para a equipe de sinaliza\u00e7\u00e3o vi\u00e1ria, a otimizar a log\u00edstica e a integra\u00e7\u00e3o entre os setores operacionais.<\/p>\n<p class=\"\">Segundo a Semob, com essa nova sede operacional, a gest\u00e3o municipal reafirma o compromisso com a moderniza\u00e7\u00e3o, seguran\u00e7a, organiza\u00e7\u00e3o e fortalecimento dos servi\u00e7os de tr\u00e2nsito, em prol da mobilidade urbana. Na ocasi\u00e3o, a Semob oficializou ainda o recebimento de mais oito viaturas zero quil\u00f4metro, modelo Toyota Yaris Cross, para integrar a frota utilizada pelos agentes de tr\u00e2nsito, composta agora por 17 viaturas (8 yaris e 9 Corolla Cross) e nove motocicletas.<\/p>\n<p>\u00a0<\/p>\n<p>Contato e ato de inaugura\u00e7\u00e3o<\/p>\n<p class=\"\">Apesar da nova base operacional, os servi\u00e7os administrativos da Semob e o acesso da popula\u00e7\u00e3o, para solicita\u00e7\u00e3o de servi\u00e7os de tr\u00e2nsito, den\u00fancias ou esclarecimentos, continuam centralizados na sede dessa Secretaria, que fica na Rua Professor Dirceu Ferreira da Silva, 55, Alto da Boa Vista, com atendimento de segunda a sexta-feira, das 8h \u00e0s 16h30. Outras op\u00e7\u00f5es de contato s\u00e3o pelo WhatsApp (15) 99183-0037 ou pelo telefone 0800 118 0118. Tem ainda o e-mail: semob@sorocaba.sp.gov.br.<\/p>\n<p class=\"\">O evento de inaugura\u00e7\u00e3o contou com a presen\u00e7a do prefeito Rodrigo Manga; dos secret\u00e1rios municipais Carlos Eduardo Paschoini (Semob), Darwin de Almeida Rosa (Servi\u00e7os P\u00fablicos e Obras), Maur\u00edcio Campanati (Planejamento e Desenvolvimento Urbano), Rodrigo Alc\u00e2ntara (Comunica\u00e7\u00e3o); do ouvidor-geral do Munic\u00edpio, Gustavo Rodrigues; do comandante-geral da Guarda Civil Municipal (GCM) de Sorocaba, Davi Dutra, e do comandante-operacional Leandro Oliveira; do coordenador da Defesa Civil, Ricardo Arm\u00eanio, al\u00e9m do capit\u00e3o Kleber do Vale, comandante do 15\u00ba Grupamento do Corpo de Bombeiros de Sorocaba; do major Carlos, do 55\u00ba Batalh\u00e3o da Pol\u00edcia Militar de Sorocaba; e de agentes de tr\u00e2nsito e equipes da Semob. Alunos do 4\u00ba ano do Col\u00e9gio Adventista realizaram apresenta\u00e7\u00e3o musical que marcou a solenidade.<\/p>\n<p>\u00a0<\/p>\n<p><!-- Root element of PhotoSwipe. Must have class pswp. --><\/p><\/div>\n","protected":false},"excerpt":{"rendered":"<p>1 de setembro de 2026 14:48 Por: Eduardo Santinon (esantinon@sorocaba.sp.gov.br) \u00a0 Fotos: Michelle Alves A&#8230;<\/p>\n","protected":false},"author":2,"featured_media":0,"comment_status":"","ping_status":"","sticky":false,"template":"","format":"standard","meta":{"footnotes":""},"categories":[2],"tags":[],"class_list":["post-48214","post","type-post","status-publish","format-standard","hentry","category-jogos-ao-vivo"],"amp_enabled":true,"_links":{"self":[{"href":"https:\/\/ipatingafc.com.br\/index.php\/wp-json\/wp\/v2\/posts\/48214","targetHints":{"allow":["GET"]}}],"collection":[{"href":"https:\/\/ipatingafc.com.br\/index.php\/wp-json\/wp\/v2\/posts"}],"about":[{"href":"https:\/\/ipatingafc.com.br\/index.php\/wp-json\/wp\/v2\/types\/post"}],"author":[{"embeddable":true,"href":"https:\/\/ipatingafc.com.br\/index.php\/wp-json\/wp\/v2\/users\/2"}],"replies":[{"embeddable":true,"href":"https:\/\/ipatingafc.com.br\/index.php\/wp-json\/wp\/v2\/comments?post=48214"}],"version-history":[{"count":0,"href":"https:\/\/ipatingafc.com.br\/index.php\/wp-json\/wp\/v2\/posts\/48214\/revisions"}],"wp:attachment":[{"href":"https:\/\/ipatingafc.com.br\/index.php\/wp-json\/wp\/v2\/media?parent=48214"}],"wp:term":[{"taxonomy":"category","embeddable":true,"href":"https:\/\/ipatingafc.com.br\/index.php\/wp-json\/wp\/v2\/categories?post=48214"},{"taxonomy":"post_tag","embeddable":true,"href":"https:\/\/ipatingafc.com.br\/index.php\/wp-json\/wp\/v2\/tags?post=48214"}],"curies":[{"name":"wp","href":"https:\/\/api.w.org\/{rel}","templated":true}]}}