{"id":48215,"date":"2026-09-01T15:12:12","date_gmt":"2026-09-01T18:12:12","guid":{"rendered":"https:\/\/ipatingafc.com.br\/index.php\/2026\/09\/01\/projeto-leva-prevencao-a-violencia-contra-a-mulher-para-escolas-cgnoticias\/"},"modified":"2026-09-01T15:12:12","modified_gmt":"2026-09-01T18:12:12","slug":"projeto-leva-prevencao-a-violencia-contra-a-mulher-para-escolas-cgnoticias","status":"publish","type":"post","link":"https:\/\/ipatingafc.com.br\/index.php\/2026\/09\/01\/projeto-leva-prevencao-a-violencia-contra-a-mulher-para-escolas-cgnoticias\/","title":{"rendered":"Projeto leva preven\u00e7\u00e3o \u00e0 viol\u00eancia contra a mulher para escolas\u00a0 \u2013 CGNot\u00edcias"},"content":{"rendered":"<p><\/p>\n<div>\n<p>Estudantes do 5\u00ba ano de cinco escolas da Rede Municipal de Ensino (Reme) participar\u00e3o do \u201cClarisse me disse\u201d, projeto que utiliza literatura, teatro e atividades em sala de aula para abordar, de forma adequada \u00e0 inf\u00e2ncia, a viol\u00eancia dom\u00e9stica e familiar contra a mulher. A parceria foi firmada nesta segunda-feira (31) entre a Prefeitura de Campo Grande e o Tribunal de Justi\u00e7a de Mato Grosso do Sul (TJMS).\u00a0<\/p>\n<p>O trabalho tem como ponto de partida o livro infantil \u201cClarisse me disse\u201d, escrito e ilustrado pela ju\u00edza Caroline Costa de Camargo. A obra apresenta diferentes formas de viol\u00eancia e ajuda as crian\u00e7as a reconhecerem comportamentos abusivos, compreender rela\u00e7\u00f5es de respeito e identificar espa\u00e7os seguros de apoio.\u00a0<\/p>\n<p>\u201cClarisse nasceu para dizer a essas crian\u00e7as: a hist\u00f3ria que voc\u00ea recebeu n\u00e3o precisa ser a hist\u00f3ria que voc\u00ea vai escrever no futuro\u201d, afirmou Caroline. Para a autora, a aproxima\u00e7\u00e3o entre Justi\u00e7a e educa\u00e7\u00e3o permite que o tema chegue \u00e0s crian\u00e7as antes que situa\u00e7\u00f5es de viol\u00eancia sejam naturalizadas.\u00a0<\/p>\n<p><strong>AUTORIZA\u00c7\u00c3O DE INEXIGIBILIDADE DE LICITA\u00c7\u00c3O N\u00ba 24\/2026. \u2013 Prefeitura Municipal de Bonito<\/strong><\/p>\n<p><strong>Primt Itinerante encerra inscri\u00e7\u00f5es da 2\u00aa edi\u00e7\u00e3o no Jardim Canguru\u00a0 \u2013 CGNot\u00edcias<\/strong><\/p>\n<p>Em Campo Grande, participam inicialmente as escolas municipais Ana L\u00facia de Oliveira Batista, Iracema Maria Vicente, Prof.\u00aa Hilda de Souza Ferreira, Consulesa Margarida Maksoud Trad e Kam\u00e9 Adania. As unidades foram definidas a partir de crit\u00e9rios t\u00e9cnicos e pedag\u00f3gicos, considerando regi\u00f5es de maior vulnerabilidade social.\u00a0<\/p>\n<p>Antes das a\u00e7\u00f5es com os estudantes, professores indicados pelas escolas passar\u00e3o por forma\u00e7\u00e3o preparat\u00f3ria. Na sequ\u00eancia, as crian\u00e7as receber\u00e3o exemplares do livro e acompanhar\u00e3o uma dramatiza\u00e7\u00e3o da hist\u00f3ria. O tema continuar\u00e1 sendo trabalhado em sala, com leitura orientada, rodas de conversa, desenhos e reflex\u00f5es sobre respeito, conviv\u00eancia e prote\u00e7\u00e3o.\u00a0<\/p>\n<p>Durante a assinatura, a prefeita Adriane Lopes lembrou que a Reme j\u00e1 desenvolve a\u00e7\u00f5es voltadas ao enfrentamento da viol\u00eancia por meio do \u201cMeninas e Meninos Fortes\u201d e ressaltou a import\u00e2ncia de envolver meninas e meninos desde a inf\u00e2ncia. \u201cN\u00f3s temos que trabalhar tamb\u00e9m com os meninos na a\u00e7\u00e3o preventiva dentro das nossas escolas. Ent\u00e3o lan\u00e7amos o Meninas e Meninos Fortes e acredito que o \u2018Clarisse me disse\u2019 vem como uma grande parceria\u201d, afirmou.\u00a0<\/p>\n<p>Coordenadora Estadual da Mulher em Situa\u00e7\u00e3o de Viol\u00eancia Dom\u00e9stica e Familiar do TJMS, a desembargadora Sandra Regina da Silva Ribeiro Artioli explicou que as cinco unidades representam a etapa inicial do trabalho. \u201cCome\u00e7amos com cinco porque \u00e9 um projeto piloto, n\u00f3s precisamos ainda aprender com o caminhar do projeto. A ideia \u00e9 que se estenda realmente para outras escolas\u201d, disse.\u00a0<\/p>\n<p><strong>Banda Municipal conquista tr\u00eas trof\u00e9us no Campeonato Estadual de Bandas e Fanfarras \u2013 Prefeitura Municipal de Bonito<\/strong><\/p>\n<p><strong>Escola do SUAS completa 5 anos com 8,3 mil capacitados \u2013 CGNot\u00edcias<\/strong><\/p>\n<p>O termo tem vig\u00eancia de 12 meses e prev\u00ea o acompanhamento das a\u00e7\u00f5es nas escolas participantes. Ap\u00f3s a avalia\u00e7\u00e3o dessa primeira etapa, o \u201cClarisse me disse\u201d poder\u00e1 chegar a outras unidades da Reme.\u00a0<\/p>\n<\/div>\n<p><script async defer src=\"https:\/\/connect.facebook.net\/en_US\/sdk.js?ver=1#xfbml=1&amp;version=v3.2\" id=\"prefeitura-campogrande-script-facebook-sdk-js\" type=\"beb55d9462ba7edff2455f80-text\/javascript\"><\/script><\/p>\n","protected":false},"excerpt":{"rendered":"<p>Estudantes do 5\u00ba ano de cinco escolas da Rede Municipal de Ensino (Reme) participar\u00e3o do&#8230;<\/p>\n","protected":false},"author":2,"featured_media":0,"comment_status":"","ping_status":"","sticky":false,"template":"","format":"standard","meta":{"footnotes":""},"categories":[2],"tags":[],"class_list":["post-48215","post","type-post","status-publish","format-standard","hentry","category-jogos-ao-vivo"],"amp_enabled":true,"_links":{"self":[{"href":"https:\/\/ipatingafc.com.br\/index.php\/wp-json\/wp\/v2\/posts\/48215","targetHints":{"allow":["GET"]}}],"collection":[{"href":"https:\/\/ipatingafc.com.br\/index.php\/wp-json\/wp\/v2\/posts"}],"about":[{"href":"https:\/\/ipatingafc.com.br\/index.php\/wp-json\/wp\/v2\/types\/post"}],"author":[{"embeddable":true,"href":"https:\/\/ipatingafc.com.br\/index.php\/wp-json\/wp\/v2\/users\/2"}],"replies":[{"embeddable":true,"href":"https:\/\/ipatingafc.com.br\/index.php\/wp-json\/wp\/v2\/comments?post=48215"}],"version-history":[{"count":0,"href":"https:\/\/ipatingafc.com.br\/index.php\/wp-json\/wp\/v2\/posts\/48215\/revisions"}],"wp:attachment":[{"href":"https:\/\/ipatingafc.com.br\/index.php\/wp-json\/wp\/v2\/media?parent=48215"}],"wp:term":[{"taxonomy":"category","embeddable":true,"href":"https:\/\/ipatingafc.com.br\/index.php\/wp-json\/wp\/v2\/categories?post=48215"},{"taxonomy":"post_tag","embeddable":true,"href":"https:\/\/ipatingafc.com.br\/index.php\/wp-json\/wp\/v2\/tags?post=48215"}],"curies":[{"name":"wp","href":"https:\/\/api.w.org\/{rel}","templated":true}]}}